{"id":27366,"date":"2021-02-01T00:00:00","date_gmt":"2021-02-01T00:00:00","guid":{"rendered":"http:\/\/www.omio.fr\/window-seat\/non-classifiee\/les-thermes-historiques-deurope"},"modified":"2022-08-04T08:47:23","modified_gmt":"2022-08-04T08:47:23","slug":"les-thermes-historiques-deurope","status":"publish","type":"post","link":"https:\/\/www.omio.fr\/window-seat\/fr\/culture-lifestyle-fr\/les-thermes-historiques-deurope\/","title":{"rendered":"Les thermes historiques d\u2019Europe"},"content":{"rendered":"\n<p>L\u2019ann\u00e9e 2020 restera \u00e0 jamais celle du COVID. Peu importe votre milieu, le stress de l\u2019ann\u00e9e derni\u00e8re a d\u00e9pass\u00e9 de loin ses moments de joie. Notre bien-\u00eatre physique et mental a \u00e9t\u00e9 mis \u00e0 l\u2019\u00e9preuve de diff\u00e9rentes fa\u00e7ons inimaginables.<\/p>\n\n\n\n<p>Alors que la pand\u00e9mie continue \u00e0 faire rage, la nouvelle d\u2019un vaccin et les restrictions moins contraignantes nous ont permis de pousser un soupir de soulagement, mais nous allons tout de m\u00eame devoir recharger nos batteries une fois que nous pourrons voyager normalement !<\/p>\n\n\n\n<p>L\u2019Europe abonde de thermes. Passer un jour au spa est un moyen id\u00e9al pour vous g\u00e2ter apr\u00e8s de longues heures de travail, mais pour vous revitaliser compl\u00e8tement, rendez-vous dans ces 5 villes historiques d\u00e9sign\u00e9es comme les Grandes Villes d\u2019Eaux d\u2019Europe par l\u2019UNESCO. Une s\u00e9ance d\u00e9tox vous y attend pour \u00e9chapper au stress du monde moderne.&nbsp;<\/p>\n\n\n\n<p>La liste de l\u2019UNESCO compte 15 villes, mais nous avons rassembl\u00e9 ici nos 5 favorites de pays diff\u00e9rents.<\/p>\n\n\n\n<h3 class=\"wp-block-heading\"><strong>Baden-Baden, Allemagne<\/strong><\/h3>\n\n\n\n<p>Situ\u00e9e dans la For\u00eat Noire juste au-dessus du cours d\u2019eau Oos, <a href=\"https:\/\/www.omio.fr\/voyage\/baden-baden?utm_source=omio-magazine&amp;utm_medium=magazine&amp;utm_campaign=February%20&amp;utm_content=SpaTownUNESCO&amp;utm_term=FR_VoyageBadenBaden\" target=\"_blank\" rel=\"noreferrer noopener\">Baden-Baden<\/a> a longtemps \u00e9t\u00e9 synonyme de thermes. Les Romains s\u2019y sont install\u00e9s en l\u2019an 80 apr\u00e8s J.-C., emmenant avec eux la tradition des bains thermaux. Mais ce n\u2019est qu\u2019au XIXe si\u00e8cle que les Europ\u00e9ens ais\u00e9s ont commenc\u00e9 \u00e0 s\u2019y rendre pour se baigner dans ses eaux m\u00e9dicinales. Faites un tour dans les bains romains du R\u00f6merplats ou bien visitez le casino Spielbank situ\u00e9 dans l\u2019historique Kurhaus, autrefois lieu d&#8217;escapade thermale.<\/p>\n\n\n<div id=\"search-widget-overlay\" class=\"search-widget-overlay\">\r\n  <div class=\"search-widget-overlay__form\" data-search-widget-container>\r\n    <div class=\"search-widget-overlay__details\">\r\n      <button class=\"search-widget-overlay__close\" data-search-widget-close>\r\n        \u2715\r\n      <\/button>\r\n      <div class=\"search-widget-overlay__text\">\r\n        Baden-Baden      <\/div>\r\n    <\/div>\r\n\r\n  <\/div>\r\n<\/div>\r\n\r\n<div class=\"search-widget-cta\">\r\n  <button class=\"search-widget-cta__button\" data-search-widget-cta>\r\n    Billets pour Baden-Baden  <\/button>\r\n<\/div>\n\n\n<figure class=\"wp-block-image size-full\"><img decoding=\"async\" src=\"https:\/\/www.omio.fr\/window-seat\/wp-content\/uploads\/2022\/04\/2_Baden_Baden_Fullbleed_shutterstock_275587118-scaled.jpg\" alt=\"\" class=\"wp-image-17517\"\/><figcaption>La ville de Baden-Baden au large de la For\u00eat Noire a longtemps \u00e9t\u00e9 un lieu de retraite. Cr\u00e9dit : Shutterstock<\/figcaption><\/figure>\n\n\n\n<p>Verdoyante et resplendissante avec ses jardins et ses sentiers de randonn\u00e9e, la ville de Baden-Baden offre une retraite chaleureuse loin de l\u2019agitation urbaine, et ceci particuli\u00e8rement pendant la basse ou moyenne saison. Rendez-vous au spa Caracalla pour vous baigner dans les eaux de la source Friedrichsstolle dans ses piscines int\u00e9rieures et ext\u00e9rieures, ou bien offrez-vous un massage ou d\u2019autres soins. M\u00eame apr\u00e8s avoir pass\u00e9 une journ\u00e9e enti\u00e8re dans ce spa, vous aurez envie d\u2019y rester.<\/p>\n\n\n\n<figure class=\"wp-block-gallery columns-2 is-cropped wp-block-gallery-1 is-layout-flex wp-block-gallery-is-layout-flex\"><ul class=\"blocks-gallery-grid\"><li class=\"blocks-gallery-item\"><figure><img decoding=\"async\" src=\"https:\/\/www.omio.fr\/window-seat\/wp-content\/uploads\/2022\/04\/5_EditorialOnly_Baden_Baden_Caracalla_shutterstock_1820978303.jpg\" alt=\"\" data-id=\"17527\" data-link=\"https:\/\/www.omio.fr\/window-seat\/?attachment_id=17527\" class=\"wp-image-17527\"\/><figcaption class=\"blocks-gallery-item__caption\">Le spa Caracalla dispose de piscines int\u00e9rieures et ext\u00e9rieures pour vos s\u00e9ances de relaxation. Cr\u00e9dit : Shutterstock<\/figcaption><\/figure><\/li><li class=\"blocks-gallery-item\"><figure><img decoding=\"async\" src=\"https:\/\/www.omio.fr\/window-seat\/wp-content\/uploads\/2022\/04\/4_Baden_Badenshutterstock_78532423-scaled.jpg\" alt=\"\" data-id=\"17533\" data-full-url=\"https:\/\/www.omio.fr\/window-seat\/wp-content\/uploads\/2022\/04\/4_Baden_Badenshutterstock_78532423-scaled.jpg\" data-link=\"https:\/\/www.omio.fr\/window-seat\/?attachment_id=17533\" class=\"wp-image-17533\"\/><figcaption class=\"blocks-gallery-item__caption\">Le cadre pittoresque de la ville est parfait pour vous revitaliser. Cr\u00e9dit : Shutterstock<\/figcaption><\/figure><\/li><\/ul><\/figure>\n\n\n\n<p><strong><strong>O\u00f9 dormir \u00e0 Baden-Baden ? L\u2019Atlantic Park Hotel&nbsp;<\/strong><\/strong><br>Cet h\u00f4tel historique se trouve au large du cours d\u2019eau Oos et offre une vue sur le parc, et dispose de 53 chambres et suites dans son b\u00e2timent \u00e0 quatre \u00e9tages, d\u00e9cor\u00e9 avec un mobilier classique.&nbsp;<\/p>\n\n\n\n<h3 class=\"wp-block-heading\"><strong><strong>Luha\u010dovice, R\u00e9publique Tch\u00e8que<\/strong><\/strong><\/h3>\n\n\n\n<p>Bien que la ville de Karlovy Vary soit plus populaire, <a href=\"https:\/\/www.omio.fr\/bus\/republique-tcheque-8m5cu?utm_source=omio-magazine&amp;utm_medium=magazine&amp;utm_campaign=February%20&amp;utm_content=SpaTownUNESCO&amp;utm_term=FR_BusR%C3%A9publiqueTch%C3%A8que\" target=\"_blank\" rel=\"noreferrer noopener\">Luha\u010dovice<\/a> et ses 14 sources min\u00e9rales font partie des joyaux thermaux de la R\u00e9publique Tch\u00e8que. Situ\u00e9e \u00e0 la fronti\u00e8re de la Slovaquie dans la cha\u00eene de montagnes des Carpates, Luha\u010dovice ne compte que 6 000 habitants, ce qui assure une vraie relaxation. La ville poss\u00e8de une longue histoire de bien-\u00eatre datant des ann\u00e9es 1600, l\u2019\u00e9poque o\u00f9 la famille Serenyi a d\u00e9couvert un moyen de profiter des bienfaits des sources naturelles de la r\u00e9gion.<\/p>\n\n\n<div id=\"search-widget-overlay\" class=\"search-widget-overlay\">\r\n  <div class=\"search-widget-overlay__form\" data-search-widget-container>\r\n    <div class=\"search-widget-overlay__details\">\r\n      <button class=\"search-widget-overlay__close\" data-search-widget-close>\r\n        \u2715\r\n      <\/button>\r\n      <div class=\"search-widget-overlay__text\">\r\n        Luha\u010dovice      <\/div>\r\n    <\/div>\r\n\r\n  <\/div>\r\n<\/div>\r\n\r\n<div class=\"search-widget-cta\">\r\n  <button class=\"search-widget-cta__button\" data-search-widget-cta>\r\n    Billets pour Luha\u010dovice  <\/button>\r\n<\/div>\n\n\n<figure class=\"wp-block-gallery columns-2 wp-block-gallery-2 is-layout-flex wp-block-gallery-is-layout-flex\"><ul class=\"blocks-gallery-grid\"><li class=\"blocks-gallery-item\"><figure><img decoding=\"async\" src=\"https:\/\/www.omio.fr\/window-seat\/wp-content\/uploads\/2022\/04\/6_Luhacovice_shutterstock_77339056-scaled.jpg\" alt=\"\" data-id=\"17541\" data-link=\"https:\/\/www.omio.fr\/window-seat\/?attachment_id=17541\" class=\"wp-image-17541\"\/><figcaption class=\"blocks-gallery-item__caption\">Les visiteurs peuvent boire de 14 sources min\u00e9rales \u00e0 Luha\u010dovice. Cr\u00e9dit : Shutterstock<\/figcaption><\/figure><\/li><li class=\"blocks-gallery-item\"><figure><img decoding=\"async\" src=\"https:\/\/www.omio.fr\/window-seat\/wp-content\/uploads\/2022\/04\/7_Luhacovice_Jurkovic_House_Architect_shutterstock_1148336903-scaled.jpg\" alt=\"\" data-id=\"17547\" data-full-url=\"https:\/\/www.omio.fr\/window-seat\/wp-content\/uploads\/2022\/04\/7_Luhacovice_Jurkovic_House_Architect_shutterstock_1148336903-scaled.jpg\" data-link=\"https:\/\/www.omio.fr\/window-seat\/?attachment_id=17547\" class=\"wp-image-17547\"\/><figcaption class=\"blocks-gallery-item__caption\">L\u2019architecture f\u00e9erique de la ville a \u00e9t\u00e9 pens\u00e9e par l\u2019architecte Du\u0161an Jurkovi\u010d. Cr\u00e9dit : Shutterstock<\/figcaption><\/figure><\/li><\/ul><\/figure>\n\n\n\n<p>Rendez-vous au L\u00e1ze\u0148sk\u00e9 n\u00e1m\u011bst\u00ed (Place des Thermes) et contemplez les \u0153uvres de Du\u0161an Jurkovi\u010d. Cet architecte local a jou\u00e9 un r\u00f4le primordial dans la restructuration de la ville afin de lui donner une allure f\u00e9erique \u00e0 travers ses travaux au Slune\u010dn\u00ed l\u00e1zn\u011b (Bains de Soleil) et au Vodol\u00e9\u010debn\u00e9ho \u00fastavu (Centre d&#8217;hydroth\u00e9rapie). D\u00e9tendez-vous lors d\u2019un s\u00e9jour d\u2019une semaine approuv\u00e9 par des m\u00e9decins, pendant lequel vous pourrez boire de plusieurs sources qui permettraient de gu\u00e9rir des maladies respiratoires, musculo-squelettiques, digestives et circulatoires.<\/p>\n\n\n\n<p><strong><strong>O\u00f9 dormir \u00e0 Luha\u010dovice<\/strong> <strong>?<\/strong> <strong>Hotel Radun<\/strong><\/strong><br>Cet h\u00f4tel-boutique familial situ\u00e9 en dehors du centre-ville propose 15 chambres avec vue sur la source Aloiska et offre des soins de bien-\u00eatre \u00e0 ses invit\u00e9s dans son propre spa.<\/p>\n\n\n\n<h3 class=\"wp-block-heading\"><strong>Montecatini Terme, Italie<\/strong><\/h3>\n\n\n\n<p>Les Italiens font partie des premiers \u00e0 reconna\u00eetre les bienfaits des sources d\u2019eau naturelles. Il n\u2019est donc pas surprenant que la ville toscane <a href=\"https:\/\/www.omio.fr\/voyage\/italie?utm_source=omio-magazine&amp;utm_medium=magazine&amp;utm_campaign=February%20&amp;utm_content=SpaTownUNESCO&amp;utm_term=FR_VoyageItalie\" target=\"_blank\" rel=\"noreferrer noopener\">Montecatini Terme<\/a> soit la ville thermale historique la plus connue en Europe. Les Romains y ont construit les premiers bains, mais c\u2019est Pierre-L\u00e9opold de Habsbourg-Lorraine qui a consolid\u00e9 les sources au XVIIIe si\u00e8cle en b\u00e2tissant le Bagno Regio (Bain Imp\u00e9rial) et les Thermes Leopoldine parmi d\u2019autres.\u00a0<\/p>\n\n\n<div id=\"search-widget-overlay\" class=\"search-widget-overlay\">\r\n  <div class=\"search-widget-overlay__form\" data-search-widget-container>\r\n    <div class=\"search-widget-overlay__details\">\r\n      <button class=\"search-widget-overlay__close\" data-search-widget-close>\r\n        \u2715\r\n      <\/button>\r\n      <div class=\"search-widget-overlay__text\">\r\n        Montecatini Terme      <\/div>\r\n    <\/div>\r\n\r\n  <\/div>\r\n<\/div>\r\n\r\n<div class=\"search-widget-cta\">\r\n  <button class=\"search-widget-cta__button\" data-search-widget-cta>\r\n    Billets pour Montecatini Terme  <\/button>\r\n<\/div>\n\n\n<figure class=\"wp-block-gallery columns-1 is-cropped wp-block-gallery-3 is-layout-flex wp-block-gallery-is-layout-flex\"><ul class=\"blocks-gallery-grid\"><li class=\"blocks-gallery-item\"><figure><img decoding=\"async\" src=\"https:\/\/www.omio.fr\/window-seat\/wp-content\/uploads\/2022\/04\/8_Montecatini_Terme_eyeem-100033628-130431706-2-scaled.jpg\" alt=\"\" data-id=\"17554\" data-full-url=\"https:\/\/www.omio.fr\/window-seat\/wp-content\/uploads\/2022\/04\/8_Montecatini_Terme_eyeem-100033628-130431706-2-scaled.jpg\" data-link=\"https:\/\/www.omio.fr\/window-seat\/?attachment_id=17554\" class=\"wp-image-17554\"\/><figcaption class=\"blocks-gallery-item__caption\">Montecatini Terme se trouve dans la partie rurale de Toscane. Cr\u00e9dit : EyeEm<\/figcaption><\/figure><\/li><\/ul><\/figure>\n\n\n\n<p>D\u00e9ambulez sous les arbres dans les avenues, puis prenez l\u2019ancien funiculaire de Viale Verdi vers la Piazza Giusti pour y admirer les Apennins et le Val di Nievole. Rendez-vous dans le complexe Tettuccio Terme pour contempler les fresques minutieux et des chefs-d&#8217;\u0153uvre Art Nouveau tout en buvant des autels en marbre o\u00f9 jaillissent des eaux provenant des quatre sources principales de la ville.&nbsp;<\/p>\n\n\n\n<figure class=\"wp-block-gallery columns-2 is-cropped wp-block-gallery-4 is-layout-flex wp-block-gallery-is-layout-flex\"><ul class=\"blocks-gallery-grid\"><li class=\"blocks-gallery-item\"><figure><img decoding=\"async\" src=\"https:\/\/www.omio.fr\/window-seat\/wp-content\/uploads\/2022\/04\/9_Montecatini_Terme_gulzada-bektemirova-_xw6eFdECY8-unsplash-scaled.jpg\" alt=\"\" data-id=\"17560\" data-link=\"https:\/\/www.omio.fr\/window-seat\/?attachment_id=17560\" class=\"wp-image-17560\"\/><figcaption class=\"blocks-gallery-item__caption\">Pierre-L\u00e9opold de Habsbourg-Lorraine a fait construire les Thermes Leopoldine au XVIIIe si\u00e8cle. Cr\u00e9dit : Gulzada Bektemirova \/ Unsplash<\/figcaption><\/figure><\/li><li class=\"blocks-gallery-item\"><figure><img decoding=\"async\" src=\"https:\/\/www.omio.fr\/window-seat\/wp-content\/uploads\/2022\/04\/10_Montecatini_Terme_eyeem-100033628-143151775-scaled.jpg\" alt=\"\" data-id=\"17567\" data-full-url=\"https:\/\/www.omio.fr\/window-seat\/wp-content\/uploads\/2022\/04\/10_Montecatini_Terme_eyeem-100033628-143151775-scaled.jpg\" data-link=\"https:\/\/www.omio.fr\/window-seat\/?attachment_id=17567\" class=\"wp-image-17567\"\/><figcaption class=\"blocks-gallery-item__caption\">Les Thermes Leopoldine sont toujours en activit\u00e9, offrant des eaux r\u00e9g\u00e9n\u00e9rantes. Cr\u00e9dit : EyeEm<\/figcaption><\/figure><\/li><\/ul><\/figure>\n\n\n\n<p><strong>O\u00f9 dormir \u00e0 Montecatini Terme ? Hotel Adua &amp; Regina di Saba<\/strong><br>Ce lieu de retraite au d\u00e9cor color\u00e9 dispose d\u2019un spa et de piscines ouvertes toute l\u2019ann\u00e9e, ainsi que des chambres et suites \u00e9quip\u00e9es de spa et d&#8217;\u00e9quipements modernes.<\/p>\n\n\n\n<h3 class=\"wp-block-heading\"><strong>Spa, Belgique<\/strong><\/h3>\n\n\n\n<p>Le nom de la ville dit tout. <a href=\"https:\/\/www.omio.fr\/voyage\/belgique?utm_source=omio-magazine&amp;utm_medium=magazine&amp;utm_campaign=February%20&amp;utm_content=SpaTownUNESCO&amp;utm_term=FR_VoyageBelgique\" target=\"_blank\" rel=\"noreferrer noopener\">Spa<\/a> offre une retraite calme dans la r\u00e9gion des Ardennes. C&#8217;est une ville thermale favorite des habitants locaux depuis longtemps, mais assez n\u00e9glig\u00e9e par les \u00e9trangers. Mais cela pourrait bien changer cette ann\u00e9e puisque le bien-\u00eatre devient une priorit\u00e9 pour nombreux d\u2019entre nous.<\/p>\n\n\n<div id=\"search-widget-overlay\" class=\"search-widget-overlay\">\r\n  <div class=\"search-widget-overlay__form\" data-search-widget-container>\r\n    <div class=\"search-widget-overlay__details\">\r\n      <button class=\"search-widget-overlay__close\" data-search-widget-close>\r\n        \u2715\r\n      <\/button>\r\n      <div class=\"search-widget-overlay__text\">\r\n        Spa      <\/div>\r\n    <\/div>\r\n\r\n  <\/div>\r\n<\/div>\r\n\r\n<div class=\"search-widget-cta\">\r\n  <button class=\"search-widget-cta__button\" data-search-widget-cta>\r\n    Billets pour Spa  <\/button>\r\n<\/div>\n\n\n<p>Les origines th\u00e9rapeutiques sont \u00e9videmment Romaines, avec le philosophe Pline l\u2019Ancien faisant l\u2019\u00e9loge des bienfaits de ses eaux curatives au d\u00e9but du premier si\u00e8cle apr\u00e8s J.C. Gr\u00e2ce \u00e0 Pierre le Grand, la noblesse europ\u00e9enne est arriv\u00e9e en masse dans cette ville Art Nouveau au XVIIIe si\u00e8cle, mais sa popularit\u00e9 en tant que ville thermale a d\u00e9clin\u00e9 en faveur de Baden Baden et Vichy.<\/p>\n\n\n\n<figure class=\"wp-block-gallery columns-2 wp-block-gallery-5 is-layout-flex wp-block-gallery-is-layout-flex\"><ul class=\"blocks-gallery-grid\"><li class=\"blocks-gallery-item\"><figure><img decoding=\"async\" src=\"https:\/\/www.omio.fr\/window-seat\/wp-content\/uploads\/2022\/04\/11_Thermes_de_Spa-scaled.jpg\" alt=\"\" data-id=\"17576\" data-link=\"https:\/\/www.omio.fr\/window-seat\/?attachment_id=17576\" class=\"wp-image-17576\"\/><figcaption class=\"blocks-gallery-item__caption\">Les Thermes Spa est un complexe moderne situ\u00e9 dans les bois, accessible en funiculaire. Cr\u00e9dit : Les Thermes Spa<\/figcaption><\/figure><\/li><li class=\"blocks-gallery-item\"><figure><img decoding=\"async\" src=\"https:\/\/www.omio.fr\/window-seat\/wp-content\/uploads\/2022\/04\/12_Thermes_de_Spa_2-scaled.jpg\" alt=\"\" data-id=\"17582\" data-full-url=\"https:\/\/www.omio.fr\/window-seat\/wp-content\/uploads\/2022\/04\/12_Thermes_de_Spa_2-scaled.jpg\" data-link=\"https:\/\/www.omio.fr\/window-seat\/?attachment_id=17582\" class=\"wp-image-17582\"\/><figcaption class=\"blocks-gallery-item__caption\">Plongez dans des eaux riches en fer dans ces thermes bucoliques. Cr\u00e9dit : Les Thermes Spa<\/figcaption><\/figure><\/li><\/ul><\/figure>\n\n\n\n<p>Prenez le funiculaire en direction des Thermes Spa, un complexe moderne avec des piscines int\u00e9rieures et ext\u00e9rieures, ainsi que des saunas et des bains de vapeur. Plongez dans des eaux riches en fer dans des baignoires en cuivre tout en contemplant une vue sur la verdoyante for\u00eat wallonne depuis les baies vitr\u00e9es. Dites adieu au stress et \u00e0 l\u2019hypertension tout en rajeunissant votre corps.<\/p>\n\n\n\n<p><strong>O\u00f9 dormir \u00e0 Spa ? Le Manoir de L\u00e9bioles<\/strong><br>Autrefois manoir somptueux, cet h\u00f4tel est \u00e9quip\u00e9 de nombreux \u00e9quipements luxueux, de son centre de bien-\u00eatre \u00e0 ses lits \u00e0 baldaquin, sans oublier les chambres disposant chacune d\u2019une chemin\u00e9e.<\/p>\n\n\n\n<h3 class=\"wp-block-heading\"><strong>Vichy, France<\/strong><\/h3>\n\n\n\n<p><a href=\"https:\/\/www.omio.fr\/voyage\/vichy?utm_source=omio-magazine&amp;utm_medium=magazine&amp;utm_campaign=February%20&amp;utm_content=SpaTownUNESCO&amp;utm_term=FR_VoyageVichy\" target=\"_blank\" rel=\"noreferrer noopener\">Vichy<\/a>, la Reine des Villes d\u2019Eaux, \u00e9voque imm\u00e9diatement des images de bien-\u00eatre puisque ses thermes offrent les meilleurs soins th\u00e9rapeutiques. La ville est \u00e9galement connue pour son histoire militaire controvers\u00e9e en tant que capitale du r\u00e9gime de Vichy de 1940 \u00e0 1944. Situ\u00e9e en Auvergne, \u00e0 trois heures de Paris, elle a des racines profondes avec l\u2019industrie du bien-\u00eatre. Les Romains y ont cr\u00e9\u00e9 une version ancienne du sauna, et au XVIIIe si\u00e8cle, le Dr. Jacques-Fran\u00e7ois Chomel a modernis\u00e9 cette pratique. Un si\u00e8cle plus tard, Napol\u00e9on III a d\u00e9cr\u00e9t\u00e9 que Vichy \u00e9tait la ville thermale pr\u00e9\u00e9minente d\u2019Europe dans le but de l&#8217;emporter sur les Allemands.\u00a0<\/p>\n\n\n<div id=\"search-widget-overlay\" class=\"search-widget-overlay\">\r\n  <div class=\"search-widget-overlay__form\" data-search-widget-container>\r\n    <div class=\"search-widget-overlay__details\">\r\n      <button class=\"search-widget-overlay__close\" data-search-widget-close>\r\n        \u2715\r\n      <\/button>\r\n      <div class=\"search-widget-overlay__text\">\r\n        Vichy      <\/div>\r\n    <\/div>\r\n\r\n  <\/div>\r\n<\/div>\r\n\r\n<div class=\"search-widget-cta\">\r\n  <button class=\"search-widget-cta__button\" data-search-widget-cta>\r\n    Billets pour Vichy  <\/button>\r\n<\/div>\n\n\n<figure class=\"wp-block-gallery columns-2 is-cropped wp-block-gallery-6 is-layout-flex wp-block-gallery-is-layout-flex\"><ul class=\"blocks-gallery-grid\"><li class=\"blocks-gallery-item\"><figure><img decoding=\"async\" src=\"https:\/\/www.omio.fr\/window-seat\/wp-content\/uploads\/2022\/04\/13_EditorialOnly_Vichy_Celestins_Source_Mineral_Water_shutterstock_1820210987-scaled.jpg\" alt=\"\" data-id=\"17590\" data-link=\"https:\/\/www.omio.fr\/window-seat\/?attachment_id=17590\" class=\"wp-image-17590\"\/><figcaption class=\"blocks-gallery-item__caption\">Vichy est surnomm\u00e9e la Reine des Villes d\u2019Eaux en raison de son histoire riche comme ville de retraite des aristocrates europ\u00e9ens. Cr\u00e9dit : Shutterstock<\/figcaption><\/figure><\/li><li class=\"blocks-gallery-item\"><figure><img decoding=\"async\" src=\"https:\/\/www.omio.fr\/window-seat\/wp-content\/uploads\/2022\/04\/14_Vichy_Thermal_Pump_Room_shutterstock_711027667-scaled.jpg\" alt=\"\" data-id=\"17596\" data-full-url=\"https:\/\/www.omio.fr\/window-seat\/wp-content\/uploads\/2022\/04\/14_Vichy_Thermal_Pump_Room_shutterstock_711027667-scaled.jpg\" data-link=\"https:\/\/www.omio.fr\/window-seat\/?attachment_id=17596\" class=\"wp-image-17596\"\/><figcaption class=\"blocks-gallery-item__caption\">Les visiteurs affluent au Hall des Sources, une salle avec des buvettes o\u00f9 coulent les eaux th\u00e9rapeutiques de la r\u00e9gion. Cr\u00e9dit : Shutterstock<\/figcaption><\/figure><\/li><\/ul><\/figure>\n\n\n\n<p>Commencez votre aventure curative au Parc des Sources, un espace vert cr\u00e9\u00e9 par Napol\u00e9on III. D\u00e9ambulez sous les ch\u00e2taigniers tout en contemplant les \u00e9difices Art Nouveau. Dans l\u2019historique Hall des Sources, une structure de fer et de verre construite en 1903, vous rencontrerez des habitants locaux affluant pour boire l\u2019eau venant de six sources, toutes aux bienfaits th\u00e9rapeutiques. Offrez-vous \u00e9galement d\u2019autres soins qui y sont propos\u00e9s, destin\u00e9s \u00e0 soulager les maladies digestives et circulatoires.<\/p>\n\n\n\n<p><strong>O\u00f9 dormir \u00e0 Vichy ? H\u00f4tel de Grignan<\/strong><br>\u00c0 quelques pas des bains thermaux, cet h\u00f4tel luxueux propose un centre de bien-\u00eatre, un hammam complet, ainsi que des chambres modernes aux meubles en cuir et des bains spa.<\/p>\n","protected":false},"excerpt":{"rendered":"<p>L\u2019ann\u00e9e 2020 restera \u00e0 jamais celle du COVID. Peu importe votre milieu, le stress de l\u2019ann\u00e9e derni\u00e8re a d\u00e9pass\u00e9 de loin ses moments de joie. Notre bien-\u00eatre physique et mental a \u00e9t\u00e9 mis \u00e0 l\u2019\u00e9preuve de diff\u00e9rentes fa\u00e7ons inimaginables. Alors que la pand\u00e9mie continue \u00e0 faire rage, la nouvelle d\u2019un vaccin et les restrictions moins&hellip; <a class=\"more-link\" href=\"https:\/\/www.omio.fr\/window-seat\/fr\/culture-lifestyle-fr\/les-thermes-historiques-deurope\/\">Continue reading <span class=\"screen-reader-text\">Les thermes historiques d\u2019Europe<\/span><\/a><\/p>\n","protected":false},"author":6,"featured_media":21504,"comment_status":"open","ping_status":"open","sticky":false,"template":"","format":"standard","meta":{"_acf_changed":false,"inline_featured_image":false,"footnotes":""},"categories":[1991,1987],"tags":[],"position_ids":[],"class_list":["post-27366","post","type-post","status-publish","format-standard","has-post-thumbnail","hentry","category-bien-etre","category-culture-lifestyle-fr","entry"],"acf":[],"yoast_head":"<!-- This site is optimized with the Yoast SEO plugin v24.9 - https:\/\/yoast.com\/wordpress\/plugins\/seo\/ -->\n<title>Cure thermale : les bains thermaux historiques d&#039;Europe | Omio<\/title>\n<meta name=\"description\" content=\"L&#039;Europe abonde de bains thermaux list\u00e9s au patrimoine mondial de l&#039;UNESCO. 1.Baden-Baden, Allemagne 2.Montecatini Terme, Italie 3.Spa, Belgique 4.Vichy 5.Luha\u010dovice, R\u00e9publique Tch\u00e8que\" \/>\n<meta name=\"robots\" content=\"index, follow, max-snippet:-1, max-image-preview:large, max-video-preview:-1\" \/>\n<link rel=\"canonical\" href=\"https:\/\/www.omio.fr\/window-seat\/culture-lifestyle-fr\/les-thermes-historiques-deurope\/\" \/>\n<meta property=\"og:locale\" content=\"en_US\" \/>\n<meta property=\"og:type\" content=\"article\" \/>\n<meta property=\"og:title\" content=\"Cure thermale : les bains thermaux historiques d&#039;Europe | Omio\" \/>\n<meta property=\"og:description\" content=\"L&#039;Europe abonde de bains thermaux list\u00e9s au patrimoine mondial de l&#039;UNESCO. 1.Baden-Baden, Allemagne 2.Montecatini Terme, Italie 3.Spa, Belgique 4.Vichy 5.Luha\u010dovice, R\u00e9publique Tch\u00e8que\" \/>\n<meta property=\"og:url\" content=\"https:\/\/www.omio.fr\/window-seat\/fr\/culture-lifestyle-fr\/les-thermes-historiques-deurope\/\" \/>\n<meta property=\"og:site_name\" content=\"The Window Seat\" \/>\n<meta property=\"article:published_time\" content=\"2021-02-01T00:00:00+00:00\" \/>\n<meta property=\"article:modified_time\" content=\"2022-08-04T08:47:23+00:00\" \/>\n<meta property=\"og:image\" content=\"https:\/\/www.omio.fr\/window-seat\/wp-content\/uploads\/2022\/04\/1_Vichy_shutterstock_708187483-scaled.jpg\" \/>\n\t<meta property=\"og:image:width\" content=\"2560\" \/>\n\t<meta property=\"og:image:height\" content=\"1709\" \/>\n\t<meta property=\"og:image:type\" content=\"image\/jpeg\" \/>\n<meta name=\"author\" content=\"Shandana A. Durrani\" \/>\n<meta name=\"twitter:card\" content=\"summary_large_image\" \/>\n<meta name=\"twitter:label1\" content=\"Written by\" \/>\n\t<meta name=\"twitter:data1\" content=\"Shandana A. Durrani\" \/>\n\t<meta name=\"twitter:label2\" content=\"Est. reading time\" \/>\n\t<meta name=\"twitter:data2\" content=\"8 minutes\" \/>\n<script type=\"application\/ld+json\" class=\"yoast-schema-graph\">{\"@context\":\"https:\/\/schema.org\",\"@graph\":[{\"@type\":\"WebPage\",\"@id\":\"https:\/\/www.omio.fr\/window-seat\/fr\/culture-lifestyle-fr\/les-thermes-historiques-deurope\/\",\"url\":\"https:\/\/www.omio.fr\/window-seat\/fr\/culture-lifestyle-fr\/les-thermes-historiques-deurope\/\",\"name\":\"Cure thermale : les bains thermaux historiques d'Europe | Omio\",\"isPartOf\":{\"@id\":\"https:\/\/www.omio.fr\/window-seat\/#website\"},\"primaryImageOfPage\":{\"@id\":\"https:\/\/www.omio.fr\/window-seat\/fr\/culture-lifestyle-fr\/les-thermes-historiques-deurope\/#primaryimage\"},\"image\":{\"@id\":\"https:\/\/www.omio.fr\/window-seat\/fr\/culture-lifestyle-fr\/les-thermes-historiques-deurope\/#primaryimage\"},\"thumbnailUrl\":\"https:\/\/www.omio.fr\/window-seat\/wp-content\/uploads\/2022\/04\/1_Vichy_shutterstock_708187483-scaled.jpg\",\"datePublished\":\"2021-02-01T00:00:00+00:00\",\"dateModified\":\"2022-08-04T08:47:23+00:00\",\"author\":{\"@id\":\"https:\/\/www.omio.fr\/window-seat\/#\/schema\/person\/81210fb35284060e7a6c47d3af159bf5\"},\"description\":\"L'Europe abonde de bains thermaux list\u00e9s au patrimoine mondial de l'UNESCO. 1.Baden-Baden, Allemagne 2.Montecatini Terme, Italie 3.Spa, Belgique 4.Vichy 5.Luha\u010dovice, R\u00e9publique Tch\u00e8que\",\"breadcrumb\":{\"@id\":\"https:\/\/www.omio.fr\/window-seat\/fr\/culture-lifestyle-fr\/les-thermes-historiques-deurope\/#breadcrumb\"},\"inLanguage\":\"en-US\",\"potentialAction\":[{\"@type\":\"ReadAction\",\"target\":[\"https:\/\/www.omio.fr\/window-seat\/fr\/culture-lifestyle-fr\/les-thermes-historiques-deurope\/\"]}]},{\"@type\":\"ImageObject\",\"inLanguage\":\"en-US\",\"@id\":\"https:\/\/www.omio.fr\/window-seat\/fr\/culture-lifestyle-fr\/les-thermes-historiques-deurope\/#primaryimage\",\"url\":\"https:\/\/www.omio.fr\/window-seat\/wp-content\/uploads\/2022\/04\/1_Vichy_shutterstock_708187483-scaled.jpg\",\"contentUrl\":\"https:\/\/www.omio.fr\/window-seat\/wp-content\/uploads\/2022\/04\/1_Vichy_shutterstock_708187483-scaled.jpg\",\"width\":2560,\"height\":1709,\"caption\":\"Reinvigorate your body and soul at one of 15 UNESCO historic spa towns. Credit: Shutterstock\"},{\"@type\":\"BreadcrumbList\",\"@id\":\"https:\/\/www.omio.fr\/window-seat\/fr\/culture-lifestyle-fr\/les-thermes-historiques-deurope\/#breadcrumb\",\"itemListElement\":[{\"@type\":\"ListItem\",\"position\":1,\"name\":\"The Window Seat\",\"item\":\"https:\/\/www.omio.fr\/window-seat\/\"},{\"@type\":\"ListItem\",\"position\":2,\"name\":\"Culture &amp; Lifestyle\",\"item\":\"https:\/\/www.omio.fr\/window-seat\/culture-lifestyle\/\"},{\"@type\":\"ListItem\",\"position\":3,\"name\":\"Wellness\",\"item\":\"https:\/\/www.omio.fr\/window-seat\/culture-lifestyle\/wellness\/\"},{\"@type\":\"ListItem\",\"position\":4,\"name\":\"Les thermes historiques d\u2019Europe\"}]},{\"@type\":\"WebSite\",\"@id\":\"https:\/\/www.omio.fr\/window-seat\/#website\",\"url\":\"https:\/\/www.omio.fr\/window-seat\/\",\"name\":\"The Window Seat\",\"description\":\"\",\"potentialAction\":[{\"@type\":\"SearchAction\",\"target\":{\"@type\":\"EntryPoint\",\"urlTemplate\":\"https:\/\/www.omio.fr\/window-seat\/?s={search_term_string}\"},\"query-input\":{\"@type\":\"PropertyValueSpecification\",\"valueRequired\":true,\"valueName\":\"search_term_string\"}}],\"inLanguage\":\"en-US\"},{\"@type\":\"Person\",\"@id\":\"https:\/\/www.omio.fr\/window-seat\/#\/schema\/person\/81210fb35284060e7a6c47d3af159bf5\",\"name\":\"Shandana A. Durrani\",\"image\":{\"@type\":\"ImageObject\",\"inLanguage\":\"en-US\",\"@id\":\"https:\/\/www.omio.fr\/window-seat\/#\/schema\/person\/image\/\",\"url\":\"https:\/\/secure.gravatar.com\/avatar\/476113e9842659b58c1663ada1d6b2f26e3e82e6dc8cc78268a787224b92d765?s=96&d=mm&r=g\",\"contentUrl\":\"https:\/\/secure.gravatar.com\/avatar\/476113e9842659b58c1663ada1d6b2f26e3e82e6dc8cc78268a787224b92d765?s=96&d=mm&r=g\",\"caption\":\"Shandana A. Durrani\"}}]}<\/script>\n<!-- \/ Yoast SEO plugin. -->","yoast_head_json":{"title":"Cure thermale : les bains thermaux historiques d'Europe | Omio","description":"L'Europe abonde de bains thermaux list\u00e9s au patrimoine mondial de l'UNESCO. 1.Baden-Baden, Allemagne 2.Montecatini Terme, Italie 3.Spa, Belgique 4.Vichy 5.Luha\u010dovice, R\u00e9publique Tch\u00e8que","robots":{"index":"index","follow":"follow","max-snippet":"max-snippet:-1","max-image-preview":"max-image-preview:large","max-video-preview":"max-video-preview:-1"},"canonical":"https:\/\/www.omio.fr\/window-seat\/culture-lifestyle-fr\/les-thermes-historiques-deurope\/","og_locale":"en_US","og_type":"article","og_title":"Cure thermale : les bains thermaux historiques d'Europe | Omio","og_description":"L'Europe abonde de bains thermaux list\u00e9s au patrimoine mondial de l'UNESCO. 1.Baden-Baden, Allemagne 2.Montecatini Terme, Italie 3.Spa, Belgique 4.Vichy 5.Luha\u010dovice, R\u00e9publique Tch\u00e8que","og_url":"https:\/\/www.omio.fr\/window-seat\/fr\/culture-lifestyle-fr\/les-thermes-historiques-deurope\/","og_site_name":"The Window Seat","article_published_time":"2021-02-01T00:00:00+00:00","article_modified_time":"2022-08-04T08:47:23+00:00","og_image":[{"width":2560,"height":1709,"url":"https:\/\/www.omio.fr\/window-seat\/wp-content\/uploads\/2022\/04\/1_Vichy_shutterstock_708187483-scaled.jpg","type":"image\/jpeg"}],"author":"Shandana A. Durrani","twitter_card":"summary_large_image","twitter_misc":{"Written by":"Shandana A. Durrani","Est. reading time":"8 minutes"},"schema":{"@context":"https:\/\/schema.org","@graph":[{"@type":"WebPage","@id":"https:\/\/www.omio.fr\/window-seat\/fr\/culture-lifestyle-fr\/les-thermes-historiques-deurope\/","url":"https:\/\/www.omio.fr\/window-seat\/fr\/culture-lifestyle-fr\/les-thermes-historiques-deurope\/","name":"Cure thermale : les bains thermaux historiques d'Europe | Omio","isPartOf":{"@id":"https:\/\/www.omio.fr\/window-seat\/#website"},"primaryImageOfPage":{"@id":"https:\/\/www.omio.fr\/window-seat\/fr\/culture-lifestyle-fr\/les-thermes-historiques-deurope\/#primaryimage"},"image":{"@id":"https:\/\/www.omio.fr\/window-seat\/fr\/culture-lifestyle-fr\/les-thermes-historiques-deurope\/#primaryimage"},"thumbnailUrl":"https:\/\/www.omio.fr\/window-seat\/wp-content\/uploads\/2022\/04\/1_Vichy_shutterstock_708187483-scaled.jpg","datePublished":"2021-02-01T00:00:00+00:00","dateModified":"2022-08-04T08:47:23+00:00","author":{"@id":"https:\/\/www.omio.fr\/window-seat\/#\/schema\/person\/81210fb35284060e7a6c47d3af159bf5"},"description":"L'Europe abonde de bains thermaux list\u00e9s au patrimoine mondial de l'UNESCO. 1.Baden-Baden, Allemagne 2.Montecatini Terme, Italie 3.Spa, Belgique 4.Vichy 5.Luha\u010dovice, R\u00e9publique Tch\u00e8que","breadcrumb":{"@id":"https:\/\/www.omio.fr\/window-seat\/fr\/culture-lifestyle-fr\/les-thermes-historiques-deurope\/#breadcrumb"},"inLanguage":"en-US","potentialAction":[{"@type":"ReadAction","target":["https:\/\/www.omio.fr\/window-seat\/fr\/culture-lifestyle-fr\/les-thermes-historiques-deurope\/"]}]},{"@type":"ImageObject","inLanguage":"en-US","@id":"https:\/\/www.omio.fr\/window-seat\/fr\/culture-lifestyle-fr\/les-thermes-historiques-deurope\/#primaryimage","url":"https:\/\/www.omio.fr\/window-seat\/wp-content\/uploads\/2022\/04\/1_Vichy_shutterstock_708187483-scaled.jpg","contentUrl":"https:\/\/www.omio.fr\/window-seat\/wp-content\/uploads\/2022\/04\/1_Vichy_shutterstock_708187483-scaled.jpg","width":2560,"height":1709,"caption":"Reinvigorate your body and soul at one of 15 UNESCO historic spa towns. Credit: Shutterstock"},{"@type":"BreadcrumbList","@id":"https:\/\/www.omio.fr\/window-seat\/fr\/culture-lifestyle-fr\/les-thermes-historiques-deurope\/#breadcrumb","itemListElement":[{"@type":"ListItem","position":1,"name":"The Window Seat","item":"https:\/\/www.omio.fr\/window-seat\/"},{"@type":"ListItem","position":2,"name":"Culture &amp; Lifestyle","item":"https:\/\/www.omio.fr\/window-seat\/culture-lifestyle\/"},{"@type":"ListItem","position":3,"name":"Wellness","item":"https:\/\/www.omio.fr\/window-seat\/culture-lifestyle\/wellness\/"},{"@type":"ListItem","position":4,"name":"Les thermes historiques d\u2019Europe"}]},{"@type":"WebSite","@id":"https:\/\/www.omio.fr\/window-seat\/#website","url":"https:\/\/www.omio.fr\/window-seat\/","name":"The Window Seat","description":"","potentialAction":[{"@type":"SearchAction","target":{"@type":"EntryPoint","urlTemplate":"https:\/\/www.omio.fr\/window-seat\/?s={search_term_string}"},"query-input":{"@type":"PropertyValueSpecification","valueRequired":true,"valueName":"search_term_string"}}],"inLanguage":"en-US"},{"@type":"Person","@id":"https:\/\/www.omio.fr\/window-seat\/#\/schema\/person\/81210fb35284060e7a6c47d3af159bf5","name":"Shandana A. Durrani","image":{"@type":"ImageObject","inLanguage":"en-US","@id":"https:\/\/www.omio.fr\/window-seat\/#\/schema\/person\/image\/","url":"https:\/\/secure.gravatar.com\/avatar\/476113e9842659b58c1663ada1d6b2f26e3e82e6dc8cc78268a787224b92d765?s=96&d=mm&r=g","contentUrl":"https:\/\/secure.gravatar.com\/avatar\/476113e9842659b58c1663ada1d6b2f26e3e82e6dc8cc78268a787224b92d765?s=96&d=mm&r=g","caption":"Shandana A. Durrani"}}]}},"_links":{"self":[{"href":"https:\/\/www.omio.fr\/window-seat\/wp-json\/wp\/v2\/posts\/27366","targetHints":{"allow":["GET"]}}],"collection":[{"href":"https:\/\/www.omio.fr\/window-seat\/wp-json\/wp\/v2\/posts"}],"about":[{"href":"https:\/\/www.omio.fr\/window-seat\/wp-json\/wp\/v2\/types\/post"}],"author":[{"embeddable":true,"href":"https:\/\/www.omio.fr\/window-seat\/wp-json\/wp\/v2\/users\/6"}],"replies":[{"embeddable":true,"href":"https:\/\/www.omio.fr\/window-seat\/wp-json\/wp\/v2\/comments?post=27366"}],"version-history":[{"count":3,"href":"https:\/\/www.omio.fr\/window-seat\/wp-json\/wp\/v2\/posts\/27366\/revisions"}],"predecessor-version":[{"id":36177,"href":"https:\/\/www.omio.fr\/window-seat\/wp-json\/wp\/v2\/posts\/27366\/revisions\/36177"}],"wp:featuredmedia":[{"embeddable":true,"href":"https:\/\/www.omio.fr\/window-seat\/wp-json\/wp\/v2\/media\/21504"}],"wp:attachment":[{"href":"https:\/\/www.omio.fr\/window-seat\/wp-json\/wp\/v2\/media?parent=27366"}],"wp:term":[{"taxonomy":"category","embeddable":true,"href":"https:\/\/www.omio.fr\/window-seat\/wp-json\/wp\/v2\/categories?post=27366"},{"taxonomy":"post_tag","embeddable":true,"href":"https:\/\/www.omio.fr\/window-seat\/wp-json\/wp\/v2\/tags?post=27366"},{"taxonomy":"position_id","embeddable":true,"href":"https:\/\/www.omio.fr\/window-seat\/wp-json\/wp\/v2\/position_ids?post=27366"}],"curies":[{"name":"wp","href":"https:\/\/api.w.org\/{rel}","templated":true}]}}