{"id":27370,"date":"2021-03-01T00:00:00","date_gmt":"2021-03-01T00:00:00","guid":{"rendered":"http:\/\/www.omio.fr\/window-seat\/non-classifiee\/comme-greta"},"modified":"2022-08-17T09:56:02","modified_gmt":"2022-08-17T09:56:02","slug":"comme-greta","status":"publish","type":"post","link":"https:\/\/www.omio.fr\/window-seat\/fr\/culture-lifestyle-fr\/comme-greta\/","title":{"rendered":"Comme Greta"},"content":{"rendered":"\n<p>Nous vivons dans une p\u00e9riode pendant laquelle nous avons tous r\u00e9\u00e9valu\u00e9 nos vies sous tous ses sens. Les choses qui nous inqui\u00e9taient auparavant ne sont plus si importantes. La pand\u00e9mie a \u00e9galement mis en lumi\u00e8re ce que nous faisons \u00e0 notre plan\u00e8te et a amplifi\u00e9 davantage le besoin de la prot\u00e9ger.\u00a0<\/p>\n\n\n\n<p>De nombreux jeunes activistes aux quatre coins du monde ont rejoint la cause de Greta Thunberg, le visage non-officiel du mouvement, pour un futur meilleur. Nous avons interview\u00e9 certains des plus inspirants jeunes activistes sur leurs conseils et astuces pour des voyages plus \u00e9coresponsables, que nous pourrons suivre une fois que nous pourrons voyager \u00e0 nouveau.<\/p>\n\n\n\n<figure class=\"wp-block-image size-full\"><img decoding=\"async\" src=\"https:\/\/www.omio.fr\/window-seat\/wp-content\/uploads\/2022\/04\/2_EditorialOnly_Braunschweig_Germany_Sept_2020_shutterstock_1821968462-scaled.jpg\" alt=\"\" class=\"wp-image-18376\"\/><figcaption>Les jeunes citoyens du monde entier continuent d&#8217;appeler \u00e0 l\u2019action via des supports en ligne. Cr\u00e9dit photo : EyeEm<\/figcaption><\/figure>\n\n\n\n<h3 class=\"wp-block-heading\"><strong><strong>Tolmeia Gregory, <\/strong><a href=\"https:\/\/www.omio.fr\/voyage\/cheltenham?utm_source=omio-magazine&amp;utm_medium=magazine&amp;utm_campaign=March&amp;utm_content=EarthDay&amp;utm_term=FR_VoyageCheltenham\"><strong>Cheltenham<\/strong><\/a><strong>, Royaume-Uni<\/strong><\/strong><\/h3>\n\n\n\n<figure class=\"wp-block-gallery has-nested-images columns-default columns-2 wp-block-gallery-1 is-layout-flex wp-block-gallery-is-layout-flex\"><\/figure>\n\n\n\n<h4 class=\"has-text-align-center wp-block-heading\"><strong><em><a href=\"http:\/\/tolmeiagregory.com\/\" target=\"_blank\" rel=\"noreferrer noopener\"><a href=\"http:\/\/tolmeiagregory.com\/\"><strong><em>Tolmeia Gregory<\/em><\/strong><\/a><strong><em>, 20 ans, est une blogueuse mode \u00e9coresponsable.<\/em><\/strong><\/a><\/em><\/strong><\/h4>\n\n\n\n<p><strong>Quels sont tes conseils pour un voyage \u00e9colo ?<\/strong>\u00ab Nous avons besoin de financer davantage les transports en commun, et nous devons faire en sorte que les options de transport moins \u00e9cologiques soient tax\u00e9es. Je pense que sur le plan individuel, limiter le nombre de vols aux voyages essentiels (comme pour les visites familiales) et essayer d\u2019utiliser les autres modes de transport aussi souvent que possible est un pas vers la bonne direction. Exigez une action climatique de toutes les mani\u00e8res possibles, comme vous le pouvez ! \u00bb<\/p>\n\n\n\n<p><br><strong>Comment restes-tu proactive au quotidien ?<\/strong> <strong>\u00a0<\/strong>\u00ab Je travaille de pr\u00e8s avec mon groupe local \u00ab Extinction Rebellion \u00bb (une organisation non-violente se focalisant sur l\u2019\u00e9cologie et la d\u00e9sob\u00e9issance civile). Je passe beaucoup de temps \u00e0 travailler sur des projets \u00e0 l\u2019\u00e9chelle locale et \u00e0 organiser des actions afin de d\u00e9velopper des id\u00e9es qui feront bouger les choses. Avec les circonstances de la pand\u00e9mie, j\u2019ai commenc\u00e9 \u00e0 me demander \u00e0 quoi l\u2019action climatique et l\u2019activisme peuvent ressembler sur un plan personnel, et j\u2019ai compris que mon travail d\u2019artiste pouvait jouer un r\u00f4le central. \u00bb<\/p>\n\n\n\n<h3 class=\"wp-block-heading\"><strong><strong>Monika Poppy, Londres, Royaume-Uni<\/strong><\/strong><\/h3>\n\n\n\n<figure class=\"wp-block-gallery has-nested-images columns-default columns-2 wp-block-gallery-2 is-layout-flex wp-block-gallery-is-layout-flex\"><\/figure>\n\n\n\n<h4 class=\"has-text-align-center wp-block-heading\"><a href=\"https:\/\/www.instagram.com\/sustainabilityiscool\/\" target=\"_blank\" rel=\"noreferrer noopener\"><em><a href=\"https:\/\/www.instagram.com\/sustainabilityiscool\/\"><em>Monika Poppy<\/em><\/a><em> est influenceuse et \u00e9ditrice. Elle a suivi un parcours acad\u00e9mique dans l\u2019industrie p\u00e9troli\u00e8re et gazi\u00e8re ainsi que dans le d\u00e9veloppement durable.<\/em><\/em><\/a><\/h4>\n\n\n\n<p><strong>Quels sont tes conseils pour un voyage \u00e9colo ?<\/strong> <strong>\u00ab <\/strong>Je pense que l\u2019innovation et la technologie font partie des grandes solutions. Poussez votre gouvernement et Le Conseil \u00e0 agir, \u00e0 d\u00e9velopper et \u00e0 investir dans des technologies innovantes et des \u00e9nergies renouvelables. C\u2019est ce qui va essentiellement nous sauver, puisque je pense que demander aux gens de \u00ab marcher plus \u00bb n\u2019est pas toujours envisageable, [surtout pour ceux qui se d\u00e9placent] pour le travail. Vous pouvez participer activement \u00e0 des votes ou signer des p\u00e9titions. Vous pouvez m\u00eame participer [et investir] dans des technologies vertes et des investissements \u00e9thiques.\u00a0\u00bb<\/p>\n\n\n\n<p><strong><strong>Comment restes-tu proactive au quotidien ?<\/strong> <\/strong>\u00ab Je recommande de sortir en pleine nature ou bien une lecture sur l\u2019\u00e9cologie. Je pense qu\u2019il est important de renouer avec la nature pour se souvenir pour quoi nous nous battons et ce que nous voulons pr\u00e9server. \u00c7a peut \u00eatre plus difficile dans les villes m\u00e9tropolitaines. [Depuis le d\u00e9but de la pand\u00e9mie], j\u2019ai continu\u00e9 \u00e0 sensibiliser mes followers aux produits et services que je consid\u00e8re de bonne qualit\u00e9 et [qui sont] tout aussi durables \u00bb.<\/p>\n\n\n\n<h3 class=\"wp-block-heading\"><strong><strong>David Wicker, Turin, Italie<\/strong><\/strong><\/h3>\n\n\n\n<figure class=\"wp-block-gallery has-nested-images columns-default columns-2 wp-block-gallery-3 is-layout-flex wp-block-gallery-is-layout-flex\"><\/figure>\n\n\n\n<h4 class=\"has-text-align-center wp-block-heading\"><a href=\"https:\/\/www.instagram.com\/davidwickerhf\/\" target=\"_blank\" rel=\"noreferrer noopener\"><em>David<\/em><\/a><em> <em>16 ans, est un activiste environnemental originaire du Susa Valley, proche de <\/em><a href=\"https:\/\/www.omio.fr\/voyage\/turin?utm_source=omio-magazine&amp;utm_medium=magazine&amp;utm_campaign=March&amp;utm_content=EarthDay&amp;utm_term=FR_VoyageTurin\"><em>Turin<\/em><\/a><em> en Italie. Depuis plus de deux ans, il participe chaque vendredi \u00e0 des manifestations pour la justice climatique.<\/em><\/em><\/h4>\n\n\n\n<p><strong>Quels sont tes conseils pour un voyage \u00e9colo ?<\/strong> \u00ab Le plus important est de ne pas prendre l\u2019avion et de choisir des modes de transport plus \u00e9cologiques. \u00bb<\/p>\n\n\n\n<p><strong>Comment restes-tu proactif au quotidien ? <\/strong>\u00ab [Avec mes camarades de classe], nous participions \u00e0 des manifestations hebdomadaires, et chaque manifestation \u00e9tait diff\u00e9rente puisque nous essayions de traiter plusieurs aspects de l\u2019urgence climatique. Nous avons notamment r\u00e9ussi \u00e0 convaincre la mairie de Turin de faire une d\u00e9claration concernant cette urgence climatique.<\/p>\n\n\n\n<p>En raison des confinements, je n\u2019ai pas pu rester actif parce que je vis un peu loin des grandes villes et c\u2019est difficile de suivre. [N\u00e9anmoins], je reste toujours connect\u00e9 et nous essayons \u00e0 pr\u00e9sent de r\u00e9fl\u00e9chir \u00e0 ce qu\u2019on peut faire pour le prochain sommet international du FFF. \u00bb<\/p>\n\n\n\n<h3 class=\"wp-block-heading\"><strong><strong>Holly Gillibrand, Fort William, \u00c9cosse<\/strong><\/strong><\/h3>\n\n\n\n<figure class=\"wp-block-gallery has-nested-images columns-default is-cropped columns-2 wp-block-gallery-4 is-layout-flex wp-block-gallery-is-layout-flex\"><\/figure>\n\n\n\n<h4 class=\"has-text-align-center wp-block-heading\"><a href=\"https:\/\/twitter.com\/hollywildchild\" target=\"_blank\" rel=\"noreferrer noopener\"><em>Holly<\/em><\/a><em> <em>15 ans, est chroniqueuse et ambassadrice du \u00ab R\u00e9-ensauvagement d\u2019\u00c9cosse \u00bb, un groupe consacr\u00e9 \u00e0 la protection de la faune et flore sauvage.<\/em><\/em><\/h4>\n\n\n\n<p><strong><strong>Quels sont tes conseils pour un voyage \u00e9colo ?<\/strong> <\/strong>\u00ab [Lorsque tout redeviendra normal], limitez vos trajets autant que vous le pouvez mais si vous avez besoin de vous d\u00e9placer, prendre le train, le bus ou le v\u00e9lo, ou bien pr\u00e9f\u00e9rer la marche sont les options les plus \u00e9cologiques. Laissez votre voiture au garage et ne prenez pas l\u2019avion ou les bateaux de croisi\u00e8re : ce sont de vrais d\u00e9sastres environnementaux. \u00bb<\/p>\n\n\n\n<p><br><strong><strong>Comment restes-tu proactive au quotidien ?<\/strong> <\/strong>\u00ab Nous devons tous \u00eatre conscients de toutes nos d\u00e9cisions personnelles, comme par exemple ce que nous mangeons, achetons et comment nous voyageons. Nous avons aussi beaucoup de pouvoir concernant nos choix en tant que consommateur et nous devons reconna\u00eetre ce pouvoir et s\u2019en servir autant que possible. Utilisez vos forces. Par exemple, j\u2019adore \u00e9crire et je m\u2019en sers pour sensibiliser autant que je peux \u00e0 travers mes rubriques, articles et tribunes. \u00bb<\/p>\n\n\n\n<h3 class=\"wp-block-heading\"><strong><strong>Livia Van Heerde, Vienne, Autriche, et Londres, Royaume-Uni<\/strong><\/strong><\/h3>\n\n\n\n<figure class=\"wp-block-gallery has-nested-images columns-default columns-2 wp-block-gallery-5 is-layout-flex wp-block-gallery-is-layout-flex\"><\/figure>\n\n\n\n<h4 class=\"has-text-align-center wp-block-heading\"><a href=\"https:\/\/www.instagram.com\/liviavanheerde\" target=\"_blank\" rel=\"noreferrer noopener nofollow\"><strong><em>Livia<\/em><\/strong><\/a><strong><em> <em>d\u00e9tient un bachelor scientifique en Science de l&#8217;Environnement et un master scientifique en Changement Climatique de l\u2019University College de Londres. Elle partage son temps entre <\/em><a href=\"https:\/\/www.omio.fr\/voyage\/vienne?utm_source=omio-magazine&amp;utm_medium=magazine&amp;utm_campaign=March&amp;utm_content=EarthDay&amp;utm_term=FR_VoyageVienne\"><em>l\u2019Autriche<\/em><\/a><em> et le Royaume-Uni.<\/em><\/em><\/strong><\/h4>\n\n\n\n<p><strong><strong>Quels sont tes conseils pour un voyage \u00e9colo ?<\/strong> <\/strong>I\u00ab Je recommande fortement des destinations en s\u00e9jour long pour rentabiliser vos trajets et explorer le plus d\u2019endroits possible pour \u00e9viter d\u2019y aller encore parce que vous n\u2019avez pas pu tout voir. Je recommande aussi de r\u00e9duire votre consommation de produits animaliers et d&#8217;\u00e9viter les produits emball\u00e9s comme les bouteilles d\u2019eau pour r\u00e9duire votre empreinte carbone. Vous pouvez aussi compenser vos \u00e9missions de carbone. Il y a plein d\u2019endroits o\u00f9 vous pouvez le faire. Assurez-vous de rechercher en avance et de trouver le meilleur [site internet pour cela]. \u00bb<\/p>\n\n\n\n<p><strong>Comment restes-tu proactive au quotidien ? <\/strong>\u00ab Apr\u00e8s le d\u00e9but de la pand\u00e9mie, nous avons ramen\u00e9 Fridays for Future dans nos maisons et nous \u00e9tions encourag\u00e9s \u00e0 continuer notre activisme en ligne. Je participe \u00e0 des interventions sur la durabilit\u00e9 et j&#8217;ai continu\u00e9 de partager des articles sur le changement climatique sur les r\u00e9seaux sociaux.<\/p>\n\n\n\n<p>J\u2019en ai profit\u00e9 pour travailler sur de nouveaux projets et en am\u00e9liorer d\u2019autres en cours. Je consulte avec l\u2019\u00e9quipe Friday Nights (un \u00e9v\u00e9nement d\u2019art et de musique en collaboration avec l\u2019UNICEF) pour les soutenir dans leur projet de devenir une s\u00e9rie d\u2019\u00e9v\u00e9nements durables.<\/p>\n\n\n\n<p>[Il y a] un nouveau projet qui me tient tr\u00e8s \u00e0 c\u0153ur : une exp\u00e9rience nocturne bas\u00e9e \u00e0 Vienne et \u00e0 Londres, appel\u00e9e Climate Nights, dont le but est de sensibiliser sur le changement climatique tout en collectant des fonds pour des projets environnementaux. \u00bb<\/p>\n","protected":false},"excerpt":{"rendered":"<p>Nous vivons dans une p\u00e9riode pendant laquelle nous avons tous r\u00e9\u00e9valu\u00e9 nos vies sous tous ses sens. Les choses qui nous inqui\u00e9taient auparavant ne sont plus si importantes. La pand\u00e9mie a \u00e9galement mis en lumi\u00e8re ce que nous faisons \u00e0 notre plan\u00e8te et a amplifi\u00e9 davantage le besoin de la prot\u00e9ger.\u00a0 De nombreux jeunes activistes&hellip; <a class=\"more-link\" href=\"https:\/\/www.omio.fr\/window-seat\/fr\/culture-lifestyle-fr\/comme-greta\/\">Continue reading <span class=\"screen-reader-text\">Comme Greta<\/span><\/a><\/p>\n","protected":false},"author":6,"featured_media":21624,"comment_status":"open","ping_status":"open","sticky":false,"template":"","format":"standard","meta":{"_acf_changed":false,"inline_featured_image":false,"footnotes":""},"categories":[1987,2031],"tags":[],"position_ids":[],"class_list":["post-27370","post","type-post","status-publish","format-standard","has-post-thumbnail","hentry","category-culture-lifestyle-fr","category-interviews-fr","entry"],"acf":[],"yoast_head":"<!-- This site is optimized with the Yoast SEO plugin v24.9 - https:\/\/yoast.com\/wordpress\/plugins\/seo\/ -->\n<title>Tourisme durable : Interview avec 5 jeunes activistes | Omio<\/title>\n<meta name=\"description\" content=\"D\u00e9couvrez les conseils de 5 jeunes activistes pour voyager responsable et r\u00e9duire notre empreinte carbone.\" \/>\n<meta name=\"robots\" content=\"index, follow, max-snippet:-1, max-image-preview:large, max-video-preview:-1\" \/>\n<link rel=\"canonical\" href=\"https:\/\/www.omio.fr\/window-seat\/culture-lifestyle-fr\/comme-greta\/\" \/>\n<meta property=\"og:locale\" content=\"en_US\" \/>\n<meta property=\"og:type\" content=\"article\" \/>\n<meta property=\"og:title\" content=\"Tourisme durable : Interview avec 5 jeunes activistes | Omio\" \/>\n<meta property=\"og:description\" content=\"D\u00e9couvrez les conseils de 5 jeunes activistes pour voyager responsable et r\u00e9duire notre empreinte carbone.\" \/>\n<meta property=\"og:url\" content=\"https:\/\/www.omio.fr\/window-seat\/fr\/culture-lifestyle-fr\/comme-greta\/\" \/>\n<meta property=\"og:site_name\" content=\"The Window Seat\" \/>\n<meta property=\"article:published_time\" content=\"2021-03-01T00:00:00+00:00\" \/>\n<meta property=\"article:modified_time\" content=\"2022-08-17T09:56:02+00:00\" \/>\n<meta property=\"og:image\" content=\"https:\/\/www.omio.fr\/window-seat\/wp-content\/uploads\/2022\/04\/1_eyeem-29261843-141850543.jpg\" \/>\n\t<meta property=\"og:image:width\" content=\"2560\" \/>\n\t<meta property=\"og:image:height\" content=\"2089\" \/>\n\t<meta property=\"og:image:type\" content=\"image\/jpeg\" \/>\n<meta name=\"author\" content=\"Shandana A. Durrani\" \/>\n<meta name=\"twitter:card\" content=\"summary_large_image\" \/>\n<meta name=\"twitter:label1\" content=\"Written by\" \/>\n\t<meta name=\"twitter:data1\" content=\"Shandana A. Durrani\" \/>\n\t<meta name=\"twitter:label2\" content=\"Est. reading time\" \/>\n\t<meta name=\"twitter:data2\" content=\"6 minutes\" \/>\n<script type=\"application\/ld+json\" class=\"yoast-schema-graph\">{\"@context\":\"https:\/\/schema.org\",\"@graph\":[{\"@type\":\"WebPage\",\"@id\":\"https:\/\/www.omio.fr\/window-seat\/fr\/culture-lifestyle-fr\/comme-greta\/\",\"url\":\"https:\/\/www.omio.fr\/window-seat\/fr\/culture-lifestyle-fr\/comme-greta\/\",\"name\":\"Tourisme durable : Interview avec 5 jeunes activistes | Omio\",\"isPartOf\":{\"@id\":\"https:\/\/www.omio.fr\/window-seat\/#website\"},\"primaryImageOfPage\":{\"@id\":\"https:\/\/www.omio.fr\/window-seat\/fr\/culture-lifestyle-fr\/comme-greta\/#primaryimage\"},\"image\":{\"@id\":\"https:\/\/www.omio.fr\/window-seat\/fr\/culture-lifestyle-fr\/comme-greta\/#primaryimage\"},\"thumbnailUrl\":\"https:\/\/www.omio.fr\/window-seat\/wp-content\/uploads\/2022\/04\/1_eyeem-29261843-141850543.jpg\",\"datePublished\":\"2021-03-01T00:00:00+00:00\",\"dateModified\":\"2022-08-17T09:56:02+00:00\",\"author\":{\"@id\":\"https:\/\/www.omio.fr\/window-seat\/#\/schema\/person\/81210fb35284060e7a6c47d3af159bf5\"},\"description\":\"D\u00e9couvrez les conseils de 5 jeunes activistes pour voyager responsable et r\u00e9duire notre empreinte carbone.\",\"breadcrumb\":{\"@id\":\"https:\/\/www.omio.fr\/window-seat\/fr\/culture-lifestyle-fr\/comme-greta\/#breadcrumb\"},\"inLanguage\":\"en-US\",\"potentialAction\":[{\"@type\":\"ReadAction\",\"target\":[\"https:\/\/www.omio.fr\/window-seat\/fr\/culture-lifestyle-fr\/comme-greta\/\"]}]},{\"@type\":\"ImageObject\",\"inLanguage\":\"en-US\",\"@id\":\"https:\/\/www.omio.fr\/window-seat\/fr\/culture-lifestyle-fr\/comme-greta\/#primaryimage\",\"url\":\"https:\/\/www.omio.fr\/window-seat\/wp-content\/uploads\/2022\/04\/1_eyeem-29261843-141850543.jpg\",\"contentUrl\":\"https:\/\/www.omio.fr\/window-seat\/wp-content\/uploads\/2022\/04\/1_eyeem-29261843-141850543.jpg\",\"width\":2560,\"height\":2089,\"caption\":\"Even in Coronavirus times, the fight against climate change is more relevant than ever. Credit: EyeEm\"},{\"@type\":\"BreadcrumbList\",\"@id\":\"https:\/\/www.omio.fr\/window-seat\/fr\/culture-lifestyle-fr\/comme-greta\/#breadcrumb\",\"itemListElement\":[{\"@type\":\"ListItem\",\"position\":1,\"name\":\"The Window Seat\",\"item\":\"https:\/\/www.omio.fr\/window-seat\/\"},{\"@type\":\"ListItem\",\"position\":2,\"name\":\"Culture &amp; Lifestyle\",\"item\":\"https:\/\/www.omio.fr\/window-seat\/culture-lifestyle\/\"},{\"@type\":\"ListItem\",\"position\":3,\"name\":\"Comme Greta\"}]},{\"@type\":\"WebSite\",\"@id\":\"https:\/\/www.omio.fr\/window-seat\/#website\",\"url\":\"https:\/\/www.omio.fr\/window-seat\/\",\"name\":\"The Window Seat\",\"description\":\"\",\"potentialAction\":[{\"@type\":\"SearchAction\",\"target\":{\"@type\":\"EntryPoint\",\"urlTemplate\":\"https:\/\/www.omio.fr\/window-seat\/?s={search_term_string}\"},\"query-input\":{\"@type\":\"PropertyValueSpecification\",\"valueRequired\":true,\"valueName\":\"search_term_string\"}}],\"inLanguage\":\"en-US\"},{\"@type\":\"Person\",\"@id\":\"https:\/\/www.omio.fr\/window-seat\/#\/schema\/person\/81210fb35284060e7a6c47d3af159bf5\",\"name\":\"Shandana A. Durrani\",\"image\":{\"@type\":\"ImageObject\",\"inLanguage\":\"en-US\",\"@id\":\"https:\/\/www.omio.fr\/window-seat\/#\/schema\/person\/image\/\",\"url\":\"https:\/\/secure.gravatar.com\/avatar\/476113e9842659b58c1663ada1d6b2f26e3e82e6dc8cc78268a787224b92d765?s=96&d=mm&r=g\",\"contentUrl\":\"https:\/\/secure.gravatar.com\/avatar\/476113e9842659b58c1663ada1d6b2f26e3e82e6dc8cc78268a787224b92d765?s=96&d=mm&r=g\",\"caption\":\"Shandana A. Durrani\"}}]}<\/script>\n<!-- \/ Yoast SEO plugin. -->","yoast_head_json":{"title":"Tourisme durable : Interview avec 5 jeunes activistes | Omio","description":"D\u00e9couvrez les conseils de 5 jeunes activistes pour voyager responsable et r\u00e9duire notre empreinte carbone.","robots":{"index":"index","follow":"follow","max-snippet":"max-snippet:-1","max-image-preview":"max-image-preview:large","max-video-preview":"max-video-preview:-1"},"canonical":"https:\/\/www.omio.fr\/window-seat\/culture-lifestyle-fr\/comme-greta\/","og_locale":"en_US","og_type":"article","og_title":"Tourisme durable : Interview avec 5 jeunes activistes | Omio","og_description":"D\u00e9couvrez les conseils de 5 jeunes activistes pour voyager responsable et r\u00e9duire notre empreinte carbone.","og_url":"https:\/\/www.omio.fr\/window-seat\/fr\/culture-lifestyle-fr\/comme-greta\/","og_site_name":"The Window Seat","article_published_time":"2021-03-01T00:00:00+00:00","article_modified_time":"2022-08-17T09:56:02+00:00","og_image":[{"width":2560,"height":2089,"url":"https:\/\/www.omio.fr\/window-seat\/wp-content\/uploads\/2022\/04\/1_eyeem-29261843-141850543.jpg","type":"image\/jpeg"}],"author":"Shandana A. Durrani","twitter_card":"summary_large_image","twitter_misc":{"Written by":"Shandana A. Durrani","Est. reading time":"6 minutes"},"schema":{"@context":"https:\/\/schema.org","@graph":[{"@type":"WebPage","@id":"https:\/\/www.omio.fr\/window-seat\/fr\/culture-lifestyle-fr\/comme-greta\/","url":"https:\/\/www.omio.fr\/window-seat\/fr\/culture-lifestyle-fr\/comme-greta\/","name":"Tourisme durable : Interview avec 5 jeunes activistes | Omio","isPartOf":{"@id":"https:\/\/www.omio.fr\/window-seat\/#website"},"primaryImageOfPage":{"@id":"https:\/\/www.omio.fr\/window-seat\/fr\/culture-lifestyle-fr\/comme-greta\/#primaryimage"},"image":{"@id":"https:\/\/www.omio.fr\/window-seat\/fr\/culture-lifestyle-fr\/comme-greta\/#primaryimage"},"thumbnailUrl":"https:\/\/www.omio.fr\/window-seat\/wp-content\/uploads\/2022\/04\/1_eyeem-29261843-141850543.jpg","datePublished":"2021-03-01T00:00:00+00:00","dateModified":"2022-08-17T09:56:02+00:00","author":{"@id":"https:\/\/www.omio.fr\/window-seat\/#\/schema\/person\/81210fb35284060e7a6c47d3af159bf5"},"description":"D\u00e9couvrez les conseils de 5 jeunes activistes pour voyager responsable et r\u00e9duire notre empreinte carbone.","breadcrumb":{"@id":"https:\/\/www.omio.fr\/window-seat\/fr\/culture-lifestyle-fr\/comme-greta\/#breadcrumb"},"inLanguage":"en-US","potentialAction":[{"@type":"ReadAction","target":["https:\/\/www.omio.fr\/window-seat\/fr\/culture-lifestyle-fr\/comme-greta\/"]}]},{"@type":"ImageObject","inLanguage":"en-US","@id":"https:\/\/www.omio.fr\/window-seat\/fr\/culture-lifestyle-fr\/comme-greta\/#primaryimage","url":"https:\/\/www.omio.fr\/window-seat\/wp-content\/uploads\/2022\/04\/1_eyeem-29261843-141850543.jpg","contentUrl":"https:\/\/www.omio.fr\/window-seat\/wp-content\/uploads\/2022\/04\/1_eyeem-29261843-141850543.jpg","width":2560,"height":2089,"caption":"Even in Coronavirus times, the fight against climate change is more relevant than ever. Credit: EyeEm"},{"@type":"BreadcrumbList","@id":"https:\/\/www.omio.fr\/window-seat\/fr\/culture-lifestyle-fr\/comme-greta\/#breadcrumb","itemListElement":[{"@type":"ListItem","position":1,"name":"The Window Seat","item":"https:\/\/www.omio.fr\/window-seat\/"},{"@type":"ListItem","position":2,"name":"Culture &amp; Lifestyle","item":"https:\/\/www.omio.fr\/window-seat\/culture-lifestyle\/"},{"@type":"ListItem","position":3,"name":"Comme Greta"}]},{"@type":"WebSite","@id":"https:\/\/www.omio.fr\/window-seat\/#website","url":"https:\/\/www.omio.fr\/window-seat\/","name":"The Window Seat","description":"","potentialAction":[{"@type":"SearchAction","target":{"@type":"EntryPoint","urlTemplate":"https:\/\/www.omio.fr\/window-seat\/?s={search_term_string}"},"query-input":{"@type":"PropertyValueSpecification","valueRequired":true,"valueName":"search_term_string"}}],"inLanguage":"en-US"},{"@type":"Person","@id":"https:\/\/www.omio.fr\/window-seat\/#\/schema\/person\/81210fb35284060e7a6c47d3af159bf5","name":"Shandana A. Durrani","image":{"@type":"ImageObject","inLanguage":"en-US","@id":"https:\/\/www.omio.fr\/window-seat\/#\/schema\/person\/image\/","url":"https:\/\/secure.gravatar.com\/avatar\/476113e9842659b58c1663ada1d6b2f26e3e82e6dc8cc78268a787224b92d765?s=96&d=mm&r=g","contentUrl":"https:\/\/secure.gravatar.com\/avatar\/476113e9842659b58c1663ada1d6b2f26e3e82e6dc8cc78268a787224b92d765?s=96&d=mm&r=g","caption":"Shandana A. Durrani"}}]}},"_links":{"self":[{"href":"https:\/\/www.omio.fr\/window-seat\/wp-json\/wp\/v2\/posts\/27370","targetHints":{"allow":["GET"]}}],"collection":[{"href":"https:\/\/www.omio.fr\/window-seat\/wp-json\/wp\/v2\/posts"}],"about":[{"href":"https:\/\/www.omio.fr\/window-seat\/wp-json\/wp\/v2\/types\/post"}],"author":[{"embeddable":true,"href":"https:\/\/www.omio.fr\/window-seat\/wp-json\/wp\/v2\/users\/6"}],"replies":[{"embeddable":true,"href":"https:\/\/www.omio.fr\/window-seat\/wp-json\/wp\/v2\/comments?post=27370"}],"version-history":[{"count":5,"href":"https:\/\/www.omio.fr\/window-seat\/wp-json\/wp\/v2\/posts\/27370\/revisions"}],"predecessor-version":[{"id":43462,"href":"https:\/\/www.omio.fr\/window-seat\/wp-json\/wp\/v2\/posts\/27370\/revisions\/43462"}],"wp:featuredmedia":[{"embeddable":true,"href":"https:\/\/www.omio.fr\/window-seat\/wp-json\/wp\/v2\/media\/21624"}],"wp:attachment":[{"href":"https:\/\/www.omio.fr\/window-seat\/wp-json\/wp\/v2\/media?parent=27370"}],"wp:term":[{"taxonomy":"category","embeddable":true,"href":"https:\/\/www.omio.fr\/window-seat\/wp-json\/wp\/v2\/categories?post=27370"},{"taxonomy":"post_tag","embeddable":true,"href":"https:\/\/www.omio.fr\/window-seat\/wp-json\/wp\/v2\/tags?post=27370"},{"taxonomy":"position_id","embeddable":true,"href":"https:\/\/www.omio.fr\/window-seat\/wp-json\/wp\/v2\/position_ids?post=27370"}],"curies":[{"name":"wp","href":"https:\/\/api.w.org\/{rel}","templated":true}]}}