{"id":27459,"date":"2021-08-01T00:00:00","date_gmt":"2021-08-01T00:00:00","guid":{"rendered":"http:\/\/www.omio.fr\/window-seat\/non-classifiee\/les-lieux-les-plus-spectaculaires-deurope"},"modified":"2022-08-04T08:48:39","modified_gmt":"2022-08-04T08:48:39","slug":"les-lieux-les-plus-spectaculaires-deurope","status":"publish","type":"post","link":"https:\/\/www.omio.fr\/window-seat\/fr\/issue-fr\/les-lieux-les-plus-spectaculaires-deurope\/","title":{"rendered":"Les lieux les plus spectaculaires d\u2019Europe"},"content":{"rendered":"\n<p>Pr\u00eats \u00e0 vous aventurer au-del\u00e0 des destinations europ\u00e9ennes classiques et de partir \u00e0 la d\u00e9couverte d\u2019une nouvelle facette du continent ? L\u2019Europe est remplie de lieux forg\u00e9s par la nature, offrant des paysages de r\u00eave. Et pourtant, certains sont \u00e9tonnement (et heureusement) moins connus des touristes.<\/p>\n\n\n\n<p>Des panoramas \u00e0 l\u2019ambiance lunaire et d\u00e9sertique aux paradis verdoyants et exotiques, pr\u00e9parez-vous \u00e0 d\u00e9couvrir 5 destinations offrant un spectacle \u00e0 couper le souffle, chacun nous rappelant des panoramas du bout du monde.<\/p>\n\n\n\n<h3 class=\"wp-block-heading\"><strong>Eibsee, Allemagne<\/strong><\/h3>\n\n\n\n<p>Vous r\u00eaviez d\u2019un voyage au Canada ? Que diriez-vous d&#8217;une destination aux paysages similaires en Allemagne ? Voici le jumeau allemand du <meta charset=\"utf-8\">Lac Maligne, le Eibsee, situ\u00e9 au pied des Alpes bavaroises.<\/p>\n\n\n\n<p>C&#8217;est suite \u00e0 l&#8217;effondrement du glacier ouest de la Zugspitze, le plus haut sommet d\u2019Allemagne, qu&#8217;un creux se forma dans la vall\u00e9e et se remplit d\u2019eau gr\u00e2ce \u00e0 des sources souterraines et \u00e0 la fonte des neiges, changeant ainsi le paysage \u00e0 jamais avec la formation d&#8217;un lac de 32 m\u00e8tres de profondeur et environ 2 500 m\u00e8tres de longueur.<\/p>\n\n\n<div id=\"search-widget-overlay\" class=\"search-widget-overlay\">\r\n  <div class=\"search-widget-overlay__form\" data-search-widget-container>\r\n    <div class=\"search-widget-overlay__details\">\r\n      <button class=\"search-widget-overlay__close\" data-search-widget-close>\r\n        \u2715\r\n      <\/button>\r\n      <div class=\"search-widget-overlay__text\">\r\n        Garmisch-Partenkirchen      <\/div>\r\n    <\/div>\r\n\r\n  <\/div>\r\n<\/div>\r\n\r\n<div class=\"search-widget-cta\">\r\n  <button class=\"search-widget-cta__button\" data-search-widget-cta>\r\n    Billets pour Garmisch-Partenkirchen  <\/button>\r\n<\/div>\n\n\n<figure class=\"wp-block-gallery columns-2 wp-block-gallery-1 is-layout-flex wp-block-gallery-is-layout-flex\"><ul class=\"blocks-gallery-grid\"><li class=\"blocks-gallery-item\"><figure><img decoding=\"async\" src=\"https:\/\/www.omio.fr\/window-seat\/wp-content\/uploads\/2022\/04\/Eibsee_alana-harris-9KiHCe8fLyY-unsplash.jpg\" alt=\"\" data-id=\"23345\" data-link=\"https:\/\/www.omio.fr\/window-seat\/?attachment_id=23345\" class=\"wp-image-23345\"\/><figcaption class=\"blocks-gallery-item__caption\">Proche de la fronti\u00e8re autrichienne, vous trouverez le lac Eibsee au pied des Alpes bavaroises. Cr\u00e9dit : Alana Harris\/Unsplash<\/figcaption><\/figure><\/li><li class=\"blocks-gallery-item\"><figure><img decoding=\"async\" src=\"https:\/\/www.omio.fr\/window-seat\/wp-content\/uploads\/2022\/04\/Eibsee_shutterstock_81931798.jpg\" alt=\"\" data-id=\"23352\" data-full-url=\"https:\/\/www.omio.fr\/window-seat\/wp-content\/uploads\/2022\/04\/Eibsee_shutterstock_81931798.jpg\" data-link=\"https:\/\/www.omio.fr\/window-seat\/?attachment_id=23352\" class=\"wp-image-23352\"\/><figcaption class=\"blocks-gallery-item__caption\">Les amoureux du sport et de la nature trouveront leur bonheur dans les montagnes et plaines bavaroises. Cr\u00e9dit : Shutterstock<\/figcaption><\/figure><\/li><\/ul><\/figure>\n\n\n\n<p>Louez un petit bateau, un p\u00e9dalo ou un paddle pour explorer le lac et ses petits \u00eelots offrant un spectacle de couleurs ; des nuances de bleu fonc\u00e9 aux tons bleu-vert. Vous pouvez m\u00eame vous baigner dans les eaux cristallines et rafra\u00eechissantes atteignant les 22 degr\u00e9s en \u00e9t\u00e9. En p\u00e9riode hivernale, le paysage entier se v\u00eatit d\u2019un manteau blanc et le lac g\u00e8le, cr\u00e9ant une sc\u00e8ne magique tout droit sortie d\u2019un conte de f\u00e9es.<\/p>\n\n\n\n<p>Prenez le t\u00e9l\u00e9ph\u00e9rique depuis la station situ\u00e9e \u00e0 l\u2019est du lac. Vous atteindrez le sommet en 10 minutes et contemplerez une vue \u00e0 couper le souffle sur les Alpes. D\u2019ici, les amateurs de randonn\u00e9es peuvent emprunter le sentier GletschErlebnisWeg et partir \u00e0 la d\u00e9couverte de l\u2019histoire du glacier de la Zugspitze.&nbsp;<\/p>\n\n\n\n<p><strong>Comment s\u2019y rendre ? <\/strong>Depuis Munich, rendez-vous \u00e0 <a href=\"https:\/\/www.omio.fr\/trains\/munich\/garmisch-partenkirchen?utm_source=omio-magazine&amp;utm_medium=magazine&amp;utm_campaign=August&amp;utm_content=Lookout&amp;utm_term=FR_TrainsMunichGarmishPartenkirchen\" target=\"_blank\" rel=\"noreferrer noopener\">Garmish-Partenkirchen<\/a> en train en moins de deux heures, puis prenez le bus EIBSEE pour arriver au lac.<\/p>\n\n\n\n<h3 class=\"wp-block-heading\"><strong>Bardenas Reales, Espagne<\/strong><\/h3>\n\n\n\n<p>Qui n\u2019a jamais r\u00eav\u00e9 de s\u2019aventurer dans les paysages du far west am\u00e9ricain ? Un voyage aux \u00c9tats-Unis demande pas mal de temps et d\u2019organisation pour les Europ\u00e9ens, mais l\u2019Espagne est un plan B id\u00e9al !<\/p>\n\n\n\n<p>Le d\u00e9sert de Bardenas Reales au paysage myst\u00e9rieux, voire lunaire, est \u00e9tonnamment m\u00e9connu des touristes. Aux allures de la Death Valley en Californie, il couvre une \u00e9tendue impressionnante de 42 000 hectares dans la r\u00e9gion de Navarre.<\/p>\n\n\n\n<figure class=\"wp-block-gallery columns-2 is-cropped wp-block-gallery-2 is-layout-flex wp-block-gallery-is-layout-flex\"><ul class=\"blocks-gallery-grid\"><li class=\"blocks-gallery-item\"><figure><img decoding=\"async\" src=\"https:\/\/www.omio.fr\/window-seat\/wp-content\/uploads\/2022\/04\/Bardenas_Reales_joanes-andueza-51QfP_VgTQ-unsplash.jpg\" alt=\"\" data-id=\"23359\" data-link=\"https:\/\/www.omio.fr\/window-seat\/?attachment_id=23359\" class=\"wp-image-23359\"\/><figcaption class=\"blocks-gallery-item__caption\">La Castildetierra est une chemin\u00e9e de f\u00e9e du d\u00e9sert Bardenas Reales, form\u00e9e suite \u00e0 des milliers d\u2019ann\u00e9es d\u2019\u00e9rosion naturelle. Cr\u00e9dit : Joanes Andueza\/Unsplash<\/figcaption><\/figure><\/li><li class=\"blocks-gallery-item\"><figure><img decoding=\"async\" src=\"https:\/\/www.omio.fr\/window-seat\/wp-content\/uploads\/2022\/04\/Bardenas_Reales_tom-dick-SuP8gYsFusA-unsplash.jpg\" alt=\"\" data-id=\"23367\" data-full-url=\"https:\/\/www.omio.fr\/window-seat\/wp-content\/uploads\/2022\/04\/Bardenas_Reales_tom-dick-SuP8gYsFusA-unsplash.jpg\" data-link=\"https:\/\/www.omio.fr\/window-seat\/?attachment_id=23367\" class=\"wp-image-23367\"\/><figcaption class=\"blocks-gallery-item__caption\">Des couleurs chaudes, des monts onduleux et des plaines arides : pr\u00e9parez-vous \u00e0 une aventure de far west am\u00e9ricain en Espagne. Cr\u00e9dit : Tom Dick\/Unsplash<\/figcaption><\/figure><\/li><\/ul><\/figure>\n\n\n\n<p>C\u2019est \u00e0 la suite d&#8217;une longue p\u00e9riode mouvement\u00e9e par l\u2019enfoncement des montagnes, l&#8217;abaissement du niveau de la mer et l\u2019\u00e9vaporation des eaux que les collines d\u2019argile et de calcaire sculpt\u00e9es par l\u2019\u00e9rosion ont fini par dominer ces plaines arides. Divis\u00e9 en trois parties \u00e0 la topographie distincte, le d\u00e9sert offre un panorama de couleurs chaudes, changeant \u00e0 la lumi\u00e8re du jour. Alors que La Blanca est la partie la plus aride avec des ravins et des terres argileuses, El Plano est plus agricole avec ses champs de c\u00e9r\u00e9ales, et La Negra est parsem\u00e9e de hautes collines onduleuses.<\/p>\n\n\n<div id=\"search-widget-overlay\" class=\"search-widget-overlay\">\r\n  <div class=\"search-widget-overlay__form\" data-search-widget-container>\r\n    <div class=\"search-widget-overlay__details\">\r\n      <button class=\"search-widget-overlay__close\" data-search-widget-close>\r\n        \u2715\r\n      <\/button>\r\n      <div class=\"search-widget-overlay__text\">\r\n        Saragosse      <\/div>\r\n    <\/div>\r\n\r\n  <\/div>\r\n<\/div>\r\n\r\n<div class=\"search-widget-cta\">\r\n  <button class=\"search-widget-cta__button\" data-search-widget-cta>\r\n    Billets pour Saragosse  <\/button>\r\n<\/div>\n\n\n<p>Avec 700 kilom\u00e8tres de sentiers am\u00e9nag\u00e9s, le v\u00e9lo est la meilleure fa\u00e7on d\u2019explorer le site. L\u2019itin\u00e9raire de 12 kilom\u00e8tres situ\u00e9 dans La Blanca vous permettra de d\u00e9couvrir les massifs de la Pisquerra et d\u2019El Rallon o\u00f9 les collines et falaises de couleurs blanc, jaune, gris, beige et ocre abondent.<\/p>\n\n\n\n<p><strong>Comment s\u2019y rendre ?<\/strong> Vous pouvez acc\u00e9der au d\u00e9sert de Bardenas Reales depuis <a href=\"https:\/\/www.omio.fr\/trains\/saragosse\/tudela-khghc?utm_source=omio-magazine&amp;utm_medium=magazine&amp;utm_campaign=August&amp;utm_content=Lookout&amp;utm_term=FR_TrainsSaragosseTudela\" target=\"_blank\" rel=\"noreferrer noopener\">Tudela de Navarra<\/a>, o\u00f9 vous pouvez vous rendre en train depuis Saragosse en moins d\u2019une heure.<\/p>\n\n\n\n<h3 class=\"wp-block-heading\"><strong>Civita di Bagnoregio, Italie<\/strong><\/h3>\n\n\n\n<p>Telle une myst\u00e9rieuse cit\u00e9 flottante, Civita di Bagnoregio m\u00eale la beaut\u00e9 de la roche, de la v\u00e9g\u00e9tation et des monts du Latium, offrant ainsi un spectacle similaire \u00e0 celui de la citadelle et forteresse antique de Sigiriya au Sri Lanka. La ville italienne aurait inspir\u00e9 Hayao Miyazaki pour son film d&#8217;animation \u00ab Le ch\u00e2teau dans le ciel \u00bb.<\/p>\n\n\n\n<p>Aux temps antiques, la base rocheuse de la ville s\u2019est form\u00e9e suite \u00e0 l&#8217;accumulation d\u2019argile et de boue, qui prouverait la pr\u00e9sence d\u2019eau auparavant, et de d\u00e9bris volcaniques composant le tuf du plateau sup\u00e9rieur. Au fil des si\u00e8cles, cette structure assez fragile n\u2019a pu r\u00e9sister aux \u00e9rosions continues et aux tremblements de terre, avec des glissements de terrain poussant ses habitants \u00e0 quitter la ville.<\/p>\n\n\n\n<figure class=\"wp-block-gallery columns-2 wp-block-gallery-3 is-layout-flex wp-block-gallery-is-layout-flex\"><ul class=\"blocks-gallery-grid\"><li class=\"blocks-gallery-item\"><figure><img decoding=\"async\" src=\"https:\/\/www.omio.fr\/window-seat\/wp-content\/uploads\/2022\/04\/Civita_di_Bagnoregio_catherine-kerr-AGKfpwo7ED8-unsplash.jpg\" alt=\"\" data-id=\"23374\" data-link=\"https:\/\/www.omio.fr\/window-seat\/?attachment_id=23374\" class=\"wp-image-23374\"\/><figcaption class=\"blocks-gallery-item__caption\">D\u00e9couvrez la version italienne du ch\u00e2teau dans le ciel, tr\u00f4nant sur les monts verdoyants du Latium. Cr\u00e9dit : Catherine Kerr\/Unsplash<\/figcaption><\/figure><\/li><li class=\"blocks-gallery-item\"><figure><img decoding=\"async\" src=\"https:\/\/www.omio.fr\/window-seat\/wp-content\/uploads\/2022\/04\/Civita_di_Bagnoregio_heidi-kaden-7i7AUTWKf5E-unsplash-1.jpg\" alt=\"\" data-id=\"23381\" data-full-url=\"https:\/\/www.omio.fr\/window-seat\/wp-content\/uploads\/2022\/04\/Civita_di_Bagnoregio_heidi-kaden-7i7AUTWKf5E-unsplash-1.jpg\" data-link=\"https:\/\/www.omio.fr\/window-seat\/?attachment_id=23381\" class=\"wp-image-23381\"\/><figcaption class=\"blocks-gallery-item__caption\">Les rues m\u00e9di\u00e9vales et les maisons en pierre de Civita di Bagnoregio vous font voyager dans le temps. Heidi Kaden\/Unsplash<\/figcaption><\/figure><\/li><\/ul><\/figure>\n\n\n\n<p>Aujourd&#8217;hui, la petite ville perch\u00e9e offre une atmosph\u00e8re qui semble \u00eatre fig\u00e9e dans le temps. Totalement p\u00e9destre, dandinez-vous \u00e0 travers ses rues m\u00e9di\u00e9vales aux murs et balcons orn\u00e9s de fleurs. Des vues spectaculaires sur la campagne italienne verdoyante vous attendent \u00e0 chaque coin de rue.<\/p>\n\n\n<div id=\"search-widget-overlay\" class=\"search-widget-overlay\">\r\n  <div class=\"search-widget-overlay__form\" data-search-widget-container>\r\n    <div class=\"search-widget-overlay__details\">\r\n      <button class=\"search-widget-overlay__close\" data-search-widget-close>\r\n        \u2715\r\n      <\/button>\r\n      <div class=\"search-widget-overlay__text\">\r\n        Bagnoregio      <\/div>\r\n    <\/div>\r\n\r\n  <\/div>\r\n<\/div>\r\n\r\n<div class=\"search-widget-cta\">\r\n  <button class=\"search-widget-cta__button\" data-search-widget-cta>\r\n    Tickets to Bagnoregio  <\/button>\r\n<\/div>\n\n\n<p>Une pause italienne gourmande s&#8217;impose dans un des restaurants ou trattoria aux espaces <meta charset=\"utf-8\">\u00e0 l&#8217;ambiance rustique, creus\u00e9s dans des structures en tuf et pierre.<\/p>\n\n\n\n<p><strong>Comment s\u2019y rendre ?<\/strong> Prenez le train depuis Rome en direction de Bagnoregio pour y arriver en moins de deux heures.<\/p>\n\n\n\n<h3 class=\"wp-block-heading\"><strong>Les lacs Plitvice, Croatie<\/strong><\/h3>\n\n\n\n<p>Parfait pour les amoureux de paysages tropicaux, le parc national des lacs Plitvice est une version modeste mais non moins scenique des \u00eeles thailandaises, m\u00ealant des eaux de couleur vert-\u00e9meraude et une v\u00e9g\u00e9tation dense.<\/p>\n\n\n\n<p>La formation de ce paysage de lacs en cascade est due \u00e0 un processus g\u00e9ologique et hydraulique subi par les roches de calcaire et de dolomite qui se dissolvent et s\u2019usent au contact de l\u2019eau riche en CO2. Se forme ainsi ce relief karstique avec des lacs interconnect\u00e9s par des chutes d\u2019eau, mais aussi des gouffres et des grottes.<\/p>\n\n\n\n<figure class=\"wp-block-gallery columns-2 wp-block-gallery-4 is-layout-flex wp-block-gallery-is-layout-flex\"><ul class=\"blocks-gallery-grid\"><li class=\"blocks-gallery-item\"><figure><img decoding=\"async\" src=\"https:\/\/www.omio.fr\/window-seat\/wp-content\/uploads\/2022\/04\/Plitvice_agnieszka-mordaunt-2Nl_sla0uFc-unsplash.jpg\" alt=\"\" data-id=\"23389\" data-link=\"https:\/\/www.omio.fr\/window-seat\/?attachment_id=23389\" class=\"wp-image-23389\"\/><figcaption class=\"blocks-gallery-item__caption\">Les paysages tropicaux existent aussi en Europe ! Cr\u00e9dit : Agnieszka Mordaunt\/Unsplash<\/figcaption><\/figure><\/li><li class=\"blocks-gallery-item\"><figure><img decoding=\"async\" src=\"https:\/\/www.omio.fr\/window-seat\/wp-content\/uploads\/2022\/04\/Plitvice_shutterstock_1676180716.jpg\" alt=\"\" data-id=\"23396\" data-full-url=\"https:\/\/www.omio.fr\/window-seat\/wp-content\/uploads\/2022\/04\/Plitvice_shutterstock_1676180716.jpg\" data-link=\"https:\/\/www.omio.fr\/window-seat\/?attachment_id=23396\" class=\"wp-image-23396\"\/><figcaption class=\"blocks-gallery-item__caption\">Louez un bateau pour explorer les eaux cristallines des lacs Plitvice. Cr\u00e9dit : Shutterstock<\/figcaption><\/figure><\/li><\/ul><\/figure>\n\n\n<div id=\"search-widget-overlay\" class=\"search-widget-overlay\">\r\n  <div class=\"search-widget-overlay__form\" data-search-widget-container>\r\n    <div class=\"search-widget-overlay__details\">\r\n      <button class=\"search-widget-overlay__close\" data-search-widget-close>\r\n        \u2715\r\n      <\/button>\r\n      <div class=\"search-widget-overlay__text\">\r\n        Plitvice Jezera      <\/div>\r\n    <\/div>\r\n\r\n  <\/div>\r\n<\/div>\r\n\r\n<div class=\"search-widget-cta\">\r\n  <button class=\"search-widget-cta__button\" data-search-widget-cta>\r\n    Billets pour Plitvice Jezera  <\/button>\r\n<\/div>\n\n\n<p>Le parc national abrite 16 grands lacs et des for\u00eats \u00e9paisses, nomm\u00e9es \u00ab Jardin des enfers \u00bb pour leur densit\u00e9. Explorez le parc paisiblement en suivant les sentiers de randonn\u00e9e balis\u00e9s le long des lacs, des pentes et des canyons. Ne manquez surtout pas une balade sur l\u2019eau en louant un petit bateau. En hiver, les amateurs de ski peuvent \u00e9galement se rendre \u00e0 la station de ski situ\u00e9e \u00e0 seulement quelques kilom\u00e8tres de l\u2019entr\u00e9e du parc.<\/p>\n\n\n\n<p><strong>Comment s\u2019y rendre ?<\/strong> Depuis Zagreb, rendez-vous \u00e0 <a href=\"https:\/\/www.omio.fr\/bus\/zagreb\/plitvicka-jezera-zjaa5?utm_source=omio-magazine&amp;utm_medium=magazine&amp;utm_campaign=August&amp;utm_content=Lookout&amp;utm_term=FR_BusZagrebPlitviceJezera\" target=\"_blank\" rel=\"noreferrer noopener\">Plitvice Jezera en bus<\/a> en moins de trois heures. L\u2019arr\u00eat de bus se trouve juste \u00e0 c\u00f4t\u00e9 de la deuxi\u00e8me entr\u00e9e du Parc National.<\/p>\n\n\n\n<h3 class=\"wp-block-heading\"><strong>Dune du Pilat, France<\/strong><\/h3>\n\n\n\n<p>Dans le bassin d\u2019Arcachon, trois merveilles naturelles coexistent c\u00f4te \u00e0 c\u00f4te : le d\u00e9sert, les eaux cristallines et la verdure intense. Pourtant, la Dune du Pilat est une destination sous-estim\u00e9e par les touristes \u00e9trangers qui affluent plut\u00f4t sur les c\u00f4tes m\u00e9diterran\u00e9ennes.&nbsp;<\/p>\n\n\n\n<p>R\u00e9sultat d\u2019une \u00e9volution de 4 000 ans, le climat changeant de la r\u00e9gion a favoris\u00e9 les vents de temp\u00eate, ce qui entraina une accumulation de sable, cr\u00e9ant des dunes mesurant jusqu&#8217;\u00e0 106 m\u00e8tres de hauteur. Pour stopper l\u2019envahissement des villages par le sable, une for\u00eat de pins y fut cultiv\u00e9e par un d\u00e9cret de Napol\u00e9on Bonaparte.&nbsp;<\/p>\n\n\n\n<figure class=\"wp-block-gallery columns-2 wp-block-gallery-5 is-layout-flex wp-block-gallery-is-layout-flex\"><ul class=\"blocks-gallery-grid\"><li class=\"blocks-gallery-item\"><figure><img decoding=\"async\" src=\"https:\/\/www.omio.fr\/window-seat\/wp-content\/uploads\/2022\/04\/Dune_Pilat_shutterstock_1404698579.png\" alt=\"\" data-id=\"23314\" data-link=\"https:\/\/www.omio.fr\/window-seat\/?attachment_id=23314\" class=\"wp-image-23314\"\/><figcaption class=\"blocks-gallery-item__caption\">Sable, oc\u00e9an et for\u00eat : trois merveilles naturelles coexistent dans le Bassin d\u2019Arcachon. Cr\u00e9dit : Shutterstock<\/figcaption><\/figure><\/li><li class=\"blocks-gallery-item\"><figure><img decoding=\"async\" src=\"https:\/\/www.omio.fr\/window-seat\/wp-content\/uploads\/2022\/04\/Dune_Pilat_Oiseaux_shutterstock_1012422880.jpg\" alt=\"\" data-id=\"23337\" data-full-url=\"https:\/\/www.omio.fr\/window-seat\/wp-content\/uploads\/2022\/04\/Dune_Pilat_Oiseaux_shutterstock_1012422880.jpg\" data-link=\"https:\/\/www.omio.fr\/window-seat\/?attachment_id=23337\" class=\"wp-image-23337\"\/><figcaption class=\"blocks-gallery-item__caption\">Les cabanes en bois de l\u2019\u00cele aux Oiseaux ont \u00e9t\u00e9 initialement construites pour prot\u00e9ger les parcs \u00e0 hu\u00eetres. Cr\u00e9dit : Shutterstock<\/figcaption><\/figure><\/li><\/ul><\/figure>\n\n\n\n<p>Laissez-vous transporter au Sahara, avec d\u2019un c\u00f4t\u00e9 le Banc d\u2019Arguin rappelant la Plage de Whitehaven en Australie et d\u2019un autre un spectacle de fra\u00eecheur s&#8217;\u00e9tendant sur 6 300 hectares.<\/p>\n\n\n<div id=\"search-widget-overlay\" class=\"search-widget-overlay\">\r\n  <div class=\"search-widget-overlay__form\" data-search-widget-container>\r\n    <div class=\"search-widget-overlay__details\">\r\n      <button class=\"search-widget-overlay__close\" data-search-widget-close>\r\n        \u2715\r\n      <\/button>\r\n      <div class=\"search-widget-overlay__text\">\r\n        Arcachon      <\/div>\r\n    <\/div>\r\n\r\n  <\/div>\r\n<\/div>\r\n\r\n<div class=\"search-widget-cta\">\r\n  <button class=\"search-widget-cta__button\" data-search-widget-cta>\r\n    Billets pour Arcachon  <\/button>\r\n<\/div>\n\n\n<p>Pour une exp\u00e9rience inoubliable \u00e0 mar\u00e9e basse, marchez pieds nus sur la vase jusqu\u2019aux cabanes de l&#8217;\u00cele aux Oiseaux. Au coucher du soleil, rendez-vous au Cap Ferret, un village baln\u00e9aire chic connu pour son atmosph\u00e8re jet-set, et d\u00e9gustez des hu\u00eetres fra\u00eeches dans un des restaurants tr\u00e8s pris\u00e9s en bord d\u2019oc\u00e9an.<\/p>\n\n\n\n<p><strong>Comment s\u2019y rendre ? <\/strong>Prenez un train au d\u00e9part de Bordeaux pour arriver \u00e0 <a href=\"https:\/\/www.omio.fr\/trains\/bordeaux\/arcachon?utm_source=omio-magazine&amp;utm_medium=magazine&amp;utm_campaign=August&amp;utm_content=Lookout&amp;utm_term=FR_TrainsBordeauxArcachon\" target=\"_blank\" rel=\"noreferrer noopener\">Arcachon<\/a> en moins d\u2019une heure, puis prenez le bus BAIA Ligne 1 pour vous rendre \u00e0 la Dune du Pilat.<\/p>\n","protected":false},"excerpt":{"rendered":"<p>Pr\u00eats \u00e0 vous aventurer au-del\u00e0 des destinations europ\u00e9ennes classiques et de partir \u00e0 la d\u00e9couverte d\u2019une nouvelle facette du continent ? L\u2019Europe est remplie de lieux forg\u00e9s par la nature, offrant des paysages de r\u00eave. Et pourtant, certains sont \u00e9tonnement (et heureusement) moins connus des touristes. Des panoramas \u00e0 l\u2019ambiance lunaire et d\u00e9sertique aux paradis&hellip; <a class=\"more-link\" href=\"https:\/\/www.omio.fr\/window-seat\/fr\/issue-fr\/les-lieux-les-plus-spectaculaires-deurope\/\">Continue reading <span class=\"screen-reader-text\">Les lieux les plus spectaculaires d\u2019Europe<\/span><\/a><\/p>\n","protected":false},"author":10,"featured_media":22317,"comment_status":"open","ping_status":"open","sticky":false,"template":"","format":"standard","meta":{"_acf_changed":false,"inline_featured_image":false,"footnotes":""},"categories":[824,835],"tags":[],"position_ids":[1788],"class_list":["post-27459","post","type-post","status-publish","format-standard","has-post-thumbnail","hentry","category-issue-fr","category-secret-fr","position_id-448206-fr","entry"],"acf":[],"yoast_head":"<!-- This site is optimized with the Yoast SEO plugin v24.9 - https:\/\/yoast.com\/wordpress\/plugins\/seo\/ -->\n<title>Les meilleures lieux de baignade en ville | Omio<\/title>\n<meta name=\"description\" content=\"Offrez-vous de la fra\u00eecheur en pleine ville dans les eaux d&#039;une piscine publique ou d&#039;un lac urbain \u00e0 Paris, Berlin, Madrid, Prague, Vienne\" \/>\n<meta name=\"robots\" content=\"index, follow, max-snippet:-1, max-image-preview:large, max-video-preview:-1\" \/>\n<link rel=\"canonical\" href=\"https:\/\/www.omio.fr\/window-seat\/issue-fr\/les-lieux-les-plus-spectaculaires-deurope\/\" \/>\n<meta property=\"og:locale\" content=\"en_US\" \/>\n<meta property=\"og:type\" content=\"article\" \/>\n<meta property=\"og:title\" content=\"Les meilleures lieux de baignade en ville | Omio\" \/>\n<meta property=\"og:description\" content=\"Offrez-vous de la fra\u00eecheur en pleine ville dans les eaux d&#039;une piscine publique ou d&#039;un lac urbain \u00e0 Paris, Berlin, Madrid, Prague, Vienne\" \/>\n<meta property=\"og:url\" content=\"https:\/\/www.omio.fr\/window-seat\/fr\/issue-fr\/les-lieux-les-plus-spectaculaires-deurope\/\" \/>\n<meta property=\"og:site_name\" content=\"The Window Seat\" \/>\n<meta property=\"article:published_time\" content=\"2021-08-01T00:00:00+00:00\" \/>\n<meta property=\"article:modified_time\" content=\"2022-08-04T08:48:39+00:00\" \/>\n<meta property=\"og:image\" content=\"https:\/\/www.omio.fr\/window-seat\/wp-content\/uploads\/2022\/04\/Dune_Pilat_shutterstock_771269812-1-1024x682.jpg\" \/>\n\t<meta property=\"og:image:width\" content=\"1024\" \/>\n\t<meta property=\"og:image:height\" content=\"682\" \/>\n\t<meta property=\"og:image:type\" content=\"image\/jpeg\" \/>\n<meta name=\"author\" content=\"Melek Carkaci\" \/>\n<meta name=\"twitter:card\" content=\"summary_large_image\" \/>\n<meta name=\"twitter:label1\" content=\"Written by\" \/>\n\t<meta name=\"twitter:data1\" content=\"Melek Carkaci\" \/>\n\t<meta name=\"twitter:label2\" content=\"Est. reading time\" \/>\n\t<meta name=\"twitter:data2\" content=\"8 minutes\" \/>\n<script type=\"application\/ld+json\" class=\"yoast-schema-graph\">{\"@context\":\"https:\/\/schema.org\",\"@graph\":[{\"@type\":\"WebPage\",\"@id\":\"https:\/\/www.omio.fr\/window-seat\/fr\/issue-fr\/les-lieux-les-plus-spectaculaires-deurope\/\",\"url\":\"https:\/\/www.omio.fr\/window-seat\/fr\/issue-fr\/les-lieux-les-plus-spectaculaires-deurope\/\",\"name\":\"Les meilleures lieux de baignade en ville | Omio\",\"isPartOf\":{\"@id\":\"https:\/\/www.omio.fr\/window-seat\/#website\"},\"primaryImageOfPage\":{\"@id\":\"https:\/\/www.omio.fr\/window-seat\/fr\/issue-fr\/les-lieux-les-plus-spectaculaires-deurope\/#primaryimage\"},\"image\":{\"@id\":\"https:\/\/www.omio.fr\/window-seat\/fr\/issue-fr\/les-lieux-les-plus-spectaculaires-deurope\/#primaryimage\"},\"thumbnailUrl\":\"https:\/\/www.omio.fr\/window-seat\/wp-content\/uploads\/2022\/04\/Dune_Pilat_shutterstock_771269812-1.jpg\",\"datePublished\":\"2021-08-01T00:00:00+00:00\",\"dateModified\":\"2022-08-04T08:48:39+00:00\",\"author\":{\"@id\":\"https:\/\/www.omio.fr\/window-seat\/#\/schema\/person\/aa26f7149b7e0fcab9c1c8c5713fd830\"},\"description\":\"Offrez-vous de la fra\u00eecheur en pleine ville dans les eaux d'une piscine publique ou d'un lac urbain \u00e0 Paris, Berlin, Madrid, Prague, Vienne\",\"breadcrumb\":{\"@id\":\"https:\/\/www.omio.fr\/window-seat\/fr\/issue-fr\/les-lieux-les-plus-spectaculaires-deurope\/#breadcrumb\"},\"inLanguage\":\"en-US\",\"potentialAction\":[{\"@type\":\"ReadAction\",\"target\":[\"https:\/\/www.omio.fr\/window-seat\/fr\/issue-fr\/les-lieux-les-plus-spectaculaires-deurope\/\"]}]},{\"@type\":\"ImageObject\",\"inLanguage\":\"en-US\",\"@id\":\"https:\/\/www.omio.fr\/window-seat\/fr\/issue-fr\/les-lieux-les-plus-spectaculaires-deurope\/#primaryimage\",\"url\":\"https:\/\/www.omio.fr\/window-seat\/wp-content\/uploads\/2022\/04\/Dune_Pilat_shutterstock_771269812-1.jpg\",\"contentUrl\":\"https:\/\/www.omio.fr\/window-seat\/wp-content\/uploads\/2022\/04\/Dune_Pilat_shutterstock_771269812-1.jpg\",\"width\":1900,\"height\":1266,\"caption\":\"A scenic contrast: Dune du Pilat faces a lush forest, which stretches across 15,000 acres. Credit: Shutterstock\"},{\"@type\":\"BreadcrumbList\",\"@id\":\"https:\/\/www.omio.fr\/window-seat\/fr\/issue-fr\/les-lieux-les-plus-spectaculaires-deurope\/#breadcrumb\",\"itemListElement\":[{\"@type\":\"ListItem\",\"position\":1,\"name\":\"The Window Seat\",\"item\":\"https:\/\/www.omio.fr\/window-seat\/\"},{\"@type\":\"ListItem\",\"position\":2,\"name\":\"Issue OLD\",\"item\":\"https:\/\/www.omio.fr\/window-seat\/fr\/issue-fr\/\"},{\"@type\":\"ListItem\",\"position\":3,\"name\":\"Les lieux les plus spectaculaires d\u2019Europe\"}]},{\"@type\":\"WebSite\",\"@id\":\"https:\/\/www.omio.fr\/window-seat\/#website\",\"url\":\"https:\/\/www.omio.fr\/window-seat\/\",\"name\":\"The Window Seat\",\"description\":\"\",\"potentialAction\":[{\"@type\":\"SearchAction\",\"target\":{\"@type\":\"EntryPoint\",\"urlTemplate\":\"https:\/\/www.omio.fr\/window-seat\/?s={search_term_string}\"},\"query-input\":{\"@type\":\"PropertyValueSpecification\",\"valueRequired\":true,\"valueName\":\"search_term_string\"}}],\"inLanguage\":\"en-US\"},{\"@type\":\"Person\",\"@id\":\"https:\/\/www.omio.fr\/window-seat\/#\/schema\/person\/aa26f7149b7e0fcab9c1c8c5713fd830\",\"name\":\"Melek Carkaci\",\"image\":{\"@type\":\"ImageObject\",\"inLanguage\":\"en-US\",\"@id\":\"https:\/\/www.omio.fr\/window-seat\/#\/schema\/person\/image\/\",\"url\":\"https:\/\/secure.gravatar.com\/avatar\/36a542faaab71cd0c5e28f4ef1b4a47a73c2555729dc68125edeea3f89dbe027?s=96&d=mm&r=g\",\"contentUrl\":\"https:\/\/secure.gravatar.com\/avatar\/36a542faaab71cd0c5e28f4ef1b4a47a73c2555729dc68125edeea3f89dbe027?s=96&d=mm&r=g\",\"caption\":\"Melek Carkaci\"}}]}<\/script>\n<!-- \/ Yoast SEO plugin. -->","yoast_head_json":{"title":"Les meilleures lieux de baignade en ville | Omio","description":"Offrez-vous de la fra\u00eecheur en pleine ville dans les eaux d'une piscine publique ou d'un lac urbain \u00e0 Paris, Berlin, Madrid, Prague, Vienne","robots":{"index":"index","follow":"follow","max-snippet":"max-snippet:-1","max-image-preview":"max-image-preview:large","max-video-preview":"max-video-preview:-1"},"canonical":"https:\/\/www.omio.fr\/window-seat\/issue-fr\/les-lieux-les-plus-spectaculaires-deurope\/","og_locale":"en_US","og_type":"article","og_title":"Les meilleures lieux de baignade en ville | Omio","og_description":"Offrez-vous de la fra\u00eecheur en pleine ville dans les eaux d'une piscine publique ou d'un lac urbain \u00e0 Paris, Berlin, Madrid, Prague, Vienne","og_url":"https:\/\/www.omio.fr\/window-seat\/fr\/issue-fr\/les-lieux-les-plus-spectaculaires-deurope\/","og_site_name":"The Window Seat","article_published_time":"2021-08-01T00:00:00+00:00","article_modified_time":"2022-08-04T08:48:39+00:00","og_image":[{"width":1024,"height":682,"url":"https:\/\/www.omio.fr\/window-seat\/wp-content\/uploads\/2022\/04\/Dune_Pilat_shutterstock_771269812-1-1024x682.jpg","type":"image\/jpeg"}],"author":"Melek Carkaci","twitter_card":"summary_large_image","twitter_misc":{"Written by":"Melek Carkaci","Est. reading time":"8 minutes"},"schema":{"@context":"https:\/\/schema.org","@graph":[{"@type":"WebPage","@id":"https:\/\/www.omio.fr\/window-seat\/fr\/issue-fr\/les-lieux-les-plus-spectaculaires-deurope\/","url":"https:\/\/www.omio.fr\/window-seat\/fr\/issue-fr\/les-lieux-les-plus-spectaculaires-deurope\/","name":"Les meilleures lieux de baignade en ville | Omio","isPartOf":{"@id":"https:\/\/www.omio.fr\/window-seat\/#website"},"primaryImageOfPage":{"@id":"https:\/\/www.omio.fr\/window-seat\/fr\/issue-fr\/les-lieux-les-plus-spectaculaires-deurope\/#primaryimage"},"image":{"@id":"https:\/\/www.omio.fr\/window-seat\/fr\/issue-fr\/les-lieux-les-plus-spectaculaires-deurope\/#primaryimage"},"thumbnailUrl":"https:\/\/www.omio.fr\/window-seat\/wp-content\/uploads\/2022\/04\/Dune_Pilat_shutterstock_771269812-1.jpg","datePublished":"2021-08-01T00:00:00+00:00","dateModified":"2022-08-04T08:48:39+00:00","author":{"@id":"https:\/\/www.omio.fr\/window-seat\/#\/schema\/person\/aa26f7149b7e0fcab9c1c8c5713fd830"},"description":"Offrez-vous de la fra\u00eecheur en pleine ville dans les eaux d'une piscine publique ou d'un lac urbain \u00e0 Paris, Berlin, Madrid, Prague, Vienne","breadcrumb":{"@id":"https:\/\/www.omio.fr\/window-seat\/fr\/issue-fr\/les-lieux-les-plus-spectaculaires-deurope\/#breadcrumb"},"inLanguage":"en-US","potentialAction":[{"@type":"ReadAction","target":["https:\/\/www.omio.fr\/window-seat\/fr\/issue-fr\/les-lieux-les-plus-spectaculaires-deurope\/"]}]},{"@type":"ImageObject","inLanguage":"en-US","@id":"https:\/\/www.omio.fr\/window-seat\/fr\/issue-fr\/les-lieux-les-plus-spectaculaires-deurope\/#primaryimage","url":"https:\/\/www.omio.fr\/window-seat\/wp-content\/uploads\/2022\/04\/Dune_Pilat_shutterstock_771269812-1.jpg","contentUrl":"https:\/\/www.omio.fr\/window-seat\/wp-content\/uploads\/2022\/04\/Dune_Pilat_shutterstock_771269812-1.jpg","width":1900,"height":1266,"caption":"A scenic contrast: Dune du Pilat faces a lush forest, which stretches across 15,000 acres. Credit: Shutterstock"},{"@type":"BreadcrumbList","@id":"https:\/\/www.omio.fr\/window-seat\/fr\/issue-fr\/les-lieux-les-plus-spectaculaires-deurope\/#breadcrumb","itemListElement":[{"@type":"ListItem","position":1,"name":"The Window Seat","item":"https:\/\/www.omio.fr\/window-seat\/"},{"@type":"ListItem","position":2,"name":"Issue OLD","item":"https:\/\/www.omio.fr\/window-seat\/fr\/issue-fr\/"},{"@type":"ListItem","position":3,"name":"Les lieux les plus spectaculaires d\u2019Europe"}]},{"@type":"WebSite","@id":"https:\/\/www.omio.fr\/window-seat\/#website","url":"https:\/\/www.omio.fr\/window-seat\/","name":"The Window Seat","description":"","potentialAction":[{"@type":"SearchAction","target":{"@type":"EntryPoint","urlTemplate":"https:\/\/www.omio.fr\/window-seat\/?s={search_term_string}"},"query-input":{"@type":"PropertyValueSpecification","valueRequired":true,"valueName":"search_term_string"}}],"inLanguage":"en-US"},{"@type":"Person","@id":"https:\/\/www.omio.fr\/window-seat\/#\/schema\/person\/aa26f7149b7e0fcab9c1c8c5713fd830","name":"Melek Carkaci","image":{"@type":"ImageObject","inLanguage":"en-US","@id":"https:\/\/www.omio.fr\/window-seat\/#\/schema\/person\/image\/","url":"https:\/\/secure.gravatar.com\/avatar\/36a542faaab71cd0c5e28f4ef1b4a47a73c2555729dc68125edeea3f89dbe027?s=96&d=mm&r=g","contentUrl":"https:\/\/secure.gravatar.com\/avatar\/36a542faaab71cd0c5e28f4ef1b4a47a73c2555729dc68125edeea3f89dbe027?s=96&d=mm&r=g","caption":"Melek Carkaci"}}]}},"_links":{"self":[{"href":"https:\/\/www.omio.fr\/window-seat\/wp-json\/wp\/v2\/posts\/27459","targetHints":{"allow":["GET"]}}],"collection":[{"href":"https:\/\/www.omio.fr\/window-seat\/wp-json\/wp\/v2\/posts"}],"about":[{"href":"https:\/\/www.omio.fr\/window-seat\/wp-json\/wp\/v2\/types\/post"}],"author":[{"embeddable":true,"href":"https:\/\/www.omio.fr\/window-seat\/wp-json\/wp\/v2\/users\/10"}],"replies":[{"embeddable":true,"href":"https:\/\/www.omio.fr\/window-seat\/wp-json\/wp\/v2\/comments?post=27459"}],"version-history":[{"count":5,"href":"https:\/\/www.omio.fr\/window-seat\/wp-json\/wp\/v2\/posts\/27459\/revisions"}],"predecessor-version":[{"id":36204,"href":"https:\/\/www.omio.fr\/window-seat\/wp-json\/wp\/v2\/posts\/27459\/revisions\/36204"}],"wp:featuredmedia":[{"embeddable":true,"href":"https:\/\/www.omio.fr\/window-seat\/wp-json\/wp\/v2\/media\/22317"}],"wp:attachment":[{"href":"https:\/\/www.omio.fr\/window-seat\/wp-json\/wp\/v2\/media?parent=27459"}],"wp:term":[{"taxonomy":"category","embeddable":true,"href":"https:\/\/www.omio.fr\/window-seat\/wp-json\/wp\/v2\/categories?post=27459"},{"taxonomy":"post_tag","embeddable":true,"href":"https:\/\/www.omio.fr\/window-seat\/wp-json\/wp\/v2\/tags?post=27459"},{"taxonomy":"position_id","embeddable":true,"href":"https:\/\/www.omio.fr\/window-seat\/wp-json\/wp\/v2\/position_ids?post=27459"}],"curies":[{"name":"wp","href":"https:\/\/api.w.org\/{rel}","templated":true}]}}