{"id":27497,"date":"2021-08-01T00:00:00","date_gmt":"2021-08-01T00:00:00","guid":{"rendered":"http:\/\/www.omio.fr\/window-seat\/non-classifiee\/ozapft-is-votre-guide-dinitiation-a-loktoberfest"},"modified":"2022-08-04T08:48:49","modified_gmt":"2022-08-04T08:48:49","slug":"ozapft-is-votre-guide-dinitiation-a-loktoberfest","status":"publish","type":"post","link":"https:\/\/www.omio.fr\/window-seat\/fr\/culture-lifestyle-fr\/ozapft-is-votre-guide-dinitiation-a-loktoberfest\/","title":{"rendered":"O&#8217;zapft is! Votre guide d\u2019initiation \u00e0 l\u2019Oktoberfest"},"content":{"rendered":"\n<p>L\u2019Oktoberfest de Munich est la plus grande f\u00eate populaire du monde, et \u00e9galement la plus connue. Chaque ann\u00e9e, environ 6 millions de visiteurs venant des quatre coins du monde viennent en p\u00e8lerinage dans la capitale bavaroise pour d\u00e9couvrir cette f\u00eate allemande iconique. Et pourtant, tr\u00e8s peu de personnes connaissent ses origines.<\/p>\n\n\n\n<p>Suivez nos conseils pratiques pour faire de votre Oktoberfest une vraie r\u00e9ussite. M\u00eame si celle de <a href=\"https:\/\/www.omio.fr\/voyage\/munich?utm_source=omio-magazine&amp;utm_medium=magazine&amp;utm_campaign=August&amp;utm_content=Oktoberfest&amp;utm_term=FR_VoyageMunich\" target=\"_blank\" rel=\"noreferrer noopener\">Munich<\/a> est annul\u00e9e en raison de la pand\u00e9mie, nous avons trouv\u00e9 trois autres alternatives internationales qui sont maintenues !<\/p>\n\n\n<div id=\"search-widget-overlay\" class=\"search-widget-overlay\">\r\n  <div class=\"search-widget-overlay__form\" data-search-widget-container>\r\n    <div class=\"search-widget-overlay__details\">\r\n      <button class=\"search-widget-overlay__close\" data-search-widget-close>\r\n        \u2715\r\n      <\/button>\r\n      <div class=\"search-widget-overlay__text\">\r\n        Munich      <\/div>\r\n    <\/div>\r\n\r\n  <\/div>\r\n<\/div>\r\n\r\n<div class=\"search-widget-cta\">\r\n  <button class=\"search-widget-cta__button\" data-search-widget-cta>\r\n    Billets pour  Munich  <\/button>\r\n<\/div>\n\n\n<h3 class=\"wp-block-heading\">Oktoberfest : L&#8217;origine<\/h3>\n\n\n\n<p>Pour c\u00e9l\u00e9brer le mariage du Prince R\u00e9gent Louis de Bavi\u00e8re, devenu ensuite roi Louis Ier, et de la princesse Th\u00e9r\u00e8se de Saxe-Hildburghausen, Andreas Michael Dall&#8217;Armi de la garde nationale bavaroise a organis\u00e9 une course \u00e0 cheval pour cette occasion. Le 17 octobre 1819, 40 000 spectateurs se sont rassembl\u00e9s sur la place Theresienwiese, nomm\u00e9e d\u2019apr\u00e8s la mari\u00e9e, pour le spectacle. Depuis le XIXe si\u00e8cle, cet \u00e9v\u00e9nement s\u2019est transform\u00e9 en une f\u00eate que nous connaissons d\u00e9sormais tous, l\u2019Oktoberfest. Au fil des ann\u00e9es, les petits \u00e9tals sont devenus de grandes tentes de bi\u00e8res avec leur propres bandes.<\/p>\n\n\n\n<p>De nos jours, les visiteurs peuvent choisir entre 30 petites et grandes tentes qui servent uniquement de la bi\u00e8re provenant des brasseries traditionnelles de <a href=\"https:\/\/www.omio.fr\/voyage\/munich?utm_source=omio-magazine&amp;utm_medium=magazine&amp;utm_campaign=August&amp;utm_content=Oktoberfest&amp;utm_term=FR_VoyageMunich\" target=\"_blank\" rel=\"noreferrer noopener\">Munich<\/a> : Augustiner, Paulaner, Hofbr\u00e4u et L\u00f6wenbr\u00e4u pour en citer quelques-unes. En plus des man\u00e8ges et des montagnes russes, les visiteurs peuvent d\u00e9guster des d\u00e9lices tels que le <em>Hendl<\/em> (poulet r\u00f4ti et \u00e9pic\u00e9) ou le <em>Schweinshaxe <\/em>(jarret de porc r\u00f4ti). Pour son 200\u00e8me anniversaire, l\u2019Oktoberfest a \u00e9t\u00e9 \u00e9largi en 2010 afin d\u2019inclure le <em>Oide Wiesn<\/em>, un site d\u00e9di\u00e9 aux origines de l&#8217;\u00e9v\u00e9nement.<\/p>\n\n\n\n<figure class=\"wp-block-gallery columns-2 wp-block-gallery-1 is-layout-flex wp-block-gallery-is-layout-flex\"><ul class=\"blocks-gallery-grid\"><li class=\"blocks-gallery-item\"><figure><img decoding=\"async\" src=\"https:\/\/www.omio.fr\/window-seat\/wp-content\/uploads\/2022\/04\/Schweinshaxe_shutterstock_55125451-scaled.jpg\" alt=\"\" data-id=\"23661\" data-link=\"https:\/\/www.omio.fr\/window-seat\/?attachment_id=23661\" class=\"wp-image-23661\"\/><figcaption class=\"blocks-gallery-item__caption\">Une combinaison parfaite : un plat traditionnel de <em>Schweineshaxe<\/em> accompagn\u00e9 d\u2019une bi\u00e8re bavaroise. Cr\u00e9dit : Shutterstock<\/figcaption><\/figure><\/li><li class=\"blocks-gallery-item\"><figure><img decoding=\"async\" src=\"https:\/\/www.omio.fr\/window-seat\/wp-content\/uploads\/2022\/04\/EditorialOnly_Costumes_Band_shutterstock_218669785.jpg\" alt=\"\" data-id=\"23668\" data-full-url=\"https:\/\/www.omio.fr\/window-seat\/wp-content\/uploads\/2022\/04\/EditorialOnly_Costumes_Band_shutterstock_218669785.jpg\" data-link=\"https:\/\/www.omio.fr\/window-seat\/?attachment_id=23668\" class=\"wp-image-23668\"\/><figcaption class=\"blocks-gallery-item__caption\">Les bandes des brasseries en costume traditionnel font partie int\u00e9grante du Wiesn. Cr\u00e9dit : Shutterstock&nbsp;<\/figcaption><\/figure><\/li><\/ul><\/figure>\n\n\n\n<h3 class=\"wp-block-heading\"><strong>Comment transformer votre Oktoberfest en un succ\u00e8s<\/strong><\/h3>\n\n\n\n<p>Vous serez dans la tendance avec une paire de Lederhosen ou un dirndl. Si vous d\u00e9cidez de porter un dirndl, assurez-vous de bien faire votre n\u0153ud. La position du <meta charset=\"utf-8\">n\u0153ud indique si vous \u00eatre c\u00e9libataire ou en couple. Prenez \u00e9galement uniquement ce dont vous avez besoin avant de vous rendre dans une des tentes : vous y passerez la journ\u00e9e enti\u00e8re ! Et puisque vous y \u00e9couterez un mix color\u00e9 de musique de fanfares traditionnelle, du schlager et de musique pop, familiarisez-vous \u00e0 l\u2019avance avec quelques musiques et danses classiques. La chanson du Prost peut \u00eatre rapidement m\u00e9moris\u00e9e et vous permet de vous fondre dans la masse beaucoup plus vite.&nbsp;<\/p>\n\n\n\n<figure class=\"wp-block-gallery columns-2 wp-block-gallery-2 is-layout-flex wp-block-gallery-is-layout-flex\"><ul class=\"blocks-gallery-grid\"><li class=\"blocks-gallery-item\"><figure><img decoding=\"async\" src=\"https:\/\/www.omio.fr\/window-seat\/wp-content\/uploads\/2022\/04\/EditorialOnly_Hacker_Festhalle_shutterstock_1117068656.jpg\" alt=\"\" data-id=\"23675\" data-link=\"https:\/\/www.omio.fr\/window-seat\/?attachment_id=23675\" class=\"wp-image-23675\"\/><figcaption class=\"blocks-gallery-item__caption\">Sous les tentes de bi\u00e8re, vous partagez votre table avec des inconnus : parfait pour vous faire des amis ! Cr\u00e9dit : Shutterstock<\/figcaption><\/figure><\/li><li class=\"blocks-gallery-item\"><figure><img decoding=\"async\" src=\"https:\/\/www.omio.fr\/window-seat\/wp-content\/uploads\/2022\/04\/shutterstock_85030831-scaled.jpg\" alt=\"\" data-id=\"23682\" data-full-url=\"https:\/\/www.omio.fr\/window-seat\/wp-content\/uploads\/2022\/04\/shutterstock_85030831-scaled.jpg\" data-link=\"https:\/\/www.omio.fr\/window-seat\/?attachment_id=23682\" class=\"wp-image-23682\"\/><figcaption class=\"blocks-gallery-item__caption\">Les <em>Weissw\u00fcrste<\/em> accompagn\u00e9es de moutarde douce sont d\u2019excellentes collations. Demandez \u00e0 vos nouveaux amis bavarois de vous montrer comment les manger. Cr\u00e9dit : Shutterstock<\/figcaption><\/figure><\/li><\/ul><\/figure>\n\n\n\n<p>Avant d\u2019arriver sur place, v\u00e9rifiez le <em>Wiesnbarometer, <\/em>un site internet qui affiche l\u2019affluence et le nombre de places libres. Chaque tente offre une ambiance diff\u00e9rente. Alors que la Augustiner Festhalle est plus traditionnelle, la Hacker Festzelt attire un public plus jeune.<\/p>\n\n\n\n<p>Une fois install\u00e9, commandez votre premi\u00e8re chope de bi\u00e8re. Mais attention, la bi\u00e8re est plus forte que d\u2019habitude et la chope contient une litre enti\u00e8re. Tenez-la par la poign\u00e9e, avec la partie entre votre pouce et vos autres doigts. Vous pouvez \u00e9viter une fin beaucoup trop t\u00f4t \u00e0 votre exp\u00e9rience d\u2019Oktoberfest en mangeant r\u00e9guli\u00e8rement. Avec tous les d\u00e9lices propos\u00e9s, \u00e7a ne sera s\u00fbrement pas un probl\u00e8me. Si vous voulez go\u00fbter \u00e0 une <em>Weisswurst<\/em> (saucisse bavaroise traditionnelle) fra\u00eechement pr\u00e9par\u00e9e, faites vite ! Elles sont traditionnellement servies jusqu\u2019\u00e0 midi et sont accompagn\u00e9es de moutarde douce et d\u2019un bretzel. N\u2019oubliez pas de donner un pourboire aux serveuses qui travaillent dur. Certaines d\u2019entre elles peuvent soulever jusqu\u2019\u00e0 18 <em>Ma\u00dfkr\u00fcge <\/em>! C\u2019est \u00e7a la girl power !<\/p>\n\n\n\n<h3 class=\"wp-block-heading\"><strong>Oktoberfest \u00e0 l\u2019international<\/strong><\/h3>\n\n\n\n<p>Munich et Oktoberfest vont de pair. M\u00eame si cette festivit\u00e9 a commenc\u00e9 \u00e0 Munich, elle s\u2019est r\u00e9pandue dans le monde entier.&nbsp;<\/p>\n\n\n\n<p>La petite ville de Frankenmuth dans le Michigan, \u00e0 environ 150 kilom\u00e8tres de <a href=\"https:\/\/www.omio.fr\/voyage\/detroit-mjnz9?utm_source=omio-magazine&amp;utm_medium=magazine&amp;utm_campaign=August&amp;utm_content=Oktoberfest&amp;utm_term=FR_VoyageDetroit\" target=\"_blank\" rel=\"noreferrer noopener\">D\u00e9troit<\/a>, est un village de style bavarois qui attire de nombreux touristes tout au long de l\u2019ann\u00e9e, particuli\u00e8rement pour l\u2019Oktoberfest et No\u00ebl. Comme son nom l\u2019indique, la ville a \u00e9t\u00e9 fond\u00e9e en 1845 par des immigrants venus de Franconie et est surnomm\u00e9e la Petite Bavi\u00e8re. Du 16 au 19 septembre 2021, vous pourrez y d\u00e9couvrir la 31\u00e8me \u00e9dition d\u2019une \u00e9manation officiellement approuv\u00e9e de l\u2019Oktoberfest de Munich. Attendez-vous \u00e0 de la bi\u00e8re import\u00e9e de la brasserie Hofbr\u00e4uhaus de Munich, des costumes traditionnels et des d\u00e9lices germano-am\u00e9ricains. En bonus, une course annuelle de teckels !<\/p>\n\n\n<div id=\"search-widget-overlay\" class=\"search-widget-overlay\">\r\n  <div class=\"search-widget-overlay__form\" data-search-widget-container>\r\n    <div class=\"search-widget-overlay__details\">\r\n      <button class=\"search-widget-overlay__close\" data-search-widget-close>\r\n        \u2715\r\n      <\/button>\r\n      <div class=\"search-widget-overlay__text\">\r\n        D\u00e9troit      <\/div>\r\n    <\/div>\r\n\r\n  <\/div>\r\n<\/div>\r\n\r\n<div class=\"search-widget-cta\">\r\n  <button class=\"search-widget-cta__button\" data-search-widget-cta>\r\n    Billets pour  D\u00e9troit  <\/button>\r\n<\/div>\n\n\n<figure class=\"wp-block-gallery columns-2 wp-block-gallery-3 is-layout-flex wp-block-gallery-is-layout-flex\"><ul class=\"blocks-gallery-grid\"><li class=\"blocks-gallery-item\"><figure><img decoding=\"async\" src=\"https:\/\/www.omio.fr\/window-seat\/wp-content\/uploads\/2022\/04\/EditorialOnly_Frankenmuth_shutterstock_206211751.jpg\" alt=\"\" data-id=\"23690\" data-link=\"https:\/\/www.omio.fr\/window-seat\/?attachment_id=23690\" class=\"wp-image-23690\"\/><figcaption class=\"blocks-gallery-item__caption\">M\u00eame les maisons pittoresques refl\u00e8tent les origines franconiennes de Frankenmuth. Cr\u00e9dit : Shutterstock<\/figcaption><\/figure><\/li><li class=\"blocks-gallery-item\"><figure><img decoding=\"async\" src=\"https:\/\/www.omio.fr\/window-seat\/wp-content\/uploads\/2022\/04\/EditorialOnly_Frankenmuth_shutterstock_1290074011-scaled.jpg\" alt=\"\" data-id=\"23696\" data-full-url=\"https:\/\/www.omio.fr\/window-seat\/wp-content\/uploads\/2022\/04\/EditorialOnly_Frankenmuth_shutterstock_1290074011-scaled.jpg\" data-link=\"https:\/\/www.omio.fr\/window-seat\/?attachment_id=23696\" class=\"wp-image-23696\"\/><figcaption class=\"blocks-gallery-item__caption\">D\u00e9couvrez-y les traditions bavaroises avec une touche am\u00e9ricaine lors de la premi\u00e8re \u00e9manation officielle de l\u2019Oktoberfest. Cr\u00e9dit : Shutterstock<\/figcaption><\/figure><\/li><\/ul><\/figure>\n\n\n\n<p><a href=\"https:\/\/www.omio.fr\/voyage\/zurich?utm_source=omio-magazine&amp;utm_medium=magazine&amp;utm_campaign=August&amp;utm_content=Oktoberfest&amp;utm_term=FR_VoyageZurich\" target=\"_blank\" rel=\"noreferrer noopener\">Zurich<\/a> a \u00e9galement sa propre Oktoberfest avec un jardin de bi\u00e8re et des tentes de bi\u00e8re. Du 15 septembre au 9 octobre, le hall principal de la gare centrale se pare du bleu et du blanc du drapeau bavarois pour la Z\u00fcri Wiesn. Si vous arrivez en train, il vous suffira de marcher quelques pas avant d\u2019\u00eatre accueilli par les odeurs de <em>Hendl<\/em> et le son de la musique traditionnelle. Z\u00fcri Wiesn offre un avantage par rapport aux autres Oktoberfest : vous pouvez r\u00e9server une table enti\u00e8re pour vous et vos amis.<\/p>\n\n\n<div id=\"search-widget-overlay\" class=\"search-widget-overlay\">\r\n  <div class=\"search-widget-overlay__form\" data-search-widget-container>\r\n    <div class=\"search-widget-overlay__details\">\r\n      <button class=\"search-widget-overlay__close\" data-search-widget-close>\r\n        \u2715\r\n      <\/button>\r\n      <div class=\"search-widget-overlay__text\">\r\n        Zurich      <\/div>\r\n    <\/div>\r\n\r\n  <\/div>\r\n<\/div>\r\n\r\n<div class=\"search-widget-cta\">\r\n  <button class=\"search-widget-cta__button\" data-search-widget-cta>\r\n    Billets pour  Zurich   <\/button>\r\n<\/div>\n\n\n<figure class=\"wp-block-image size-full\"><img decoding=\"async\" src=\"https:\/\/www.omio.fr\/window-seat\/wp-content\/uploads\/2022\/04\/Oktoberfest_Zurich_shutterstock_164052059-scaled.jpg\" alt=\"\" class=\"wp-image-23705\"\/><figcaption>Une version s\u00e9duisante de l\u2019Oktoberfest est organis\u00e9e en Suisse lors du Z\u00fcri Wiesn. Cr\u00e9dit : Shutterstock<\/figcaption><\/figure>\n\n\n\n<p>Que diriez-vous d\u2019une chope fra\u00eeche dans la main, du sable sous les pieds et la brise des mers du nord ? Vous pouvez profiter de tout \u00e7a \u00e0 l\u2019Oktoberfest de <a href=\"https:\/\/www.omio.fr\/voyage\/copenhague?utm_source=omio-magazine&amp;utm_medium=magazine&amp;utm_campaign=August&amp;utm_content=Oktoberfest&amp;utm_term=FR_VoyageCopenhague\" target=\"_blank\" rel=\"noreferrer noopener\">Copenhague<\/a>. La petite \u00eele de Amager sur les c\u00f4tes danoises accueille une f\u00eate annuelle en septembre, avec des d\u00e9corations et des costumes traditionnels en abondance. Cette ann\u00e9e, l&#8217;\u00e9v\u00e9nement aura lieu du 9 au 11 septembre puis du 24 au 25 septembre. Un peu plus modeste que les autres f\u00eates, l\u2019espace propose une seule tente pouvant accueillir 3 000 personnes. L&#8217;\u00e9v\u00e9nement offre toujours une atmosph\u00e8re vivante et joyeuse, et est gratuit. Mais vous devez tout de m\u00eame y porter des habits traditionnels ! Les r\u00e9servations incluent de la bi\u00e8re bavaroise, du <em>bratwurst<\/em> ou du <em>schnitzel<\/em>, des bretzels et des schnapps Underberg.<\/p>\n\n\n<div id=\"search-widget-overlay\" class=\"search-widget-overlay\">\r\n  <div class=\"search-widget-overlay__form\" data-search-widget-container>\r\n    <div class=\"search-widget-overlay__details\">\r\n      <button class=\"search-widget-overlay__close\" data-search-widget-close>\r\n        \u2715\r\n      <\/button>\r\n      <div class=\"search-widget-overlay__text\">\r\n        Copenhague      <\/div>\r\n    <\/div>\r\n\r\n  <\/div>\r\n<\/div>\r\n\r\n<div class=\"search-widget-cta\">\r\n  <button class=\"search-widget-cta__button\" data-search-widget-cta>\r\n    Billets pour  Copenhague   <\/button>\r\n<\/div>\n\n\n<p>O\u2019zapft is!<\/p>\n","protected":false},"excerpt":{"rendered":"<p>L\u2019Oktoberfest de Munich est la plus grande f\u00eate populaire du monde, et \u00e9galement la plus connue. Chaque ann\u00e9e, environ 6 millions de visiteurs venant des quatre coins du monde viennent en p\u00e8lerinage dans la capitale bavaroise pour d\u00e9couvrir cette f\u00eate allemande iconique. Et pourtant, tr\u00e8s peu de personnes connaissent ses origines. Suivez nos conseils pratiques&hellip; <a class=\"more-link\" href=\"https:\/\/www.omio.fr\/window-seat\/fr\/culture-lifestyle-fr\/ozapft-is-votre-guide-dinitiation-a-loktoberfest\/\">Continue reading <span class=\"screen-reader-text\">O&#8217;zapft is! Votre guide d\u2019initiation \u00e0 l\u2019Oktoberfest<\/span><\/a><\/p>\n","protected":false},"author":11,"featured_media":22394,"comment_status":"open","ping_status":"open","sticky":false,"template":"","format":"standard","meta":{"_acf_changed":false,"inline_featured_image":false,"footnotes":""},"categories":[1987,1999],"tags":[],"position_ids":[],"class_list":["post-27497","post","type-post","status-publish","format-standard","has-post-thumbnail","hentry","category-culture-lifestyle-fr","category-evenements","entry"],"acf":[],"yoast_head":"<!-- This site is optimized with the Yoast SEO plugin v24.9 - https:\/\/yoast.com\/wordpress\/plugins\/seo\/ -->\n<title>Guide du d\u00e9butant pour l&#039;Oktoberfest | Omio<\/title>\n<meta name=\"description\" content=\"D\u00e9couvrez les origines de l&#039;Oktoberfest et explorez d&#039;autres destinations comme alternatives \u00e0 l&#039;Oktoberfest de Munich.\" \/>\n<meta name=\"robots\" content=\"index, follow, max-snippet:-1, max-image-preview:large, max-video-preview:-1\" \/>\n<link rel=\"canonical\" href=\"https:\/\/www.omio.fr\/window-seat\/culture-lifestyle-fr\/ozapft-is-votre-guide-dinitiation-a-loktoberfest\/\" \/>\n<meta property=\"og:locale\" content=\"en_US\" \/>\n<meta property=\"og:type\" content=\"article\" \/>\n<meta property=\"og:title\" content=\"Guide du d\u00e9butant pour l&#039;Oktoberfest | Omio\" \/>\n<meta property=\"og:description\" content=\"D\u00e9couvrez les origines de l&#039;Oktoberfest et explorez d&#039;autres destinations comme alternatives \u00e0 l&#039;Oktoberfest de Munich.\" \/>\n<meta property=\"og:url\" content=\"https:\/\/www.omio.fr\/window-seat\/fr\/culture-lifestyle-fr\/ozapft-is-votre-guide-dinitiation-a-loktoberfest\/\" \/>\n<meta property=\"og:site_name\" content=\"The Window Seat\" \/>\n<meta property=\"article:published_time\" content=\"2021-08-01T00:00:00+00:00\" \/>\n<meta property=\"article:modified_time\" content=\"2022-08-04T08:48:49+00:00\" \/>\n<meta property=\"og:image\" content=\"https:\/\/www.omio.fr\/window-seat\/wp-content\/uploads\/2022\/04\/shutterstock_1516467782-scaled.jpg\" \/>\n\t<meta property=\"og:image:width\" content=\"2560\" \/>\n\t<meta property=\"og:image:height\" content=\"1707\" \/>\n\t<meta property=\"og:image:type\" content=\"image\/jpeg\" \/>\n<meta name=\"author\" content=\"Lisa H\u00fcbener\" \/>\n<meta name=\"twitter:card\" content=\"summary_large_image\" \/>\n<meta name=\"twitter:label1\" content=\"Written by\" \/>\n\t<meta name=\"twitter:data1\" content=\"Lisa H\u00fcbener\" \/>\n\t<meta name=\"twitter:label2\" content=\"Est. reading time\" \/>\n\t<meta name=\"twitter:data2\" content=\"6 minutes\" \/>\n<script type=\"application\/ld+json\" class=\"yoast-schema-graph\">{\"@context\":\"https:\/\/schema.org\",\"@graph\":[{\"@type\":\"WebPage\",\"@id\":\"https:\/\/www.omio.fr\/window-seat\/fr\/culture-lifestyle-fr\/ozapft-is-votre-guide-dinitiation-a-loktoberfest\/\",\"url\":\"https:\/\/www.omio.fr\/window-seat\/fr\/culture-lifestyle-fr\/ozapft-is-votre-guide-dinitiation-a-loktoberfest\/\",\"name\":\"Guide du d\u00e9butant pour l'Oktoberfest | Omio\",\"isPartOf\":{\"@id\":\"https:\/\/www.omio.fr\/window-seat\/#website\"},\"primaryImageOfPage\":{\"@id\":\"https:\/\/www.omio.fr\/window-seat\/fr\/culture-lifestyle-fr\/ozapft-is-votre-guide-dinitiation-a-loktoberfest\/#primaryimage\"},\"image\":{\"@id\":\"https:\/\/www.omio.fr\/window-seat\/fr\/culture-lifestyle-fr\/ozapft-is-votre-guide-dinitiation-a-loktoberfest\/#primaryimage\"},\"thumbnailUrl\":\"https:\/\/www.omio.fr\/window-seat\/wp-content\/uploads\/2022\/04\/shutterstock_1516467782-scaled.jpg\",\"datePublished\":\"2021-08-01T00:00:00+00:00\",\"dateModified\":\"2022-08-04T08:48:49+00:00\",\"author\":{\"@id\":\"https:\/\/www.omio.fr\/window-seat\/#\/schema\/person\/6fcf5d2e44354ee26394fed016b0b3c0\"},\"description\":\"D\u00e9couvrez les origines de l'Oktoberfest et explorez d'autres destinations comme alternatives \u00e0 l'Oktoberfest de Munich.\",\"breadcrumb\":{\"@id\":\"https:\/\/www.omio.fr\/window-seat\/fr\/culture-lifestyle-fr\/ozapft-is-votre-guide-dinitiation-a-loktoberfest\/#breadcrumb\"},\"inLanguage\":\"en-US\",\"potentialAction\":[{\"@type\":\"ReadAction\",\"target\":[\"https:\/\/www.omio.fr\/window-seat\/fr\/culture-lifestyle-fr\/ozapft-is-votre-guide-dinitiation-a-loktoberfest\/\"]}]},{\"@type\":\"ImageObject\",\"inLanguage\":\"en-US\",\"@id\":\"https:\/\/www.omio.fr\/window-seat\/fr\/culture-lifestyle-fr\/ozapft-is-votre-guide-dinitiation-a-loktoberfest\/#primaryimage\",\"url\":\"https:\/\/www.omio.fr\/window-seat\/wp-content\/uploads\/2022\/04\/shutterstock_1516467782-scaled.jpg\",\"contentUrl\":\"https:\/\/www.omio.fr\/window-seat\/wp-content\/uploads\/2022\/04\/shutterstock_1516467782-scaled.jpg\",\"width\":2560,\"height\":1707,\"caption\":\"The real Oktoberfest experience in Munich, Germany, includes a Mass of beer, maybe two. Credit: Shutterstock\"},{\"@type\":\"BreadcrumbList\",\"@id\":\"https:\/\/www.omio.fr\/window-seat\/fr\/culture-lifestyle-fr\/ozapft-is-votre-guide-dinitiation-a-loktoberfest\/#breadcrumb\",\"itemListElement\":[{\"@type\":\"ListItem\",\"position\":1,\"name\":\"The Window Seat\",\"item\":\"https:\/\/www.omio.fr\/window-seat\/\"},{\"@type\":\"ListItem\",\"position\":2,\"name\":\"Culture &amp; Lifestyle\",\"item\":\"https:\/\/www.omio.fr\/window-seat\/culture-lifestyle\/\"},{\"@type\":\"ListItem\",\"position\":3,\"name\":\"Events\",\"item\":\"https:\/\/www.omio.fr\/window-seat\/culture-lifestyle\/events\/\"},{\"@type\":\"ListItem\",\"position\":4,\"name\":\"O&rsquo;zapft is! Votre guide d\u2019initiation \u00e0 l\u2019Oktoberfest\"}]},{\"@type\":\"WebSite\",\"@id\":\"https:\/\/www.omio.fr\/window-seat\/#website\",\"url\":\"https:\/\/www.omio.fr\/window-seat\/\",\"name\":\"The Window Seat\",\"description\":\"\",\"potentialAction\":[{\"@type\":\"SearchAction\",\"target\":{\"@type\":\"EntryPoint\",\"urlTemplate\":\"https:\/\/www.omio.fr\/window-seat\/?s={search_term_string}\"},\"query-input\":{\"@type\":\"PropertyValueSpecification\",\"valueRequired\":true,\"valueName\":\"search_term_string\"}}],\"inLanguage\":\"en-US\"},{\"@type\":\"Person\",\"@id\":\"https:\/\/www.omio.fr\/window-seat\/#\/schema\/person\/6fcf5d2e44354ee26394fed016b0b3c0\",\"name\":\"Lisa H\u00fcbener\",\"image\":{\"@type\":\"ImageObject\",\"inLanguage\":\"en-US\",\"@id\":\"https:\/\/www.omio.fr\/window-seat\/#\/schema\/person\/image\/\",\"url\":\"https:\/\/secure.gravatar.com\/avatar\/b9c9ae4f2fb5cf09f69b66e1aba5e63ed58182a95e3e355eed4f491b5cdc0f3b?s=96&d=mm&r=g\",\"contentUrl\":\"https:\/\/secure.gravatar.com\/avatar\/b9c9ae4f2fb5cf09f69b66e1aba5e63ed58182a95e3e355eed4f491b5cdc0f3b?s=96&d=mm&r=g\",\"caption\":\"Lisa H\u00fcbener\"}}]}<\/script>\n<!-- \/ Yoast SEO plugin. -->","yoast_head_json":{"title":"Guide du d\u00e9butant pour l'Oktoberfest | Omio","description":"D\u00e9couvrez les origines de l'Oktoberfest et explorez d'autres destinations comme alternatives \u00e0 l'Oktoberfest de Munich.","robots":{"index":"index","follow":"follow","max-snippet":"max-snippet:-1","max-image-preview":"max-image-preview:large","max-video-preview":"max-video-preview:-1"},"canonical":"https:\/\/www.omio.fr\/window-seat\/culture-lifestyle-fr\/ozapft-is-votre-guide-dinitiation-a-loktoberfest\/","og_locale":"en_US","og_type":"article","og_title":"Guide du d\u00e9butant pour l'Oktoberfest | Omio","og_description":"D\u00e9couvrez les origines de l'Oktoberfest et explorez d'autres destinations comme alternatives \u00e0 l'Oktoberfest de Munich.","og_url":"https:\/\/www.omio.fr\/window-seat\/fr\/culture-lifestyle-fr\/ozapft-is-votre-guide-dinitiation-a-loktoberfest\/","og_site_name":"The Window Seat","article_published_time":"2021-08-01T00:00:00+00:00","article_modified_time":"2022-08-04T08:48:49+00:00","og_image":[{"width":2560,"height":1707,"url":"https:\/\/www.omio.fr\/window-seat\/wp-content\/uploads\/2022\/04\/shutterstock_1516467782-scaled.jpg","type":"image\/jpeg"}],"author":"Lisa H\u00fcbener","twitter_card":"summary_large_image","twitter_misc":{"Written by":"Lisa H\u00fcbener","Est. reading time":"6 minutes"},"schema":{"@context":"https:\/\/schema.org","@graph":[{"@type":"WebPage","@id":"https:\/\/www.omio.fr\/window-seat\/fr\/culture-lifestyle-fr\/ozapft-is-votre-guide-dinitiation-a-loktoberfest\/","url":"https:\/\/www.omio.fr\/window-seat\/fr\/culture-lifestyle-fr\/ozapft-is-votre-guide-dinitiation-a-loktoberfest\/","name":"Guide du d\u00e9butant pour l'Oktoberfest | Omio","isPartOf":{"@id":"https:\/\/www.omio.fr\/window-seat\/#website"},"primaryImageOfPage":{"@id":"https:\/\/www.omio.fr\/window-seat\/fr\/culture-lifestyle-fr\/ozapft-is-votre-guide-dinitiation-a-loktoberfest\/#primaryimage"},"image":{"@id":"https:\/\/www.omio.fr\/window-seat\/fr\/culture-lifestyle-fr\/ozapft-is-votre-guide-dinitiation-a-loktoberfest\/#primaryimage"},"thumbnailUrl":"https:\/\/www.omio.fr\/window-seat\/wp-content\/uploads\/2022\/04\/shutterstock_1516467782-scaled.jpg","datePublished":"2021-08-01T00:00:00+00:00","dateModified":"2022-08-04T08:48:49+00:00","author":{"@id":"https:\/\/www.omio.fr\/window-seat\/#\/schema\/person\/6fcf5d2e44354ee26394fed016b0b3c0"},"description":"D\u00e9couvrez les origines de l'Oktoberfest et explorez d'autres destinations comme alternatives \u00e0 l'Oktoberfest de Munich.","breadcrumb":{"@id":"https:\/\/www.omio.fr\/window-seat\/fr\/culture-lifestyle-fr\/ozapft-is-votre-guide-dinitiation-a-loktoberfest\/#breadcrumb"},"inLanguage":"en-US","potentialAction":[{"@type":"ReadAction","target":["https:\/\/www.omio.fr\/window-seat\/fr\/culture-lifestyle-fr\/ozapft-is-votre-guide-dinitiation-a-loktoberfest\/"]}]},{"@type":"ImageObject","inLanguage":"en-US","@id":"https:\/\/www.omio.fr\/window-seat\/fr\/culture-lifestyle-fr\/ozapft-is-votre-guide-dinitiation-a-loktoberfest\/#primaryimage","url":"https:\/\/www.omio.fr\/window-seat\/wp-content\/uploads\/2022\/04\/shutterstock_1516467782-scaled.jpg","contentUrl":"https:\/\/www.omio.fr\/window-seat\/wp-content\/uploads\/2022\/04\/shutterstock_1516467782-scaled.jpg","width":2560,"height":1707,"caption":"The real Oktoberfest experience in Munich, Germany, includes a Mass of beer, maybe two. Credit: Shutterstock"},{"@type":"BreadcrumbList","@id":"https:\/\/www.omio.fr\/window-seat\/fr\/culture-lifestyle-fr\/ozapft-is-votre-guide-dinitiation-a-loktoberfest\/#breadcrumb","itemListElement":[{"@type":"ListItem","position":1,"name":"The Window Seat","item":"https:\/\/www.omio.fr\/window-seat\/"},{"@type":"ListItem","position":2,"name":"Culture &amp; Lifestyle","item":"https:\/\/www.omio.fr\/window-seat\/culture-lifestyle\/"},{"@type":"ListItem","position":3,"name":"Events","item":"https:\/\/www.omio.fr\/window-seat\/culture-lifestyle\/events\/"},{"@type":"ListItem","position":4,"name":"O&rsquo;zapft is! Votre guide d\u2019initiation \u00e0 l\u2019Oktoberfest"}]},{"@type":"WebSite","@id":"https:\/\/www.omio.fr\/window-seat\/#website","url":"https:\/\/www.omio.fr\/window-seat\/","name":"The Window Seat","description":"","potentialAction":[{"@type":"SearchAction","target":{"@type":"EntryPoint","urlTemplate":"https:\/\/www.omio.fr\/window-seat\/?s={search_term_string}"},"query-input":{"@type":"PropertyValueSpecification","valueRequired":true,"valueName":"search_term_string"}}],"inLanguage":"en-US"},{"@type":"Person","@id":"https:\/\/www.omio.fr\/window-seat\/#\/schema\/person\/6fcf5d2e44354ee26394fed016b0b3c0","name":"Lisa H\u00fcbener","image":{"@type":"ImageObject","inLanguage":"en-US","@id":"https:\/\/www.omio.fr\/window-seat\/#\/schema\/person\/image\/","url":"https:\/\/secure.gravatar.com\/avatar\/b9c9ae4f2fb5cf09f69b66e1aba5e63ed58182a95e3e355eed4f491b5cdc0f3b?s=96&d=mm&r=g","contentUrl":"https:\/\/secure.gravatar.com\/avatar\/b9c9ae4f2fb5cf09f69b66e1aba5e63ed58182a95e3e355eed4f491b5cdc0f3b?s=96&d=mm&r=g","caption":"Lisa H\u00fcbener"}}]}},"_links":{"self":[{"href":"https:\/\/www.omio.fr\/window-seat\/wp-json\/wp\/v2\/posts\/27497","targetHints":{"allow":["GET"]}}],"collection":[{"href":"https:\/\/www.omio.fr\/window-seat\/wp-json\/wp\/v2\/posts"}],"about":[{"href":"https:\/\/www.omio.fr\/window-seat\/wp-json\/wp\/v2\/types\/post"}],"author":[{"embeddable":true,"href":"https:\/\/www.omio.fr\/window-seat\/wp-json\/wp\/v2\/users\/11"}],"replies":[{"embeddable":true,"href":"https:\/\/www.omio.fr\/window-seat\/wp-json\/wp\/v2\/comments?post=27497"}],"version-history":[{"count":3,"href":"https:\/\/www.omio.fr\/window-seat\/wp-json\/wp\/v2\/posts\/27497\/revisions"}],"predecessor-version":[{"id":36206,"href":"https:\/\/www.omio.fr\/window-seat\/wp-json\/wp\/v2\/posts\/27497\/revisions\/36206"}],"wp:featuredmedia":[{"embeddable":true,"href":"https:\/\/www.omio.fr\/window-seat\/wp-json\/wp\/v2\/media\/22394"}],"wp:attachment":[{"href":"https:\/\/www.omio.fr\/window-seat\/wp-json\/wp\/v2\/media?parent=27497"}],"wp:term":[{"taxonomy":"category","embeddable":true,"href":"https:\/\/www.omio.fr\/window-seat\/wp-json\/wp\/v2\/categories?post=27497"},{"taxonomy":"post_tag","embeddable":true,"href":"https:\/\/www.omio.fr\/window-seat\/wp-json\/wp\/v2\/tags?post=27497"},{"taxonomy":"position_id","embeddable":true,"href":"https:\/\/www.omio.fr\/window-seat\/wp-json\/wp\/v2\/position_ids?post=27497"}],"curies":[{"name":"wp","href":"https:\/\/api.w.org\/{rel}","templated":true}]}}