{"id":27499,"date":"2021-09-01T00:00:00","date_gmt":"2021-09-01T00:00:00","guid":{"rendered":"http:\/\/www.omio.fr\/window-seat\/non-classifiee\/icones-de-style-les-meilleures-capitales-de-la-mode"},"modified":"2022-08-04T08:48:59","modified_gmt":"2022-08-04T08:48:59","slug":"icones-de-style-les-meilleures-capitales-de-la-mode","status":"publish","type":"post","link":"https:\/\/www.omio.fr\/window-seat\/fr\/culture-lifestyle-fr\/icones-de-style-les-meilleures-capitales-de-la-mode\/","title":{"rendered":"Ic\u00f4nes de style : Les meilleures capitales de la mode"},"content":{"rendered":"\n<p>La mode est une forme d\u2019expression de soi, montrant au monde qui nous sommes. Peu importe o\u00f9 vous soyez, vous trouverez toujours quelqu\u2019un qui poussera les limites du style et criera audacieusement au monde entier : VOIL\u00c0, \u00c7A C\u2019EST MOI !<\/p>\n\n\n\n<p>Avant la pand\u00e9mie, les influenceurs fashion et les cr\u00e9ateurs de tendances \u00e9taient omnipr\u00e9sents, exposant chaque jour un nouveau look. Mais depuis, beaucoup de personnes se sont focalis\u00e9es sur leur bien-\u00eatre plut\u00f4t que sur leur style. Nous nous sommes habitu\u00e9s \u00e0 travailler en pyjamas ou \u00e0 enfiler des sweaters aussi bien chez nous qu\u2019en ext\u00e9rieur. Mais la mode est pr\u00eate \u00e0 faire son comeback alors que nombreux sont ceux qui attendent impatiemment de montrer \u00e0 nouveau leur style.<\/p>\n\n\n\n<p>De New York \u00e0 Paris, en passant par Milan et Londres, les capitales de la mode d\u00e9finissent les tendances et il ne reste plus qu\u2019\u00e0 les suivre. Chaque ville a son propre style et esprit. Explorez ces m\u00e9tropoles vibrantes pour vous pr\u00e9parer \u00e0 la Fashion Week de cet automne et laissez-vous inspirer pour vos tenues.<\/p>\n\n\n\n<h3 class=\"wp-block-heading\"><strong>Londres<\/strong><\/h3>\n\n\n\n<p>Londres est une ville de dichotomies. D\u2019un c\u00f4t\u00e9, vous avez du punk, et de l\u2019autre, un style plus traditionnel. Le mouvement punk \u00e9tait une r\u00e9ponse au gouvernement conservateur et aux attitudes au Royaume-Uni dans les ann\u00e9es 70 et 80. Gr\u00e2ce aux boutiques de Vivienne Westwood et Malcolm McLaren sur la King\u2019s Road \u00e0 Chelsea, les adolescents des ann\u00e9es 70 portaient presque tous des colliers ras-de-cou clout\u00e9s, des vestes de motard, des bottes Dr. Martens, avec des cheveux color\u00e9s coiff\u00e9s en cr\u00eate. Le punk est toujours pr\u00e9sent, mais le style rebelle s\u2019est transform\u00e9 en un mix de punk avec des \u00e9l\u00e9ments plus raffin\u00e9s, sans la cr\u00eate.<\/p>\n\n\n<div id=\"search-widget-overlay\" class=\"search-widget-overlay\">\r\n  <div class=\"search-widget-overlay__form\" data-search-widget-container>\r\n    <div class=\"search-widget-overlay__details\">\r\n      <button class=\"search-widget-overlay__close\" data-search-widget-close>\r\n        \u2715\r\n      <\/button>\r\n      <div class=\"search-widget-overlay__text\">\r\n        Londres      <\/div>\r\n    <\/div>\r\n\r\n  <\/div>\r\n<\/div>\r\n\r\n<div class=\"search-widget-cta\">\r\n  <button class=\"search-widget-cta__button\" data-search-widget-cta>\r\n    Billets pour Londres   <\/button>\r\n<\/div>\n\n\n<figure class=\"wp-block-gallery columns-2 wp-block-gallery-1 is-layout-flex wp-block-gallery-is-layout-flex\"><ul class=\"blocks-gallery-grid\"><li class=\"blocks-gallery-item\"><figure><img decoding=\"async\" src=\"https:\/\/www.omio.fr\/window-seat\/wp-content\/uploads\/2022\/04\/London_imani-bahati-o9yT-NdVHcQ-unsplash-1.png\" alt=\"\" data-id=\"25341\" data-full-url=\"https:\/\/www.omio.fr\/window-seat\/wp-content\/uploads\/2022\/04\/London_imani-bahati-o9yT-NdVHcQ-unsplash-1.png\" data-link=\"https:\/\/www.omio.fr\/window-seat\/?attachment_id=25341\" class=\"wp-image-25341\"\/><figcaption class=\"blocks-gallery-item__caption\">Les rebelles aux cheveux en cr\u00eate ont laiss\u00e9 place \u00e0 des pi\u00e8ces plus sophistiqu\u00e9es, combin\u00e9es \u00e0 un style plus rock. Cr\u00e9dit : Imani Bahati\/Unsplash<\/figcaption><\/figure><\/li><li class=\"blocks-gallery-item\"><figure><img decoding=\"async\" src=\"https:\/\/www.omio.fr\/window-seat\/wp-content\/uploads\/2022\/04\/London_clem-onojeghuo-7a6ptA97LXA-unsplash-1-1.png\" alt=\"\" data-id=\"25322\" data-full-url=\"https:\/\/www.omio.fr\/window-seat\/wp-content\/uploads\/2022\/04\/London_clem-onojeghuo-7a6ptA97LXA-unsplash-1-1.png\" data-link=\"https:\/\/www.omio.fr\/window-seat\/?attachment_id=25322\" class=\"wp-image-25322\"\/><figcaption class=\"blocks-gallery-item__caption\">Les couturiers Savile Row de Londres cr\u00e9ent des pi\u00e8ces sur mesure. Cr\u00e9dit : Clem Onojeghuo\/Unsplash<\/figcaption><\/figure><\/li><\/ul><\/figure>\n\n\n\n<p>Bien que le punk soit toujours ancr\u00e9 dans l\u2019esprit fashion londonien, la capitale est \u00e9galement r\u00e9put\u00e9e pour sa mode sur-mesure. Les britanniques traditionalistes pr\u00e9f\u00e8rent les couturiers Savile Row pour s\u2019habiller. Pensez aux gentilshommes de la campagne anglaise, habill\u00e9s en costume en tweed aux tons neutres, et vous voyez le tableau.<\/p>\n\n\n\n<p>Fashion Week Printemps-\u00c9t\u00e9 2022 de Londres : 17-21 septembre 2021<\/p>\n\n\n\n<h3 class=\"wp-block-heading\"><strong>Milan<\/strong><\/h3>\n\n\n\n<p>Tout comme leurs homologues britanniques, les Milanais appr\u00e9cient la mode sur mesure. Alors que les Britanniques pr\u00e9f\u00e8rent le traditionnel quant aux imprim\u00e9s et couleurs, les Italiens aiment les couleurs vives, les imprim\u00e9s audacieux et les mati\u00e8res luxueuses. Ce qui signifie donc pas de jean, mais beaucoup de soie, de laine et de cuir.<\/p>\n\n\n\n<p>Le mot Milan vient du mot anglais \u00ab milliner \u00bb et la ville se targue d\u2019une r\u00e9putation hors pair pour le textile et le sur-mesure qui date de plus de 500 ans. Les habitants locaux cr\u00e9ent leur propre garde-robe, choisissent moins de pi\u00e8ces avec des v\u00eatements plus durables cousus \u00e0 la main ou bien pr\u00e9par\u00e9s m\u00e9ticuleusement. Rendez-vous \u00e0 Quadrilatero d\u2019Oro, sans doute la rue la plus chic du monde.<\/p>\n\n\n<div id=\"search-widget-overlay\" class=\"search-widget-overlay\">\r\n  <div class=\"search-widget-overlay__form\" data-search-widget-container>\r\n    <div class=\"search-widget-overlay__details\">\r\n      <button class=\"search-widget-overlay__close\" data-search-widget-close>\r\n        \u2715\r\n      <\/button>\r\n      <div class=\"search-widget-overlay__text\">\r\n        Milan      <\/div>\r\n    <\/div>\r\n\r\n  <\/div>\r\n<\/div>\r\n\r\n<div class=\"search-widget-cta\">\r\n  <button class=\"search-widget-cta__button\" data-search-widget-cta>\r\n    Billets pour Milan   <\/button>\r\n<\/div>\n\n\n<figure class=\"wp-block-gallery columns-2 wp-block-gallery-2 is-layout-flex wp-block-gallery-is-layout-flex\"><ul class=\"blocks-gallery-grid\"><li class=\"blocks-gallery-item\"><figure><img decoding=\"async\" src=\"https:\/\/www.omio.fr\/window-seat\/wp-content\/uploads\/2022\/04\/EditorialOnly_Milan_shutterstock_1186695574.png\" alt=\"\" data-id=\"25286\" data-full-url=\"https:\/\/www.omio.fr\/window-seat\/wp-content\/uploads\/2022\/04\/EditorialOnly_Milan_shutterstock_1186695574.png\" data-link=\"https:\/\/www.omio.fr\/window-seat\/?attachment_id=25286\" class=\"wp-image-25286\"\/><figcaption class=\"blocks-gallery-item__caption\">Milan est connue pour sa mode sur-mesure et son textile ax\u00e9s sur la qualit\u00e9. Cr\u00e9dit : Shutterstock<\/figcaption><\/figure><\/li><li class=\"blocks-gallery-item\"><figure><img decoding=\"async\" src=\"https:\/\/www.omio.fr\/window-seat\/wp-content\/uploads\/2022\/04\/Milan_ouael-ben-salah-e7PxftI4HSA-unsplash.png\" alt=\"\" data-id=\"25292\" data-full-url=\"https:\/\/www.omio.fr\/window-seat\/wp-content\/uploads\/2022\/04\/Milan_ouael-ben-salah-e7PxftI4HSA-unsplash.png\" data-link=\"https:\/\/www.omio.fr\/window-seat\/?attachment_id=25292\" class=\"wp-image-25292\"\/><figcaption class=\"blocks-gallery-item__caption\">La Quadrilatero d\u2019Oro est une des adresses milanaises incontournables des amateurs de mode. Cr\u00e9dit : Ouael Ben Salah\/Unsplash<\/figcaption><\/figure><\/li><\/ul><\/figure>\n\n\n\n<p>Fashion Week Printemps-\u00c9t\u00e9 2022 de Milan : 22-27 septembre 2021<\/p>\n\n\n\n<h3 class=\"wp-block-heading\"><strong>New York&nbsp;<\/strong><\/h3>\n\n\n\n<p>Les Am\u00e9ricains pr\u00e9f\u00e8rent plus le style casual que les Europ\u00e9ens. Le confort est la cl\u00e9 aux \u00c9tats-Unis, mais \u00e0 New York, il doit aussi avoir un avantage. Les escarpins \u00e0 talon aiguille ont longtemps \u00e9t\u00e9 un incontournable de New York, mais depuis la pand\u00e9mie, les habitants de Manhattan pr\u00e9f\u00e8rent les baskets ou les chaussures plus confortables. Pensez aux bottes vintage style western et aux talons plats.&nbsp;<\/p>\n\n\n\n<p>Le jean a \u00e9t\u00e9 invent\u00e9 en Am\u00e9rique (gr\u00e2ce \u00e0 un immigrant allemand du nom de Levi Strauss), c\u2019est donc une pi\u00e8ce ma\u00eetresse de toute garde robe \u00e0 la mode \u00e0 New York. Combinez-le avec une chemise rentr\u00e9e et un blazer, et vous vous fonderez dans la foule. Les amateurs de mode plus aventuriers peuvent opter pour des imprim\u00e9s color\u00e9s, combin\u00e9s \u00e0 des baskets noires. D\u00e9ambulez dans les rues de Bed Stuy \u00e0 Brooklyn, et vous y trouverez un melting pot de style gr\u00e2ce \u00e0 la diversit\u00e9 d\u2019immigr\u00e9s.<\/p>\n\n\n<div id=\"search-widget-overlay\" class=\"search-widget-overlay\">\r\n  <div class=\"search-widget-overlay__form\" data-search-widget-container>\r\n    <div class=\"search-widget-overlay__details\">\r\n      <button class=\"search-widget-overlay__close\" data-search-widget-close>\r\n        \u2715\r\n      <\/button>\r\n      <div class=\"search-widget-overlay__text\">\r\n        New York      <\/div>\r\n    <\/div>\r\n\r\n  <\/div>\r\n<\/div>\r\n\r\n<div class=\"search-widget-cta\">\r\n  <button class=\"search-widget-cta__button\" data-search-widget-cta>\r\n    Billets pour New York   <\/button>\r\n<\/div>\n\n\n<figure class=\"wp-block-gallery columns-2 wp-block-gallery-3 is-layout-flex wp-block-gallery-is-layout-flex\"><ul class=\"blocks-gallery-grid\"><li class=\"blocks-gallery-item\"><figure><img decoding=\"async\" src=\"https:\/\/www.omio.fr\/window-seat\/wp-content\/uploads\/2022\/04\/NY_felix-rostig-KohEtqMf85w-unsplash.png\" alt=\"\" data-id=\"25316\" data-full-url=\"https:\/\/www.omio.fr\/window-seat\/wp-content\/uploads\/2022\/04\/NY_felix-rostig-KohEtqMf85w-unsplash.png\" data-link=\"https:\/\/www.omio.fr\/window-seat\/?attachment_id=25316\" class=\"wp-image-25316\"\/><figcaption class=\"blocks-gallery-item__caption\">L\u2019esprit fashion de New York offre un cadre d\u00e9tendu et des styles uniques. Cr\u00e9dit : Felix Rostig\/Unsplash<\/figcaption><\/figure><\/li><li class=\"blocks-gallery-item\"><figure><img decoding=\"async\" src=\"https:\/\/www.omio.fr\/window-seat\/wp-content\/uploads\/2022\/04\/NY_Brooklyn_phi-tran-PskpkmYMKtQ-unsplash.png\" alt=\"\" data-id=\"25334\" data-full-url=\"https:\/\/www.omio.fr\/window-seat\/wp-content\/uploads\/2022\/04\/NY_Brooklyn_phi-tran-PskpkmYMKtQ-unsplash.png\" data-link=\"https:\/\/www.omio.fr\/window-seat\/?attachment_id=25334\" class=\"wp-image-25334\"\/><figcaption class=\"blocks-gallery-item__caption\">Brooklyn est une source d\u2019inspiration pour la mode, la musique et la culture pop depuis des d\u00e9cennies. Cr\u00e9dit : Phi Tran\/Unsplash<\/figcaption><\/figure><\/li><\/ul><\/figure>\n\n\n\n<p>Fashion Week Printemps-\u00c9t\u00e9 2022 de New York : 8-12 septembre 2021<\/p>\n\n\n\n<h3 class=\"wp-block-heading\"><strong>Paris<\/strong><\/h3>\n\n\n\n<p>Ah, Paris ! Tout amoureux de mode a s\u00fbrement d\u00e9j\u00e0 essay\u00e9 de recr\u00e9er cette image classique \u00e0 la fran\u00e7aise : du maquillage naturel, une tenue casual mais raffin\u00e9e, une \u00e9charpe nonchalamment port\u00e9e et des l\u00e8vres rouges audacieuses.<\/p>\n\n\n\n<p>Paris a \u00e9t\u00e9 une capitale de la mode depuis l\u2019\u00e9poque de Louis XIV, mais gr\u00e2ce \u00e0 des stylistes comme Jacques Doucet, Madeleine Vionnet et l\u2019iconique Coco Chanel, Paris est devenue LA capitale de la mode au XXe si\u00e8cle.<\/p>\n\n\n\n<figure class=\"wp-block-gallery columns-2 wp-block-gallery-4 is-layout-flex wp-block-gallery-is-layout-flex\"><ul class=\"blocks-gallery-grid\"><li class=\"blocks-gallery-item\"><figure><img decoding=\"async\" src=\"https:\/\/www.omio.fr\/window-seat\/wp-content\/uploads\/2022\/04\/Paris_shutterstock_745173955.png\" alt=\"\" data-id=\"25328\" data-full-url=\"https:\/\/www.omio.fr\/window-seat\/wp-content\/uploads\/2022\/04\/Paris_shutterstock_745173955.png\" data-link=\"https:\/\/www.omio.fr\/window-seat\/?attachment_id=25328\" class=\"wp-image-25328\"\/><figcaption class=\"blocks-gallery-item__caption\">Qui n\u2019a jamais voulu adopter le style chic et classique \u00e0 la fran\u00e7aise ? Cr\u00e9dit : Shutterstock<\/figcaption><\/figure><\/li><li class=\"blocks-gallery-item\"><figure><img decoding=\"async\" src=\"https:\/\/www.omio.fr\/window-seat\/wp-content\/uploads\/2022\/04\/EditorialOnly_Paris_Marais_shutterstock_1711185946.png\" alt=\"\" data-id=\"25298\" data-full-url=\"https:\/\/www.omio.fr\/window-seat\/wp-content\/uploads\/2022\/04\/EditorialOnly_Paris_Marais_shutterstock_1711185946.png\" data-link=\"https:\/\/www.omio.fr\/window-seat\/?attachment_id=25298\" class=\"wp-image-25298\"\/><figcaption class=\"blocks-gallery-item__caption\">Le Marais est le point de rencontre des fashionistas de la nouvelle g\u00e9n\u00e9ration. Cr\u00e9dit : Shutterstock<\/figcaption><\/figure><\/li><\/ul><\/figure>\n\n\n\n<p>Les Parisiens aiment combiner des v\u00eatements de luxe avec des pi\u00e8ces basiques. Un haut marini\u00e8re avec un jean et un blazer chic en laine, par exemple. Comme les Am\u00e9ricains, les Parisiens aiment le confort avant tout, d\u2019o\u00f9 l\u2019amour pour les jeans am\u00e9ricains. Mais comme les Milanais et les Britanniques, ils optent pour la qualit\u00e9 et la durabilit\u00e9. Tout doit para\u00eetre naturel, alors les marques et les ensembles assortis sont \u00e9vit\u00e9s et c\u00e8dent la place au minimalisme. Pour d\u00e9couvrir des stars audacieuses de la mode, direction Le Marais dans le 4\u00e8me arrondissement pour un peu d\u2019inspiration.<\/p>\n\n\n\n<p>Fashion Week Printemps-\u00c9t\u00e9 2022 de Paris : 27 septembre au 5 octobre 2021<\/p>\n\n\n<div id=\"search-widget-overlay\" class=\"search-widget-overlay\">\r\n  <div class=\"search-widget-overlay__form\" data-search-widget-container>\r\n    <div class=\"search-widget-overlay__details\">\r\n      <button class=\"search-widget-overlay__close\" data-search-widget-close>\r\n        \u2715\r\n      <\/button>\r\n      <div class=\"search-widget-overlay__text\">\r\n        Paris      <\/div>\r\n    <\/div>\r\n\r\n  <\/div>\r\n<\/div>\r\n\r\n<div class=\"search-widget-cta\">\r\n  <button class=\"search-widget-cta__button\" data-search-widget-cta>\r\n    Billets pour Paris   <\/button>\r\n<\/div>","protected":false},"excerpt":{"rendered":"<p>La mode est une forme d\u2019expression de soi, montrant au monde qui nous sommes. Peu importe o\u00f9 vous soyez, vous trouverez toujours quelqu\u2019un qui poussera les limites du style et criera audacieusement au monde entier : VOIL\u00c0, \u00c7A C\u2019EST MOI ! Avant la pand\u00e9mie, les influenceurs fashion et les cr\u00e9ateurs de tendances \u00e9taient omnipr\u00e9sents, exposant&hellip; <a class=\"more-link\" href=\"https:\/\/www.omio.fr\/window-seat\/fr\/culture-lifestyle-fr\/icones-de-style-les-meilleures-capitales-de-la-mode\/\">Continue reading <span class=\"screen-reader-text\">Ic\u00f4nes de style : Les meilleures capitales de la mode<\/span><\/a><\/p>\n","protected":false},"author":6,"featured_media":22411,"comment_status":"open","ping_status":"open","sticky":false,"template":"","format":"standard","meta":{"_acf_changed":false,"inline_featured_image":false,"footnotes":""},"categories":[1987,1999],"tags":[],"position_ids":[477,475,392,404],"class_list":["post-27499","post","type-post","status-publish","format-standard","has-post-thumbnail","hentry","category-culture-lifestyle-fr","category-evenements","position_id-477","position_id-475","position_id-392","position_id-404","entry"],"acf":[],"yoast_head":"<!-- This site is optimized with the Yoast SEO plugin v24.9 - https:\/\/yoast.com\/wordpress\/plugins\/seo\/ -->\n<title>Tourisme durable : les friperies | Omio<\/title>\n<meta name=\"description\" content=\"Pr\u00e9parez-vous \u00e0 explorer l&#039;Angleterre autrement avec notre s\u00e9lection des meilleures friperies pour acheter des v\u00eatements d&#039;occasion tr\u00e8s fashion !\" \/>\n<meta name=\"robots\" content=\"index, follow, max-snippet:-1, max-image-preview:large, max-video-preview:-1\" \/>\n<link rel=\"canonical\" href=\"https:\/\/www.omio.fr\/window-seat\/culture-lifestyle-fr\/icones-de-style-les-meilleures-capitales-de-la-mode\/\" \/>\n<meta property=\"og:locale\" content=\"en_US\" \/>\n<meta property=\"og:type\" content=\"article\" \/>\n<meta property=\"og:title\" content=\"Tourisme durable : les friperies | Omio\" \/>\n<meta property=\"og:description\" content=\"Pr\u00e9parez-vous \u00e0 explorer l&#039;Angleterre autrement avec notre s\u00e9lection des meilleures friperies pour acheter des v\u00eatements d&#039;occasion tr\u00e8s fashion !\" \/>\n<meta property=\"og:url\" content=\"https:\/\/www.omio.fr\/window-seat\/fr\/culture-lifestyle-fr\/icones-de-style-les-meilleures-capitales-de-la-mode\/\" \/>\n<meta property=\"og:site_name\" content=\"The Window Seat\" \/>\n<meta property=\"article:published_time\" content=\"2021-09-01T00:00:00+00:00\" \/>\n<meta property=\"article:modified_time\" content=\"2022-08-04T08:48:59+00:00\" \/>\n<meta property=\"og:image\" content=\"https:\/\/www.omio.fr\/window-seat\/wp-content\/uploads\/2022\/04\/Jessica-Morrobel-4-1024x961.png\" \/>\n\t<meta property=\"og:image:width\" content=\"1024\" \/>\n\t<meta property=\"og:image:height\" content=\"961\" \/>\n\t<meta property=\"og:image:type\" content=\"image\/png\" \/>\n<meta name=\"author\" content=\"Shandana A. Durrani\" \/>\n<meta name=\"twitter:card\" content=\"summary_large_image\" \/>\n<meta name=\"twitter:label1\" content=\"Written by\" \/>\n\t<meta name=\"twitter:data1\" content=\"Shandana A. Durrani\" \/>\n\t<meta name=\"twitter:label2\" content=\"Est. reading time\" \/>\n\t<meta name=\"twitter:data2\" content=\"5 minutes\" \/>\n<script type=\"application\/ld+json\" class=\"yoast-schema-graph\">{\"@context\":\"https:\/\/schema.org\",\"@graph\":[{\"@type\":\"WebPage\",\"@id\":\"https:\/\/www.omio.fr\/window-seat\/fr\/culture-lifestyle-fr\/icones-de-style-les-meilleures-capitales-de-la-mode\/\",\"url\":\"https:\/\/www.omio.fr\/window-seat\/fr\/culture-lifestyle-fr\/icones-de-style-les-meilleures-capitales-de-la-mode\/\",\"name\":\"Tourisme durable : les friperies | Omio\",\"isPartOf\":{\"@id\":\"https:\/\/www.omio.fr\/window-seat\/#website\"},\"primaryImageOfPage\":{\"@id\":\"https:\/\/www.omio.fr\/window-seat\/fr\/culture-lifestyle-fr\/icones-de-style-les-meilleures-capitales-de-la-mode\/#primaryimage\"},\"image\":{\"@id\":\"https:\/\/www.omio.fr\/window-seat\/fr\/culture-lifestyle-fr\/icones-de-style-les-meilleures-capitales-de-la-mode\/#primaryimage\"},\"thumbnailUrl\":\"https:\/\/www.omio.fr\/window-seat\/wp-content\/uploads\/2022\/04\/Jessica-Morrobel-4.png\",\"datePublished\":\"2021-09-01T00:00:00+00:00\",\"dateModified\":\"2022-08-04T08:48:59+00:00\",\"author\":{\"@id\":\"https:\/\/www.omio.fr\/window-seat\/#\/schema\/person\/81210fb35284060e7a6c47d3af159bf5\"},\"description\":\"Pr\u00e9parez-vous \u00e0 explorer l'Angleterre autrement avec notre s\u00e9lection des meilleures friperies pour acheter des v\u00eatements d'occasion tr\u00e8s fashion !\",\"breadcrumb\":{\"@id\":\"https:\/\/www.omio.fr\/window-seat\/fr\/culture-lifestyle-fr\/icones-de-style-les-meilleures-capitales-de-la-mode\/#breadcrumb\"},\"inLanguage\":\"en-US\",\"potentialAction\":[{\"@type\":\"ReadAction\",\"target\":[\"https:\/\/www.omio.fr\/window-seat\/fr\/culture-lifestyle-fr\/icones-de-style-les-meilleures-capitales-de-la-mode\/\"]}]},{\"@type\":\"ImageObject\",\"inLanguage\":\"en-US\",\"@id\":\"https:\/\/www.omio.fr\/window-seat\/fr\/culture-lifestyle-fr\/icones-de-style-les-meilleures-capitales-de-la-mode\/#primaryimage\",\"url\":\"https:\/\/www.omio.fr\/window-seat\/wp-content\/uploads\/2022\/04\/Jessica-Morrobel-4.png\",\"contentUrl\":\"https:\/\/www.omio.fr\/window-seat\/wp-content\/uploads\/2022\/04\/Jessica-Morrobel-4.png\",\"width\":2160,\"height\":2028,\"caption\":\"New York is one of the most vibrant fashion capitals in the world, thanks to its multicultural vibe. Credit: Jessica Morrobel\"},{\"@type\":\"BreadcrumbList\",\"@id\":\"https:\/\/www.omio.fr\/window-seat\/fr\/culture-lifestyle-fr\/icones-de-style-les-meilleures-capitales-de-la-mode\/#breadcrumb\",\"itemListElement\":[{\"@type\":\"ListItem\",\"position\":1,\"name\":\"The Window Seat\",\"item\":\"https:\/\/www.omio.fr\/window-seat\/\"},{\"@type\":\"ListItem\",\"position\":2,\"name\":\"Culture &amp; Lifestyle\",\"item\":\"https:\/\/www.omio.fr\/window-seat\/culture-lifestyle\/\"},{\"@type\":\"ListItem\",\"position\":3,\"name\":\"Events\",\"item\":\"https:\/\/www.omio.fr\/window-seat\/culture-lifestyle\/events\/\"},{\"@type\":\"ListItem\",\"position\":4,\"name\":\"Ic\u00f4nes de style : Les meilleures capitales de la mode\"}]},{\"@type\":\"WebSite\",\"@id\":\"https:\/\/www.omio.fr\/window-seat\/#website\",\"url\":\"https:\/\/www.omio.fr\/window-seat\/\",\"name\":\"The Window Seat\",\"description\":\"\",\"potentialAction\":[{\"@type\":\"SearchAction\",\"target\":{\"@type\":\"EntryPoint\",\"urlTemplate\":\"https:\/\/www.omio.fr\/window-seat\/?s={search_term_string}\"},\"query-input\":{\"@type\":\"PropertyValueSpecification\",\"valueRequired\":true,\"valueName\":\"search_term_string\"}}],\"inLanguage\":\"en-US\"},{\"@type\":\"Person\",\"@id\":\"https:\/\/www.omio.fr\/window-seat\/#\/schema\/person\/81210fb35284060e7a6c47d3af159bf5\",\"name\":\"Shandana A. Durrani\",\"image\":{\"@type\":\"ImageObject\",\"inLanguage\":\"en-US\",\"@id\":\"https:\/\/www.omio.fr\/window-seat\/#\/schema\/person\/image\/\",\"url\":\"https:\/\/secure.gravatar.com\/avatar\/476113e9842659b58c1663ada1d6b2f26e3e82e6dc8cc78268a787224b92d765?s=96&d=mm&r=g\",\"contentUrl\":\"https:\/\/secure.gravatar.com\/avatar\/476113e9842659b58c1663ada1d6b2f26e3e82e6dc8cc78268a787224b92d765?s=96&d=mm&r=g\",\"caption\":\"Shandana A. Durrani\"}}]}<\/script>\n<!-- \/ Yoast SEO plugin. -->","yoast_head_json":{"title":"Tourisme durable : les friperies | Omio","description":"Pr\u00e9parez-vous \u00e0 explorer l'Angleterre autrement avec notre s\u00e9lection des meilleures friperies pour acheter des v\u00eatements d'occasion tr\u00e8s fashion !","robots":{"index":"index","follow":"follow","max-snippet":"max-snippet:-1","max-image-preview":"max-image-preview:large","max-video-preview":"max-video-preview:-1"},"canonical":"https:\/\/www.omio.fr\/window-seat\/culture-lifestyle-fr\/icones-de-style-les-meilleures-capitales-de-la-mode\/","og_locale":"en_US","og_type":"article","og_title":"Tourisme durable : les friperies | Omio","og_description":"Pr\u00e9parez-vous \u00e0 explorer l'Angleterre autrement avec notre s\u00e9lection des meilleures friperies pour acheter des v\u00eatements d'occasion tr\u00e8s fashion !","og_url":"https:\/\/www.omio.fr\/window-seat\/fr\/culture-lifestyle-fr\/icones-de-style-les-meilleures-capitales-de-la-mode\/","og_site_name":"The Window Seat","article_published_time":"2021-09-01T00:00:00+00:00","article_modified_time":"2022-08-04T08:48:59+00:00","og_image":[{"width":1024,"height":961,"url":"https:\/\/www.omio.fr\/window-seat\/wp-content\/uploads\/2022\/04\/Jessica-Morrobel-4-1024x961.png","type":"image\/png"}],"author":"Shandana A. Durrani","twitter_card":"summary_large_image","twitter_misc":{"Written by":"Shandana A. Durrani","Est. reading time":"5 minutes"},"schema":{"@context":"https:\/\/schema.org","@graph":[{"@type":"WebPage","@id":"https:\/\/www.omio.fr\/window-seat\/fr\/culture-lifestyle-fr\/icones-de-style-les-meilleures-capitales-de-la-mode\/","url":"https:\/\/www.omio.fr\/window-seat\/fr\/culture-lifestyle-fr\/icones-de-style-les-meilleures-capitales-de-la-mode\/","name":"Tourisme durable : les friperies | Omio","isPartOf":{"@id":"https:\/\/www.omio.fr\/window-seat\/#website"},"primaryImageOfPage":{"@id":"https:\/\/www.omio.fr\/window-seat\/fr\/culture-lifestyle-fr\/icones-de-style-les-meilleures-capitales-de-la-mode\/#primaryimage"},"image":{"@id":"https:\/\/www.omio.fr\/window-seat\/fr\/culture-lifestyle-fr\/icones-de-style-les-meilleures-capitales-de-la-mode\/#primaryimage"},"thumbnailUrl":"https:\/\/www.omio.fr\/window-seat\/wp-content\/uploads\/2022\/04\/Jessica-Morrobel-4.png","datePublished":"2021-09-01T00:00:00+00:00","dateModified":"2022-08-04T08:48:59+00:00","author":{"@id":"https:\/\/www.omio.fr\/window-seat\/#\/schema\/person\/81210fb35284060e7a6c47d3af159bf5"},"description":"Pr\u00e9parez-vous \u00e0 explorer l'Angleterre autrement avec notre s\u00e9lection des meilleures friperies pour acheter des v\u00eatements d'occasion tr\u00e8s fashion !","breadcrumb":{"@id":"https:\/\/www.omio.fr\/window-seat\/fr\/culture-lifestyle-fr\/icones-de-style-les-meilleures-capitales-de-la-mode\/#breadcrumb"},"inLanguage":"en-US","potentialAction":[{"@type":"ReadAction","target":["https:\/\/www.omio.fr\/window-seat\/fr\/culture-lifestyle-fr\/icones-de-style-les-meilleures-capitales-de-la-mode\/"]}]},{"@type":"ImageObject","inLanguage":"en-US","@id":"https:\/\/www.omio.fr\/window-seat\/fr\/culture-lifestyle-fr\/icones-de-style-les-meilleures-capitales-de-la-mode\/#primaryimage","url":"https:\/\/www.omio.fr\/window-seat\/wp-content\/uploads\/2022\/04\/Jessica-Morrobel-4.png","contentUrl":"https:\/\/www.omio.fr\/window-seat\/wp-content\/uploads\/2022\/04\/Jessica-Morrobel-4.png","width":2160,"height":2028,"caption":"New York is one of the most vibrant fashion capitals in the world, thanks to its multicultural vibe. Credit: Jessica Morrobel"},{"@type":"BreadcrumbList","@id":"https:\/\/www.omio.fr\/window-seat\/fr\/culture-lifestyle-fr\/icones-de-style-les-meilleures-capitales-de-la-mode\/#breadcrumb","itemListElement":[{"@type":"ListItem","position":1,"name":"The Window Seat","item":"https:\/\/www.omio.fr\/window-seat\/"},{"@type":"ListItem","position":2,"name":"Culture &amp; Lifestyle","item":"https:\/\/www.omio.fr\/window-seat\/culture-lifestyle\/"},{"@type":"ListItem","position":3,"name":"Events","item":"https:\/\/www.omio.fr\/window-seat\/culture-lifestyle\/events\/"},{"@type":"ListItem","position":4,"name":"Ic\u00f4nes de style : Les meilleures capitales de la mode"}]},{"@type":"WebSite","@id":"https:\/\/www.omio.fr\/window-seat\/#website","url":"https:\/\/www.omio.fr\/window-seat\/","name":"The Window Seat","description":"","potentialAction":[{"@type":"SearchAction","target":{"@type":"EntryPoint","urlTemplate":"https:\/\/www.omio.fr\/window-seat\/?s={search_term_string}"},"query-input":{"@type":"PropertyValueSpecification","valueRequired":true,"valueName":"search_term_string"}}],"inLanguage":"en-US"},{"@type":"Person","@id":"https:\/\/www.omio.fr\/window-seat\/#\/schema\/person\/81210fb35284060e7a6c47d3af159bf5","name":"Shandana A. Durrani","image":{"@type":"ImageObject","inLanguage":"en-US","@id":"https:\/\/www.omio.fr\/window-seat\/#\/schema\/person\/image\/","url":"https:\/\/secure.gravatar.com\/avatar\/476113e9842659b58c1663ada1d6b2f26e3e82e6dc8cc78268a787224b92d765?s=96&d=mm&r=g","contentUrl":"https:\/\/secure.gravatar.com\/avatar\/476113e9842659b58c1663ada1d6b2f26e3e82e6dc8cc78268a787224b92d765?s=96&d=mm&r=g","caption":"Shandana A. Durrani"}}]}},"_links":{"self":[{"href":"https:\/\/www.omio.fr\/window-seat\/wp-json\/wp\/v2\/posts\/27499","targetHints":{"allow":["GET"]}}],"collection":[{"href":"https:\/\/www.omio.fr\/window-seat\/wp-json\/wp\/v2\/posts"}],"about":[{"href":"https:\/\/www.omio.fr\/window-seat\/wp-json\/wp\/v2\/types\/post"}],"author":[{"embeddable":true,"href":"https:\/\/www.omio.fr\/window-seat\/wp-json\/wp\/v2\/users\/6"}],"replies":[{"embeddable":true,"href":"https:\/\/www.omio.fr\/window-seat\/wp-json\/wp\/v2\/comments?post=27499"}],"version-history":[{"count":5,"href":"https:\/\/www.omio.fr\/window-seat\/wp-json\/wp\/v2\/posts\/27499\/revisions"}],"predecessor-version":[{"id":36208,"href":"https:\/\/www.omio.fr\/window-seat\/wp-json\/wp\/v2\/posts\/27499\/revisions\/36208"}],"wp:featuredmedia":[{"embeddable":true,"href":"https:\/\/www.omio.fr\/window-seat\/wp-json\/wp\/v2\/media\/22411"}],"wp:attachment":[{"href":"https:\/\/www.omio.fr\/window-seat\/wp-json\/wp\/v2\/media?parent=27499"}],"wp:term":[{"taxonomy":"category","embeddable":true,"href":"https:\/\/www.omio.fr\/window-seat\/wp-json\/wp\/v2\/categories?post=27499"},{"taxonomy":"post_tag","embeddable":true,"href":"https:\/\/www.omio.fr\/window-seat\/wp-json\/wp\/v2\/tags?post=27499"},{"taxonomy":"position_id","embeddable":true,"href":"https:\/\/www.omio.fr\/window-seat\/wp-json\/wp\/v2\/position_ids?post=27499"}],"curies":[{"name":"wp","href":"https:\/\/api.w.org\/{rel}","templated":true}]}}