{"id":27515,"date":"2021-12-01T00:00:00","date_gmt":"2021-12-01T00:00:00","guid":{"rendered":"http:\/\/www.omio.fr\/window-seat\/non-classifiee\/les-plus-beaux-ponts-deurope"},"modified":"2022-08-04T08:49:53","modified_gmt":"2022-08-04T08:49:53","slug":"les-plus-beaux-ponts-deurope","status":"publish","type":"post","link":"https:\/\/www.omio.fr\/window-seat\/fr\/histoire-art\/les-plus-beaux-ponts-deurope\/","title":{"rendered":"Les plus beaux ponts d&#8217;Europe"},"content":{"rendered":"\n<p>Depuis le d\u00e9but des temps, les hommes ont toujours voulu explorer au-del\u00e0 des limites et s\u2019aventurer dans l\u2019inconnu. Les ponts devinrent l\u2019acc\u00e8s aux nouvelles terres et nous \u00e9tions d\u00e9sormais capables de traverser de larges plans d\u2019eau, r\u00e9duisant ainsi les distances et \u00e9vitant les dangers du voyage. Les premiers ponts se sont probablement form\u00e9s naturellement, mais ils furent pour la premi\u00e8re fois mentionn\u00e9s dans le po\u00e8me \u00e9pique indien, le Ramayana. En Europe, les Romains, gr\u00e2ce \u00e0 leurs connaissances avanc\u00e9es en ing\u00e9nierie, ont construit des ponts aux quatre coins de leur empire, dont certains sont encore debout.&nbsp;<\/p>\n\n\n\n<p>Les ponts ne sont pas de simples moyens de passage d\u2019un endroit \u00e0 un autre, ils symbolisent l\u2019unit\u00e9, l\u2019amiti\u00e9 et l\u2019aventure. Nous voulons rendre hommage \u00e0 ces \u00e9difices robustes qui facilitent nos vies depuis des si\u00e8cles en s\u00e9lectionnant les meilleurs ponts \u00e0 visiter en Europe. D\u00e9couvrez ce qui les rend uniques, o\u00f9 les trouver et que faire lors de vos visites. Il est temps de jeter des ponts !<\/p>\n\n\n\n<p><strong>Kapellbr\u00fccke, Lucerne, Suisse<\/strong><\/p>\n\n\n\n<p>Construit en tant que fortification il y a presque 700 ans, le Kapellbr\u00fccke \u00e0 <a href=\"https:\/\/www.omio.fr\/voyage\/lucerne?utm_source=omio-magazine&amp;utm_medium=magazine&amp;utm_campaign=December&amp;utm_content=BrigdesEurope&amp;utm_term=FR_VoyageLucerne\" target=\"_blank\" rel=\"noreferrer noopener\">Lucerne<\/a> est un des plus anciens ponts en Europe. Et malgr\u00e9 un incendie qu\u2019il a subi en 1993, le pont a rouvert l\u2019ann\u00e9e suivante. Sur la rivi\u00e8re Reuss, le pont relie la nouvelle ville de Lucerne \u00e0 son ancien centre m\u00e9di\u00e9val ou au Rathausquai. Si vous marchez \u00e0 l\u2019int\u00e9rieur du pont, vous pourrez contempler des fresques de Renward Cysat, chroniqueur de Lucerne, datant du XVIIe si\u00e8cle. En 1726, les habitants ont \u00e9galement du missionner un gardien pour prot\u00e9ger ces peintures des jeunes voleurs. Ah les gamins de l\u2019\u00e9poque !<\/p>\n\n\n\n<figure class=\"wp-block-gallery has-nested-images columns-default is-cropped wp-block-gallery-1 is-layout-flex wp-block-gallery-is-layout-flex\">\n<figure class=\"wp-block-image size-large\"><img decoding=\"async\" data-id=\"29309\" src=\"https:\/\/www.omio.fr\/window-seat\/wp-content\/uploads\/2022\/04\/shutterstock_1253697109_Lucerne-Switzerland-historical-Old-Town-with-wooden-Chapel-Bridge.jpg\" alt=\"\" class=\"wp-image-29309\"\/><figcaption>Le ch\u00e2teau d\u2019eau date d\u2019avant le Kapellbr\u00fccke et abrite des martinets alpins. Cr\u00e9dit : Shutterstock<\/figcaption><\/figure>\n<\/figure>\n\n\n\n<p>Le pont dispose \u00e9galement de son propre ch\u00e2teau d\u2019eau, construit 30 ans auparavant pour abriter les archives et une prison. Jetez un \u0153il au toit de cette structure octogonale et vous pourrez peut-\u00eatre contempler des martinets alpins qui l\u2019ont \u00e9lu domicile depuis des d\u00e9cennies.<\/p>\n\n\n\n<figure class=\"wp-block-gallery has-nested-images columns-default is-cropped wp-block-gallery-2 is-layout-flex wp-block-gallery-is-layout-flex\">\n<figure class=\"wp-block-image size-large\"><img decoding=\"async\" data-id=\"29315\" src=\"https:\/\/www.omio.fr\/window-seat\/wp-content\/uploads\/2022\/04\/editorial_shutterstock_1453079540_lucerne.jpg\" alt=\"\" class=\"wp-image-29315\"\/><figcaption>Tel un livre ouvert, l\u2019histoire suisse peut \u00eatre contempl\u00e9e sur les fresques de Renward Cysat \u00e0 l\u2019int\u00e9rieur du pont. Cr\u00e9dit : Shutterstock<\/figcaption><\/figure>\n<\/figure>\n\n\n<div id=\"search-widget-overlay\" class=\"search-widget-overlay\">\r\n  <div class=\"search-widget-overlay__form\" data-search-widget-container>\r\n    <div class=\"search-widget-overlay__details\">\r\n      <button class=\"search-widget-overlay__close\" data-search-widget-close>\r\n        \u2715\r\n      <\/button>\r\n      <div class=\"search-widget-overlay__text\">\r\n        Lucerne      <\/div>\r\n    <\/div>\r\n\r\n  <\/div>\r\n<\/div>\r\n\r\n<div class=\"search-widget-cta\">\r\n  <button class=\"search-widget-cta__button\" data-search-widget-cta>\r\n    Billets pour Lucerne  <\/button>\r\n<\/div>\n\n\n<p><strong>Kr\u00e4merbr\u00fccke, Erfurt, Allemagne<\/strong><\/p>\n\n\n\n<p>\u00c9galement appel\u00e9 le pont des marchands, le Kr\u00e4merbr\u00fccke est le plus long pont habit\u00e9 d\u2019Europe, et offre une vue unique. Initialement en bois, le pont a \u00e9t\u00e9 renforc\u00e9 avec de la pierre en 1325, \u00e0 l\u2019\u00e9poque o\u00f9 <a href=\"https:\/\/www.omio.fr\/voyage\/erfurt?utm_source=omio-magazine&amp;utm_medium=magazine&amp;utm_campaign=December&amp;utm_content=BrigdesEurope&amp;utm_term=FR_VoyageErfurt\" target=\"_blank\" rel=\"noreferrer noopener\">Erfurt<\/a> \u00e9tait une m\u00e9tropole commerciale vibrante du Moyen-\u00c2ge. Le pont relie \u00e0 la vieille ville o\u00f9 se trouve l&#8217;h\u00f4tel de ville n\u00e9ogothique, des b\u00e2timents Renaissance et des espaces verts avec notamment l\u2019imposante \u00c4gidienkirche, une \u00e9glise avec un clocher de 32 m\u00e8tres de hauteur.<\/p>\n\n\n\n<figure class=\"wp-block-gallery has-nested-images columns-default is-cropped wp-block-gallery-3 is-layout-flex wp-block-gallery-is-layout-flex\">\n<figure class=\"wp-block-image size-large\"><img decoding=\"async\" data-id=\"29322\" src=\"https:\/\/www.omio.fr\/window-seat\/wp-content\/uploads\/2022\/04\/shutterstock_2037315176_erfurt.jpg\" alt=\"\" class=\"wp-image-29322\"\/><figcaption>Le pont des marchands va assur\u00e9ment vous surprendre. Cr\u00e9dit: Shutterstock<\/figcaption><\/figure>\n<\/figure>\n\n\n\n<p>En traversant le pont, vous pourrez apercevoir les galeries, caf\u00e9s et boutiques qui le composent, o\u00f9 vous pourrez vous acheter des objets artisanaux locaux, tels que ceux con\u00e7us avec le textile bleu thuringien ou des objets en verre souffl\u00e9. Le pont fait partie int\u00e9grante de la Via Regia, une ancienne route militaire et commerciale.<\/p>\n\n\n<div id=\"search-widget-overlay\" class=\"search-widget-overlay\">\r\n  <div class=\"search-widget-overlay__form\" data-search-widget-container>\r\n    <div class=\"search-widget-overlay__details\">\r\n      <button class=\"search-widget-overlay__close\" data-search-widget-close>\r\n        \u2715\r\n      <\/button>\r\n      <div class=\"search-widget-overlay__text\">\r\n        Erfurt      <\/div>\r\n    <\/div>\r\n\r\n  <\/div>\r\n<\/div>\r\n\r\n<div class=\"search-widget-cta\">\r\n  <button class=\"search-widget-cta__button\" data-search-widget-cta>\r\n    Billets pour Erfurt  <\/button>\r\n<\/div>\n\n\n<p><strong>Le Pont Neuf, Ronda, Espagne<\/strong><\/p>\n\n\n\n<p>Le Pont Neuf de Ronda est une magnifique reconstruction d\u2019un ancien pont qui s&#8217;est effondr\u00e9 en 1741, prenant la vie de 50 personnes. Mais heureusement, les ing\u00e9nieurs du XVIIIe si\u00e8cle, dirig\u00e9s par l\u2019architecte Jos\u00e9 Mart\u00edn de Aldehuela, ont appris des erreurs de leurs pr\u00e9d\u00e9cesseurs et ont con\u00e7u un pont avec des arches plus petites, qui ne s&#8217;effondreront pas si facilement. Selon la l\u00e9gende, Jos\u00e9 Mart\u00edn de Aldehuela se serait suicid\u00e9 en sautant depuis le pont, apr\u00e8s avoir r\u00e9alis\u00e9 qu\u2019il ne serait pas capable de construire \u00e0 nouveau quelque chose d\u2019aussi beau.<\/p>\n\n\n\n<figure class=\"wp-block-gallery has-nested-images columns-default is-cropped wp-block-gallery-4 is-layout-flex wp-block-gallery-is-layout-flex\">\n<figure class=\"wp-block-image size-large\"><img decoding=\"async\" data-id=\"29328\" src=\"https:\/\/www.omio.fr\/window-seat\/wp-content\/uploads\/2022\/04\/shutterstock_1297687768_ronda.jpg\" alt=\"\" class=\"wp-image-29328\"\/><figcaption>Deux joyaux c\u00f4te \u00e0 c\u00f4te : ne manquez pas l\u2019ar\u00e8ne situ\u00e9e pr\u00e8s du Pont Neuf de Ronda lors de votre visite. Cr\u00e9dit : Shutterstock<\/figcaption><\/figure>\n<\/figure>\n\n\n\n<p>Ce qui rend le pont si sublime est la fa\u00e7on dont il se marie \u00e0 l\u2019environnement naturel, aux falaises tr\u00f4nant sur l\u2019\u00e9troite gorge El Tajo. Le pont s\u2019\u00e9tire sur 70 m\u00e8tres avec une hauteur de 97 m\u00e8tres sur la rivi\u00e8re Guadalev\u00edn (\u00e9galement appel\u00e9 <em>Wadi-al-Labaiem<\/em>, signifiant \u00ab Rivi\u00e8re de lait \u00bb en arabe), reliant ainsi la vieille ville avec le centre moderne de <a href=\"https:\/\/www.omio.fr\/voyage\/ronda?utm_source=omio-magazine&amp;utm_medium=magazine&amp;utm_campaign=December&amp;utm_content=BrigdesEurope&amp;utm_term=FR_VoyageRonda\" target=\"_blank\" rel=\"noreferrer noopener\">Ronda<\/a>. Il a inspir\u00e9 de nombreux \u00e9crivains et chanteurs, dont Ernest Hemingway qui mentionna le pont dans son roman <em>Pour qui sonne le glas, <\/em>et est un des endroits les plus instagrammables de la cit\u00e9 blanche.<\/p>\n\n\n\n<p><strong>Le Pont OVNI, Bratislava, Slovaquie<\/strong><\/p>\n\n\n\n<p>Le pont aux multiples noms ; Novy Most, Pont du soul\u00e8vement national slovaque ou pont OVNI, est le septi\u00e8me plus large pont suspendu dans le monde. Bien qu&#8217;il ait un style futuriste, le pont a en effet \u00e9t\u00e9 construit en 1972 afin d&#8217;ajouter une deuxi\u00e8me voie de travers\u00e9e au-dessus du Danube, et relier la vieille ville \u00e0 Petrzalka, le plus grand quartier r\u00e9sidentiel de la ville. Le pont abrite une tour de 95 m\u00e8tres de hauteur, avec une coupole iconique rappelant la forme attribu\u00e9e aux vaisseaux OVNI dans les films de science-fiction des ann\u00e9es 50. Le pont rivalise avec le ch\u00e2teau de <a href=\"https:\/\/www.omio.fr\/voyage\/bratislava?utm_source=omio-magazine&amp;utm_medium=magazine&amp;utm_campaign=December&amp;utm_content=BrigdesEurope&amp;utm_term=FR_VoyageBratislava\" target=\"_blank\" rel=\"noreferrer noopener\">Bratislava<\/a> quant au nombre de visiteurs.\u00a0<\/p>\n\n\n\n<figure class=\"wp-block-gallery has-nested-images columns-default is-cropped wp-block-gallery-5 is-layout-flex wp-block-gallery-is-layout-flex\">\n<figure class=\"wp-block-image size-large\"><img decoding=\"async\" data-id=\"29335\" src=\"https:\/\/www.omio.fr\/window-seat\/wp-content\/uploads\/2022\/04\/shutterstock_333273344_Bratislava.jpg\" alt=\"\" class=\"wp-image-29335\"\/><figcaption>Pr\u00eat \u00e0 l\u2019envol : le Pont OVNI \u00e0 Bratislava ressemble aux structures que vous trouverez dans les X-Files top secrets. Cr\u00e9dit : Shutterstock<\/figcaption><\/figure>\n<\/figure>\n\n\n\n<p>Dirigez-vous vers l\u2019ascenseur situ\u00e9 dans l&#8217;une des jambes de la tour et rendez-vous au poste d\u2019observation en seulement 45 secondes. Une fois au sommet, vous profiterez d\u2019une vue imprenable sur les Alpes autrichiennes tout en d\u00e9gustant une boisson. C\u2019est ce qui se rapproche le plus d\u2019un verre dans l\u2019espace !<\/p>\n\n\n\n<figure class=\"wp-block-gallery has-nested-images columns-default is-cropped wp-block-gallery-6 is-layout-flex wp-block-gallery-is-layout-flex\">\n<figure class=\"wp-block-image size-large\"><img decoding=\"async\" data-id=\"29341\" src=\"https:\/\/www.omio.fr\/window-seat\/wp-content\/uploads\/2022\/04\/shutterstock_375922615_bratislava.jpg\" alt=\"\" class=\"wp-image-29341\"\/><figcaption>Un oc\u00e9an de toits rouges : la vue depuis le pont OVNI sur le c\u00f4t\u00e9 autrichien des montagnes environnantes. Cr\u00e9dit : Shutterstock<\/figcaption><\/figure>\n<\/figure>\n\n\n<div id=\"search-widget-overlay\" class=\"search-widget-overlay\">\r\n  <div class=\"search-widget-overlay__form\" data-search-widget-container>\r\n    <div class=\"search-widget-overlay__details\">\r\n      <button class=\"search-widget-overlay__close\" data-search-widget-close>\r\n        \u2715\r\n      <\/button>\r\n      <div class=\"search-widget-overlay__text\">\r\n        Bratislava      <\/div>\r\n    <\/div>\r\n\r\n  <\/div>\r\n<\/div>\r\n\r\n<div class=\"search-widget-cta\">\r\n  <button class=\"search-widget-cta__button\" data-search-widget-cta>\r\n    Billets pour Bratislava  <\/button>\r\n<\/div>\n\n\n<p><strong>Le Viaduc de Millau, Vall\u00e9e du Tarn, France<\/strong><\/p>\n\n\n\n<p>Situ\u00e9 dans l\u2019Aveyron, le Viaduc de Millau est une merveille d&#8217;ing\u00e9nierie puisque c\u2019est le pont le plus haut du monde. S&#8217;\u00e9levant \u00e0 plus de 335 m\u00e8tres avec une longueur de 2 460 m\u00e8tres, il est surprenant que le pont ne touche le sol qu\u2019\u00e0 9 endroits pour tenir en place. L\u2019ing\u00e9nieur Michel Virlogeux et l&#8217;architecte britannique Norman Foster ont voulu construire quelque chose qui fusionnerait avec la nature environnante, et le r\u00e9sultat fut une route \u00e0 la forme ressemblant de loin \u00e0 un long yacht tr\u00e8s \u00e9troit. Le pont fait notamment partie de l\u2019autoroute A75, la M\u00e9ridienne, connectant Paris \u00e0 la c\u00f4te m\u00e9diterran\u00e9enne.<\/p>\n\n\n\n<figure class=\"wp-block-gallery has-nested-images columns-default is-cropped wp-block-gallery-7 is-layout-flex wp-block-gallery-is-layout-flex\">\n<figure class=\"wp-block-image size-large\"><img decoding=\"async\" data-id=\"29348\" src=\"https:\/\/www.omio.fr\/window-seat\/wp-content\/uploads\/2022\/04\/shutterstock_113358064_Millau_viaduct_Aveyron.jpg\" alt=\"\" class=\"wp-image-29348\"\/><figcaption>L&#8217;impressionnant Viaduc du Millau dans l\u2019Aveyron ressemble \u00e0 un yacht massif ! Cr\u00e9dit : Shutterstock&nbsp;<\/figcaption><\/figure>\n<\/figure>\n\n\n\n<p>Traversant la vall\u00e9e du Tarn, le pont est entour\u00e9 de villes et villages charmants qui valent le d\u00e9tour, comme Peyre, class\u00e9 un des plus beaux villages de France, et <a href=\"https:\/\/www.omio.fr\/voyage\/millau?utm_source=omio-magazine&amp;utm_medium=magazine&amp;utm_campaign=December&amp;utm_content=BrigdesEurope&amp;utm_term=FR_VoyageMillau\" target=\"_blank\" rel=\"noreferrer noopener\">Millau<\/a>, un haut lieu pour les sports d&#8217;ext\u00e9rieur. Mais le meilleur endroit pour contempler le pont est l\u2019ancienne ferme caussenarde de Brocu\u00e9jouls, situ\u00e9e dans une aire de repos. Cette ancienne ferme dispose d\u2019un centre d\u2019information pour les touristes et un mus\u00e9e. Ne manquez pas de go\u00fbter aux <em>capucins<\/em> du chef Michel Bras, \u00e9toil\u00e9 Michelin, \u00e0 l\u2019Espace Gourmand Capucin, tr\u00f4nant sur le viaduc.<\/p>\n","protected":false},"excerpt":{"rendered":"<p>Depuis le d\u00e9but des temps, les hommes ont toujours voulu explorer au-del\u00e0 des limites et s\u2019aventurer dans l\u2019inconnu. Les ponts devinrent l\u2019acc\u00e8s aux nouvelles terres et nous \u00e9tions d\u00e9sormais capables de traverser de larges plans d\u2019eau, r\u00e9duisant ainsi les distances et \u00e9vitant les dangers du voyage. Les premiers ponts se sont probablement form\u00e9s naturellement, mais&hellip; <a class=\"more-link\" href=\"https:\/\/www.omio.fr\/window-seat\/fr\/histoire-art\/les-plus-beaux-ponts-deurope\/\">Continue reading <span class=\"screen-reader-text\">Les plus beaux ponts d&#8217;Europe<\/span><\/a><\/p>\n","protected":false},"author":6,"featured_media":22709,"comment_status":"open","ping_status":"open","sticky":false,"template":"","format":"standard","meta":{"_acf_changed":false,"inline_featured_image":false,"footnotes":""},"categories":[2023,2007],"tags":[],"position_ids":[],"class_list":["post-27515","post","type-post","status-publish","format-standard","has-post-thumbnail","hentry","category-architecture","category-histoire-art","entry"],"acf":[],"yoast_head":"<!-- This site is optimized with the Yoast SEO plugin v24.9 - https:\/\/yoast.com\/wordpress\/plugins\/seo\/ -->\n<title>Viaduc de Millau et autres ponts d&#039;Europe \u00e0 explorer | Omio<\/title>\n<meta name=\"description\" content=\"D\u00e9couvrez les plus beaux ponts d&#039;Europe lors de votre prochain voyage. 1.Viaduc de Millau 2.Pont en bois de Kapellbr\u00fccke (Pont de Lucerne)...\" \/>\n<meta name=\"robots\" content=\"index, follow, max-snippet:-1, max-image-preview:large, max-video-preview:-1\" \/>\n<link rel=\"canonical\" href=\"https:\/\/www.omio.fr\/window-seat\/histoire-art\/les-plus-beaux-ponts-deurope\/\" \/>\n<meta property=\"og:locale\" content=\"en_US\" \/>\n<meta property=\"og:type\" content=\"article\" \/>\n<meta property=\"og:title\" content=\"Viaduc de Millau et autres ponts d&#039;Europe \u00e0 explorer | Omio\" \/>\n<meta property=\"og:description\" content=\"D\u00e9couvrez les plus beaux ponts d&#039;Europe lors de votre prochain voyage. 1.Viaduc de Millau 2.Pont en bois de Kapellbr\u00fccke (Pont de Lucerne)...\" \/>\n<meta property=\"og:url\" content=\"https:\/\/www.omio.fr\/window-seat\/fr\/histoire-art\/les-plus-beaux-ponts-deurope\/\" \/>\n<meta property=\"og:site_name\" content=\"The Window Seat\" \/>\n<meta property=\"article:published_time\" content=\"2021-12-01T00:00:00+00:00\" \/>\n<meta property=\"article:modified_time\" content=\"2022-08-04T08:49:53+00:00\" \/>\n<meta property=\"og:image\" content=\"https:\/\/www.omio.fr\/window-seat\/wp-content\/uploads\/2022\/04\/shutterstock_1253334145_Ronda-1.jpg\" \/>\n\t<meta property=\"og:image:width\" content=\"1900\" \/>\n\t<meta property=\"og:image:height\" content=\"1267\" \/>\n\t<meta property=\"og:image:type\" content=\"image\/jpeg\" \/>\n<meta name=\"author\" content=\"Shandana A. Durrani\" \/>\n<meta name=\"twitter:card\" content=\"summary_large_image\" \/>\n<meta name=\"twitter:label1\" content=\"Written by\" \/>\n\t<meta name=\"twitter:data1\" content=\"Shandana A. Durrani\" \/>\n\t<meta name=\"twitter:label2\" content=\"Est. reading time\" \/>\n\t<meta name=\"twitter:data2\" content=\"6 minutes\" \/>\n<script type=\"application\/ld+json\" class=\"yoast-schema-graph\">{\"@context\":\"https:\/\/schema.org\",\"@graph\":[{\"@type\":\"WebPage\",\"@id\":\"https:\/\/www.omio.fr\/window-seat\/fr\/histoire-art\/les-plus-beaux-ponts-deurope\/\",\"url\":\"https:\/\/www.omio.fr\/window-seat\/fr\/histoire-art\/les-plus-beaux-ponts-deurope\/\",\"name\":\"Viaduc de Millau et autres ponts d'Europe \u00e0 explorer | Omio\",\"isPartOf\":{\"@id\":\"https:\/\/www.omio.fr\/window-seat\/#website\"},\"primaryImageOfPage\":{\"@id\":\"https:\/\/www.omio.fr\/window-seat\/fr\/histoire-art\/les-plus-beaux-ponts-deurope\/#primaryimage\"},\"image\":{\"@id\":\"https:\/\/www.omio.fr\/window-seat\/fr\/histoire-art\/les-plus-beaux-ponts-deurope\/#primaryimage\"},\"thumbnailUrl\":\"https:\/\/www.omio.fr\/window-seat\/wp-content\/uploads\/2022\/04\/shutterstock_1253334145_Ronda-1.jpg\",\"datePublished\":\"2021-12-01T00:00:00+00:00\",\"dateModified\":\"2022-08-04T08:49:53+00:00\",\"author\":{\"@id\":\"https:\/\/www.omio.fr\/window-seat\/#\/schema\/person\/81210fb35284060e7a6c47d3af159bf5\"},\"description\":\"D\u00e9couvrez les plus beaux ponts d'Europe lors de votre prochain voyage. 1.Viaduc de Millau 2.Pont en bois de Kapellbr\u00fccke (Pont de Lucerne)...\",\"breadcrumb\":{\"@id\":\"https:\/\/www.omio.fr\/window-seat\/fr\/histoire-art\/les-plus-beaux-ponts-deurope\/#breadcrumb\"},\"inLanguage\":\"en-US\",\"potentialAction\":[{\"@type\":\"ReadAction\",\"target\":[\"https:\/\/www.omio.fr\/window-seat\/fr\/histoire-art\/les-plus-beaux-ponts-deurope\/\"]}]},{\"@type\":\"ImageObject\",\"inLanguage\":\"en-US\",\"@id\":\"https:\/\/www.omio.fr\/window-seat\/fr\/histoire-art\/les-plus-beaux-ponts-deurope\/#primaryimage\",\"url\":\"https:\/\/www.omio.fr\/window-seat\/wp-content\/uploads\/2022\/04\/shutterstock_1253334145_Ronda-1.jpg\",\"contentUrl\":\"https:\/\/www.omio.fr\/window-seat\/wp-content\/uploads\/2022\/04\/shutterstock_1253334145_Ronda-1.jpg\",\"width\":1900,\"height\":1267,\"caption\":\"The light reflects on the Puente Nuevo in Ronda, Spain, making it appear more merged into the cliffs around it. Credit: Shutterstock\"},{\"@type\":\"BreadcrumbList\",\"@id\":\"https:\/\/www.omio.fr\/window-seat\/fr\/histoire-art\/les-plus-beaux-ponts-deurope\/#breadcrumb\",\"itemListElement\":[{\"@type\":\"ListItem\",\"position\":1,\"name\":\"The Window Seat\",\"item\":\"https:\/\/www.omio.fr\/window-seat\/\"},{\"@type\":\"ListItem\",\"position\":2,\"name\":\"History &amp; Art\",\"item\":\"https:\/\/www.omio.fr\/window-seat\/history-art\/\"},{\"@type\":\"ListItem\",\"position\":3,\"name\":\"Architecture\",\"item\":\"https:\/\/www.omio.fr\/window-seat\/history-art\/architecture-2\/\"},{\"@type\":\"ListItem\",\"position\":4,\"name\":\"Les plus beaux ponts d&rsquo;Europe\"}]},{\"@type\":\"WebSite\",\"@id\":\"https:\/\/www.omio.fr\/window-seat\/#website\",\"url\":\"https:\/\/www.omio.fr\/window-seat\/\",\"name\":\"The Window Seat\",\"description\":\"\",\"potentialAction\":[{\"@type\":\"SearchAction\",\"target\":{\"@type\":\"EntryPoint\",\"urlTemplate\":\"https:\/\/www.omio.fr\/window-seat\/?s={search_term_string}\"},\"query-input\":{\"@type\":\"PropertyValueSpecification\",\"valueRequired\":true,\"valueName\":\"search_term_string\"}}],\"inLanguage\":\"en-US\"},{\"@type\":\"Person\",\"@id\":\"https:\/\/www.omio.fr\/window-seat\/#\/schema\/person\/81210fb35284060e7a6c47d3af159bf5\",\"name\":\"Shandana A. Durrani\",\"image\":{\"@type\":\"ImageObject\",\"inLanguage\":\"en-US\",\"@id\":\"https:\/\/www.omio.fr\/window-seat\/#\/schema\/person\/image\/\",\"url\":\"https:\/\/secure.gravatar.com\/avatar\/476113e9842659b58c1663ada1d6b2f26e3e82e6dc8cc78268a787224b92d765?s=96&d=mm&r=g\",\"contentUrl\":\"https:\/\/secure.gravatar.com\/avatar\/476113e9842659b58c1663ada1d6b2f26e3e82e6dc8cc78268a787224b92d765?s=96&d=mm&r=g\",\"caption\":\"Shandana A. Durrani\"}}]}<\/script>\n<!-- \/ Yoast SEO plugin. -->","yoast_head_json":{"title":"Viaduc de Millau et autres ponts d'Europe \u00e0 explorer | Omio","description":"D\u00e9couvrez les plus beaux ponts d'Europe lors de votre prochain voyage. 1.Viaduc de Millau 2.Pont en bois de Kapellbr\u00fccke (Pont de Lucerne)...","robots":{"index":"index","follow":"follow","max-snippet":"max-snippet:-1","max-image-preview":"max-image-preview:large","max-video-preview":"max-video-preview:-1"},"canonical":"https:\/\/www.omio.fr\/window-seat\/histoire-art\/les-plus-beaux-ponts-deurope\/","og_locale":"en_US","og_type":"article","og_title":"Viaduc de Millau et autres ponts d'Europe \u00e0 explorer | Omio","og_description":"D\u00e9couvrez les plus beaux ponts d'Europe lors de votre prochain voyage. 1.Viaduc de Millau 2.Pont en bois de Kapellbr\u00fccke (Pont de Lucerne)...","og_url":"https:\/\/www.omio.fr\/window-seat\/fr\/histoire-art\/les-plus-beaux-ponts-deurope\/","og_site_name":"The Window Seat","article_published_time":"2021-12-01T00:00:00+00:00","article_modified_time":"2022-08-04T08:49:53+00:00","og_image":[{"width":1900,"height":1267,"url":"https:\/\/www.omio.fr\/window-seat\/wp-content\/uploads\/2022\/04\/shutterstock_1253334145_Ronda-1.jpg","type":"image\/jpeg"}],"author":"Shandana A. Durrani","twitter_card":"summary_large_image","twitter_misc":{"Written by":"Shandana A. Durrani","Est. reading time":"6 minutes"},"schema":{"@context":"https:\/\/schema.org","@graph":[{"@type":"WebPage","@id":"https:\/\/www.omio.fr\/window-seat\/fr\/histoire-art\/les-plus-beaux-ponts-deurope\/","url":"https:\/\/www.omio.fr\/window-seat\/fr\/histoire-art\/les-plus-beaux-ponts-deurope\/","name":"Viaduc de Millau et autres ponts d'Europe \u00e0 explorer | Omio","isPartOf":{"@id":"https:\/\/www.omio.fr\/window-seat\/#website"},"primaryImageOfPage":{"@id":"https:\/\/www.omio.fr\/window-seat\/fr\/histoire-art\/les-plus-beaux-ponts-deurope\/#primaryimage"},"image":{"@id":"https:\/\/www.omio.fr\/window-seat\/fr\/histoire-art\/les-plus-beaux-ponts-deurope\/#primaryimage"},"thumbnailUrl":"https:\/\/www.omio.fr\/window-seat\/wp-content\/uploads\/2022\/04\/shutterstock_1253334145_Ronda-1.jpg","datePublished":"2021-12-01T00:00:00+00:00","dateModified":"2022-08-04T08:49:53+00:00","author":{"@id":"https:\/\/www.omio.fr\/window-seat\/#\/schema\/person\/81210fb35284060e7a6c47d3af159bf5"},"description":"D\u00e9couvrez les plus beaux ponts d'Europe lors de votre prochain voyage. 1.Viaduc de Millau 2.Pont en bois de Kapellbr\u00fccke (Pont de Lucerne)...","breadcrumb":{"@id":"https:\/\/www.omio.fr\/window-seat\/fr\/histoire-art\/les-plus-beaux-ponts-deurope\/#breadcrumb"},"inLanguage":"en-US","potentialAction":[{"@type":"ReadAction","target":["https:\/\/www.omio.fr\/window-seat\/fr\/histoire-art\/les-plus-beaux-ponts-deurope\/"]}]},{"@type":"ImageObject","inLanguage":"en-US","@id":"https:\/\/www.omio.fr\/window-seat\/fr\/histoire-art\/les-plus-beaux-ponts-deurope\/#primaryimage","url":"https:\/\/www.omio.fr\/window-seat\/wp-content\/uploads\/2022\/04\/shutterstock_1253334145_Ronda-1.jpg","contentUrl":"https:\/\/www.omio.fr\/window-seat\/wp-content\/uploads\/2022\/04\/shutterstock_1253334145_Ronda-1.jpg","width":1900,"height":1267,"caption":"The light reflects on the Puente Nuevo in Ronda, Spain, making it appear more merged into the cliffs around it. Credit: Shutterstock"},{"@type":"BreadcrumbList","@id":"https:\/\/www.omio.fr\/window-seat\/fr\/histoire-art\/les-plus-beaux-ponts-deurope\/#breadcrumb","itemListElement":[{"@type":"ListItem","position":1,"name":"The Window Seat","item":"https:\/\/www.omio.fr\/window-seat\/"},{"@type":"ListItem","position":2,"name":"History &amp; Art","item":"https:\/\/www.omio.fr\/window-seat\/history-art\/"},{"@type":"ListItem","position":3,"name":"Architecture","item":"https:\/\/www.omio.fr\/window-seat\/history-art\/architecture-2\/"},{"@type":"ListItem","position":4,"name":"Les plus beaux ponts d&rsquo;Europe"}]},{"@type":"WebSite","@id":"https:\/\/www.omio.fr\/window-seat\/#website","url":"https:\/\/www.omio.fr\/window-seat\/","name":"The Window Seat","description":"","potentialAction":[{"@type":"SearchAction","target":{"@type":"EntryPoint","urlTemplate":"https:\/\/www.omio.fr\/window-seat\/?s={search_term_string}"},"query-input":{"@type":"PropertyValueSpecification","valueRequired":true,"valueName":"search_term_string"}}],"inLanguage":"en-US"},{"@type":"Person","@id":"https:\/\/www.omio.fr\/window-seat\/#\/schema\/person\/81210fb35284060e7a6c47d3af159bf5","name":"Shandana A. Durrani","image":{"@type":"ImageObject","inLanguage":"en-US","@id":"https:\/\/www.omio.fr\/window-seat\/#\/schema\/person\/image\/","url":"https:\/\/secure.gravatar.com\/avatar\/476113e9842659b58c1663ada1d6b2f26e3e82e6dc8cc78268a787224b92d765?s=96&d=mm&r=g","contentUrl":"https:\/\/secure.gravatar.com\/avatar\/476113e9842659b58c1663ada1d6b2f26e3e82e6dc8cc78268a787224b92d765?s=96&d=mm&r=g","caption":"Shandana A. Durrani"}}]}},"_links":{"self":[{"href":"https:\/\/www.omio.fr\/window-seat\/wp-json\/wp\/v2\/posts\/27515","targetHints":{"allow":["GET"]}}],"collection":[{"href":"https:\/\/www.omio.fr\/window-seat\/wp-json\/wp\/v2\/posts"}],"about":[{"href":"https:\/\/www.omio.fr\/window-seat\/wp-json\/wp\/v2\/types\/post"}],"author":[{"embeddable":true,"href":"https:\/\/www.omio.fr\/window-seat\/wp-json\/wp\/v2\/users\/6"}],"replies":[{"embeddable":true,"href":"https:\/\/www.omio.fr\/window-seat\/wp-json\/wp\/v2\/comments?post=27515"}],"version-history":[{"count":3,"href":"https:\/\/www.omio.fr\/window-seat\/wp-json\/wp\/v2\/posts\/27515\/revisions"}],"predecessor-version":[{"id":36224,"href":"https:\/\/www.omio.fr\/window-seat\/wp-json\/wp\/v2\/posts\/27515\/revisions\/36224"}],"wp:featuredmedia":[{"embeddable":true,"href":"https:\/\/www.omio.fr\/window-seat\/wp-json\/wp\/v2\/media\/22709"}],"wp:attachment":[{"href":"https:\/\/www.omio.fr\/window-seat\/wp-json\/wp\/v2\/media?parent=27515"}],"wp:term":[{"taxonomy":"category","embeddable":true,"href":"https:\/\/www.omio.fr\/window-seat\/wp-json\/wp\/v2\/categories?post=27515"},{"taxonomy":"post_tag","embeddable":true,"href":"https:\/\/www.omio.fr\/window-seat\/wp-json\/wp\/v2\/tags?post=27515"},{"taxonomy":"position_id","embeddable":true,"href":"https:\/\/www.omio.fr\/window-seat\/wp-json\/wp\/v2\/position_ids?post=27515"}],"curies":[{"name":"wp","href":"https:\/\/api.w.org\/{rel}","templated":true}]}}