{"id":27559,"date":"2022-04-08T00:00:00","date_gmt":"2022-04-08T00:00:00","guid":{"rendered":"http:\/\/www.omio.fr\/window-seat\/non-classifiee\/les-plus-beaux-villages-deurope"},"modified":"2022-08-04T08:52:47","modified_gmt":"2022-08-04T08:52:47","slug":"les-plus-beaux-villages-deurope","status":"publish","type":"post","link":"https:\/\/www.omio.fr\/window-seat\/fr\/culture-lifestyle-fr\/les-plus-beaux-villages-deurope\/","title":{"rendered":"Les plus beaux villages d\u2019Europe"},"content":{"rendered":"\n<p>La campagne a toujours \u00e9t\u00e9 synonyme de vie, de terroir et de culture. Mais au-del\u00e0 de ses magnifiques paysages, chaque destination campagnarde a quelque chose d\u2019unique \u00e0 offrir, et ce dans un atmosph\u00e8re de s\u00e9r\u00e9nit\u00e9 imp\u00e9rissable.<\/p>\n\n\n\n<p>Des villages perch\u00e9s de la C\u00f4te-d\u2019Azur au c\u0153ur vert de l\u2019Italie, aventurez-vous en pleine nature dans cinq pays diff\u00e9rents.<\/p>\n\n\n\n<p><strong><strong>Les villages perch\u00e9s de la C\u00f4te-d\u2019Azur, France<\/strong><\/strong><\/p>\n\n\n\n<p>Oubliez Cannes ou Nice, et rendez-vous \u00e0 <a href=\"https:\/\/www.omio.com\/travel\/eze-s6oxn\" target=\"_blank\" rel=\"noreferrer noopener\">\u00c8ze<\/a>, un village bucolique perch\u00e9 \u00e0 400 m\u00e8tres et sur 3 \u00e9tages, connect\u00e9s entre eux par des passages verdoyants. Promenez-vous dans ses ruelles pav\u00e9es o\u00f9 des arches et des maisons en pierre sont orn\u00e9es de poteries, de vignes et de lierre, avec de nombreuses galeries d\u2019art et d\u2019ateliers d\u2019artistes locaux. Ne manquez pas son Jardin Exotique, am\u00e9nag\u00e9 dans les ruines d\u2019une ancienne forteresse, et rempli de cactuse, d\u2019agaves, d\u2019aloe, et d\u2019autres plantes tropicales.<\/p>\n\n\n\n<figure class=\"wp-block-gallery has-nested-images columns-default is-cropped wp-block-gallery-1 is-layout-flex wp-block-gallery-is-layout-flex\">\n<figure class=\"wp-block-image size-large\"><img decoding=\"async\" data-id=\"36342\" src=\"https:\/\/www.omio.fr\/window-seat\/wp-content\/uploads\/2022\/04\/shutterstock_1814916803-1-scaled.jpg\" alt=\"\" class=\"wp-image-36342\"\/><figcaption>Sur la place du Planet, vous trouverez des ateliers pittoresques ainsi que la seule fontaine du village. Cr\u00e9dit : Shutterstock<\/figcaption><\/figure>\n\n\n\n<figure class=\"wp-block-image size-large\"><img decoding=\"async\" data-id=\"36348\" src=\"https:\/\/www.omio.fr\/window-seat\/wp-content\/uploads\/2022\/04\/shutterstock_1210573549-1-scaled.jpg\" alt=\"\" class=\"wp-image-36348\"\/><figcaption>Les rues m\u00e9di\u00e9vales fleuries d\u00e9finissent le caract\u00e8re enchanteur d&#8217;\u00c8ze. Cr\u00e9dit : Shutterstock<\/figcaption><\/figure>\n<\/figure>\n\n\n<div id=\"search-widget-overlay\" class=\"search-widget-overlay\">\r\n  <div class=\"search-widget-overlay__form\" data-search-widget-container>\r\n    <div class=\"search-widget-overlay__details\">\r\n      <button class=\"search-widget-overlay__close\" data-search-widget-close>\r\n        \u2715\r\n      <\/button>\r\n      <div class=\"search-widget-overlay__text\">\r\n        \u00c8ze      <\/div>\r\n    <\/div>\r\n\r\n  <\/div>\r\n<\/div>\r\n\r\n<div class=\"search-widget-cta\">\r\n  <button class=\"search-widget-cta__button\" data-search-widget-cta>\r\n    Billets pour \u00c8ze  <\/button>\r\n<\/div>\n\n\n<p>Pr\u00e8s de la fronti\u00e8re italienne, \u00e0 800 m\u00e8tres d\u2019altitude, se trouve <a href=\"https:\/\/www.omio.fr\/voyage\/tende-mhbxp\" target=\"_blank\" rel=\"noreferrer noopener\">Tende<\/a>, un village pittoresque nich\u00e9 dans la Vall\u00e9e de Roya. Apr\u00e8s avoir visit\u00e9 les bijoux de la partie m\u00e9di\u00e9vale comme l\u2019\u00e9glise baroque Notre-Dame de l\u2019Assomption, tr\u00f4nant sur le village avec son clocher ros\u00e9, pr\u00e9parez-vous \u00e0 une ascension dans la Vall\u00e9e des Merveilles, un cirque glaciaire sur le Mont B\u00e9go o\u00f9 vous d\u00e9couvrirez des lacs et des gravures pr\u00e9historiques, datant de l\u2019\u00c2ge de Bronze. Pour un rythme plus paisible, pensez \u00e0 vous reposer dans l\u2019un des refuges sur le sentier.<\/p>\n\n\n\n<figure class=\"wp-block-gallery has-nested-images columns-default is-cropped wp-block-gallery-2 is-layout-flex wp-block-gallery-is-layout-flex\">\n<figure class=\"wp-block-image size-large\"><img decoding=\"async\" data-id=\"36356\" src=\"https:\/\/www.omio.fr\/window-seat\/wp-content\/uploads\/2022\/04\/shutterstock_1116232331-1-scaled.jpg\" alt=\"\" class=\"wp-image-36356\"\/><figcaption>Singulier m\u00e9lange de couleurs vives et de dorures, le clocher de Notre-Dame de l&#8217;Assomption veille sur Tende. Cr\u00e9dit : Shutterstock<\/figcaption><\/figure>\n<\/figure>\n\n\n\n<p><strong><strong>Les vall\u00e9es verdoyantes des Highlands, \u00c9cosse<\/strong><\/strong><\/p>\n\n\n\n<p><a href=\"https:\/\/www.omio.com\/trains\/fort-william\" target=\"_blank\" rel=\"noreferrer noopener\">Fort William<\/a>, connu sous le nom de la \u00ab Capitale de la nature du Royaume-Uni \u00bb, est bord\u00e9 par le Loch Linnhe, au pied du majestueux Ben Nevis, le plus haut sommet du Royaume-Uni.<\/p>\n\n\n\n<p>Ici, les amoureux de la nature peuvent facilement acc\u00e9der \u00e0 la nature sauvage et contempler les paysages mystiques des Highlands. Les randonneurs exp\u00e9riment\u00e9s peuvent s\u2019aventurer sur le sentier de 16 kilom\u00e8tres pour une ascension au sommet du Ben Nevis, en explorant \u00e9galement la vall\u00e9e Glen Nevis, un des lieux de tournage du film <em>Braveheart<\/em>. N\u2019oubliez pas de profiter de balades le long du Loch Linnhe ou de <a href=\"https:\/\/www.getyourguide.fr\/fort-william-l32181\/fort-william-croisiere-sur-le-loch-linnhe-avec-boisson-chaude-t408246\/\" target=\"_blank\" rel=\"noreferrer noopener\">naviguer sur les eaux<\/a> pour observer les phoques Blackrock et des aigles royaux.<\/p>\n\n\n\n<figure class=\"wp-block-gallery has-nested-images columns-default is-cropped wp-block-gallery-3 is-layout-flex wp-block-gallery-is-layout-flex\">\n<figure class=\"wp-block-image size-large\"><img decoding=\"async\" data-id=\"36363\" src=\"https:\/\/www.omio.fr\/window-seat\/wp-content\/uploads\/2022\/04\/shutterstock_134943515-1-scaled.jpg\" alt=\"\" class=\"wp-image-36363\"\/><figcaption>Les vall\u00e9es et collines verdoyantes des Highlands s&#8217;\u00e9tendent \u00e0 l&#8217;infini, pour un s\u00e9jour des plus d\u00e9paysants dans la nature. Cr\u00e9dit : Shutterstock<\/figcaption><\/figure>\n\n\n\n<figure class=\"wp-block-image size-large\"><img decoding=\"async\" data-id=\"36370\" src=\"https:\/\/www.omio.fr\/window-seat\/wp-content\/uploads\/2022\/04\/shutterstock_788602192-2-scaled.jpg\" alt=\"\" class=\"wp-image-36370\"\/><figcaption>Datant du XIVe si\u00e8cle, l&#8217;historique Castle Stalker se trouve sur les eaux du Loch Linnhe, accessible \u00e0 mar\u00e9e basse. Cr\u00e9dit : Shutterstock<\/figcaption><\/figure>\n<\/figure>\n\n\n\n<p>Compl\u00e9tez votre aventure \u00e0 Glenfinnan, sur les traces de Harry Potter. Au nord du village \u00e9cossais, vous trouverez le viaduc de Glenfinnan, sur lequel circule le locomotive \u00e0 vapeur, le Jacobite Express, aka le Poudlard Express. Ne manquez pas son passage vers 10h15 pour la photo parfaite !<\/p>\n\n\n\n<figure class=\"wp-block-gallery has-nested-images columns-default is-cropped wp-block-gallery-4 is-layout-flex wp-block-gallery-is-layout-flex\">\n<figure class=\"wp-block-image size-large\"><img decoding=\"async\" data-id=\"36376\" src=\"https:\/\/www.omio.fr\/window-seat\/wp-content\/uploads\/2022\/04\/cruiselochlinnhe.co_.uk_elsie-facts_.jpeg\" alt=\"\" class=\"wp-image-36376\"\/><figcaption>Naviguez vers les nombreuses \u00eeles habit\u00e9es par la flore et la faune sauvages du Loch Linnhe. Cr\u00e9dit : Cruiselochlinnhe.co.uk<\/figcaption><\/figure>\n\n\n\n<figure class=\"wp-block-image size-large\"><img decoding=\"async\" data-id=\"36383\" src=\"https:\/\/www.omio.fr\/window-seat\/wp-content\/uploads\/2022\/04\/shutterstock_1784464334-1-scaled.jpg\" alt=\"\" class=\"wp-image-36383\"\/><figcaption>Le viaduc de Glenfinnan est l&#8217;un des sites les plus remarquables des Highlands. Cr\u00e9dit : Shutterstock<\/figcaption><\/figure>\n<\/figure>\n\n\n<div id=\"search-widget-overlay\" class=\"search-widget-overlay\">\r\n  <div class=\"search-widget-overlay__form\" data-search-widget-container>\r\n    <div class=\"search-widget-overlay__details\">\r\n      <button class=\"search-widget-overlay__close\" data-search-widget-close>\r\n        \u2715\r\n      <\/button>\r\n      <div class=\"search-widget-overlay__text\">\r\n        Fort William      <\/div>\r\n    <\/div>\r\n\r\n  <\/div>\r\n<\/div>\r\n\r\n<div class=\"search-widget-cta\">\r\n  <button class=\"search-widget-cta__button\" data-search-widget-cta>\r\n    Billets pour Fort William  <\/button>\r\n<\/div>\n\n\n<p><strong><strong>Les merveilles historiques de Ombrie, Italie<\/strong><\/strong><\/p>\n\n\n\n<p>Orvieto, un des villages italiens au patrimoine culturelle et artistique le plus riche, a une histoire marqu\u00e9e par les \u00c9trusques, les Goths, les Byzantins et les Lombards depuis le VIX\u00e8me si\u00e8cle avant J.C.. De la magnifique cath\u00e9drale gothique de Santa Maria Assunta in Cielo aux palazzos m\u00e9di\u00e9vaux, de nombreuses reliques architecturales vous y attendent. Aussi vieille que le village, la tradition viticole de <a href=\"https:\/\/www.omio.fr\/trains\/orvieto-ecjdy\" target=\"_blank\" rel=\"noreferrer noopener\">Orvieto<\/a> n\u2019est pas moins impressionnante. Datant des temps antiques, les Etrusques conservaient d\u00e9j\u00e0 le vin dans les caves creus\u00e9es dans la tufe. Aux senteurs de p\u00eache, le vin Orvieto DOC est produit \u00e0 partir des raisins locaux Grechetto et Procanico.<\/p>\n\n\n\n<figure class=\"wp-block-gallery has-nested-images columns-default is-cropped wp-block-gallery-5 is-layout-flex wp-block-gallery-is-layout-flex\">\n<figure class=\"wp-block-image size-large\"><img decoding=\"async\" data-id=\"36389\" src=\"https:\/\/www.omio.fr\/window-seat\/wp-content\/uploads\/2022\/04\/shutterstock_1116193754-1-scaled.jpg\" alt=\"\" class=\"wp-image-36389\"\/><figcaption>Sur la Piazza Duomo, l&#8217;\u00e9glise Santa Maria Assunta in Cielo, de style romano-gothique, ravit par sa fa\u00e7ade orn\u00e9e de mosa\u00efques, de portes en bronze et de rosaces. Cr\u00e9dit : Shutterstock<\/figcaption><\/figure>\n<\/figure>\n\n\n<div id=\"search-widget-overlay\" class=\"search-widget-overlay\">\r\n  <div class=\"search-widget-overlay__form\" data-search-widget-container>\r\n    <div class=\"search-widget-overlay__details\">\r\n      <button class=\"search-widget-overlay__close\" data-search-widget-close>\r\n        \u2715\r\n      <\/button>\r\n      <div class=\"search-widget-overlay__text\">\r\n        Orvieto      <\/div>\r\n    <\/div>\r\n\r\n  <\/div>\r\n<\/div>\r\n\r\n<div class=\"search-widget-cta\">\r\n  <button class=\"search-widget-cta__button\" data-search-widget-cta>\r\n    Billets pour Orvieto  <\/button>\r\n<\/div>\n\n\n<p>\u00c0 Spello, un village fortifi\u00e9 mariant architecture m\u00e9di\u00e9vale et romaine, pr\u00e9parez-vous \u00e0 un voyage dans le temps \u00e0 travers ses ruelles sinueuses, ses maisons en pierre, ses arches et ses ruines romaines. Mais Spello est surtout connu pour son festival de tapis de fleurs, o\u00f9 des motifs et des tableaux pr\u00e9par\u00e9s avec les fleurs cueillies sur le Mont Subasio et les Umbria-Marche Apennines embellies les ruelles pour un festin magique.<\/p>\n\n\n\n<figure class=\"wp-block-gallery has-nested-images columns-default is-cropped wp-block-gallery-6 is-layout-flex wp-block-gallery-is-layout-flex\">\n<figure class=\"wp-block-image size-large\"><img decoding=\"async\" data-id=\"36397\" src=\"https:\/\/www.omio.fr\/window-seat\/wp-content\/uploads\/2022\/04\/shutterstock_1433034767-1-scaled.jpg\" alt=\"\" class=\"wp-image-36397\"\/><figcaption>L&#8217;une des six portes de Spello, la porte de V\u00e9nus, bien conserv\u00e9e, et ses tours romanes sont situ\u00e9es dans la partie ouest du village. Cr\u00e9dit : Shutterstock<\/figcaption><\/figure>\n<\/figure>\n\n\n\n<figure class=\"wp-block-gallery has-nested-images columns-default is-cropped wp-block-gallery-7 is-layout-flex wp-block-gallery-is-layout-flex\">\n<figure class=\"wp-block-image size-large\"><img decoding=\"async\" data-id=\"36404\" src=\"https:\/\/www.omio.fr\/window-seat\/wp-content\/uploads\/2022\/04\/shutterstock_1188658441-1-scaled.jpg\" alt=\"\" class=\"wp-image-36404\"\/><figcaption>Des promenades paisibles vous attendent dans les rues m\u00e9di\u00e9vales sinueuses et pittoresques de Spello. Cr\u00e9dit : Shutterstock<\/figcaption><\/figure>\n\n\n\n<figure class=\"wp-block-image size-large\"><img decoding=\"async\" data-id=\"36410\" src=\"https:\/\/www.omio.fr\/window-seat\/wp-content\/uploads\/2022\/04\/shutterstock_662371960-1-scaled.jpg\" alt=\"\" class=\"wp-image-36410\"\/><figcaption>Pendant la F\u00eate des Fleurs de Spello, le cadre idyllique atteint son apog\u00e9e, avec un festival de couleurs vives et de doux parfums. Cr\u00e9dit : Shutterstock<\/figcaption><\/figure>\n<\/figure>\n\n\n<div id=\"search-widget-overlay\" class=\"search-widget-overlay\">\r\n  <div class=\"search-widget-overlay__form\" data-search-widget-container>\r\n    <div class=\"search-widget-overlay__details\">\r\n      <button class=\"search-widget-overlay__close\" data-search-widget-close>\r\n        \u2715\r\n      <\/button>\r\n      <div class=\"search-widget-overlay__text\">\r\n        Spello      <\/div>\r\n    <\/div>\r\n\r\n  <\/div>\r\n<\/div>\r\n\r\n<div class=\"search-widget-cta\">\r\n  <button class=\"search-widget-cta__button\" data-search-widget-cta>\r\n    Billets pour Spello  <\/button>\r\n<\/div>\n\n\n<p><strong><strong>Une romance f\u00e9erique en Rh\u00e9nanie-Palatinat, Allemagne<\/strong><\/strong><\/p>\n\n\n\n<p>Dans la Rh\u00e9nanie-Palatinat, surnomm\u00e9e l\u2019Allemagne Romantique, la petite ville de <a href=\"https:\/\/www.omio.com\/trains\/bacharach-npiup\" target=\"_blank\" rel=\"noreferrer noopener\">Bacharach<\/a> se situe au large du Rhin, au paysage dessin\u00e9 par les vignes, les vall\u00e9es et les ch\u00e2teaux. La vieille ville offre une ambiance tout droit sortie d\u2019un conte de f\u00e9es avec ses maisons \u00e0 colombages et ses b\u00e2timents m\u00e9di\u00e9vaux abritant des restaurants et des h\u00f4tels authentiques.<\/p>\n\n\n\n<p>Rendez-vous \u00e0 Altk\u00f6lnischer Hof, sur la place du march\u00e9, pour go\u00fbter aux plats locaux copieux, tels que les plats de gibier sauvage rh\u00e9nans. Pour les meilleures vues sur le village, empruntez le sentier de randonn\u00e9e Stahlberg-Schleife<strong>, <\/strong>d\u00e9marrant aux ruines de la Wernerkapelle, et vous emmenant au sommet des vignobles, en passant par des sites historiques de Bacharach comme le ch\u00e2teau Stahleck restaur\u00e9 en auberge de jeunesse.<\/p>\n\n\n\n<figure class=\"wp-block-gallery has-nested-images columns-default is-cropped wp-block-gallery-8 is-layout-flex wp-block-gallery-is-layout-flex\">\n<figure class=\"wp-block-image size-large\"><img decoding=\"async\" data-id=\"36416\" src=\"https:\/\/www.omio.fr\/window-seat\/wp-content\/uploads\/2022\/04\/shutterstock_1750844999-1-scaled.jpg\" alt=\"\" class=\"wp-image-36416\"\/><figcaption>Dans la vieille ville de Bacharach, on se croirait dans un conte de f\u00e9es, avec toutes ses maisons \u00e0 colombages. Cr\u00e9dit : Shutterstock<\/figcaption><\/figure>\n<\/figure>\n\n\n\n<figure class=\"wp-block-gallery has-nested-images columns-default is-cropped wp-block-gallery-9 is-layout-flex wp-block-gallery-is-layout-flex\">\n<figure class=\"wp-block-image size-large\"><img decoding=\"async\" data-id=\"36423\" src=\"https:\/\/www.omio.fr\/window-seat\/wp-content\/uploads\/2022\/04\/shutterstock_1810857826-1-scaled.jpg\" alt=\"\" class=\"wp-image-36423\"\/><figcaption>Parmi les vignobles verdoyants en pente et les maisons \u00e0 colombages, vous oublierez le monde ext\u00e9rieur. Cr\u00e9dit : Shutterstock<\/figcaption><\/figure>\n<\/figure>\n\n\n<div id=\"search-widget-overlay\" class=\"search-widget-overlay\">\r\n  <div class=\"search-widget-overlay__form\" data-search-widget-container>\r\n    <div class=\"search-widget-overlay__details\">\r\n      <button class=\"search-widget-overlay__close\" data-search-widget-close>\r\n        \u2715\r\n      <\/button>\r\n      <div class=\"search-widget-overlay__text\">\r\n        Bacharach      <\/div>\r\n    <\/div>\r\n\r\n  <\/div>\r\n<\/div>\r\n\r\n<div class=\"search-widget-cta\">\r\n  <button class=\"search-widget-cta__button\" data-search-widget-cta>\r\n    Billets pour Bacharach  <\/button>\r\n<\/div>\n\n\n<p>Tout aussi f\u00e9erique mais plus color\u00e9, <a href=\"https:\/\/www.omio.fr\/trains\/cochem-ixzyd\" target=\"_blank\" rel=\"noreferrer noopener\">Cochem<\/a><strong> <\/strong>est situ\u00e9 un peu plus \u00e0 l\u2019ouest, sur les rives de la Moselle. Son majestueux ch\u00e2teau n\u00e9o-gothique tr\u00f4ne sur le village, o\u00f9 vous pouvez, apr\u00e8s une visite, prendre part \u00e0 un festin m\u00e9di\u00e9val servi par des servants costum\u00e9s et accompagn\u00e9 de musique folklorique. Pour une exp\u00e9rience moins tumultueuse, profitez d\u2019une visite originale de la vieille ville, organis\u00e9e chaque samedi soir \u00e0 8h30, et guid\u00e9e par le gardien de nuit de Cochem, \u00e9galement habill\u00e9 de son costume, et portant une lanterne, une corne et m\u00eame un hallebard, vous emm\u00e8nant \u00e0 la d\u00e9couverte des gemmes de Cochem, accompagn\u00e9 de contes d\u2019antan.<\/p>\n\n\n\n<figure class=\"wp-block-gallery has-nested-images columns-default is-cropped wp-block-gallery-10 is-layout-flex wp-block-gallery-is-layout-flex\">\n<figure class=\"wp-block-image size-large\"><img decoding=\"async\" data-id=\"36430\" src=\"https:\/\/www.omio.fr\/window-seat\/wp-content\/uploads\/2022\/04\/shutterstock_538288828-1-scaled.jpg\" alt=\"\" class=\"wp-image-36430\"\/><figcaption>Avec ses maisons color\u00e9es align\u00e9es le long de la Moselle et son ch\u00e2teau historique coiffant la colline verdoyante, Cochem est un paradis sur terre. Cr\u00e9dit : Shutterstock<\/figcaption><\/figure>\n<\/figure>\n\n\n<div id=\"search-widget-overlay\" class=\"search-widget-overlay\">\r\n  <div class=\"search-widget-overlay__form\" data-search-widget-container>\r\n    <div class=\"search-widget-overlay__details\">\r\n      <button class=\"search-widget-overlay__close\" data-search-widget-close>\r\n        \u2715\r\n      <\/button>\r\n      <div class=\"search-widget-overlay__text\">\r\n        Cochem      <\/div>\r\n    <\/div>\r\n\r\n  <\/div>\r\n<\/div>\r\n\r\n<div class=\"search-widget-cta\">\r\n  <button class=\"search-widget-cta__button\" data-search-widget-cta>\r\n    Billets pour Cochem  <\/button>\r\n<\/div>\n\n\n<p><strong><strong>Les sommets et les vall\u00e9es des Pr\u00e9alpes, Suisse<\/strong><\/strong><\/p>\n\n\n\n<p>Au pied des Pr\u00e9alpes, vous trouverez <a href=\"https:\/\/www.omio.fr\/voyage\/gruyeres-glkn2\" target=\"_blank\" rel=\"noreferrer noopener\"><strong>Gruy\u00e8re<\/strong><\/a>, une cit\u00e9 m\u00e9di\u00e9vale pi\u00e9tonne offrant un cadre rustique et traditionnel le long de ses rues pav\u00e9es bord\u00e9es des maisons des XVe et XVIIe si\u00e8cles. Apr\u00e8s la visite du Ch\u00e2teau de Gruy\u00e8re o\u00f9 des conteuses en costume m\u00e9di\u00e9val proposent des balades cont\u00e9es, une pause fromage s&#8217;imposera naturellement dans le lieu natal de la Gruy\u00e8re. Au restaurant Gruy\u00e8re Traditions, les d\u00e9licieuses sp\u00e9cialit\u00e9s du terroir comme le fondue, le <em>r\u00f6sti, <\/em>ou la <em>cro\u00fbte au fromage <\/em>sont d\u00e9clin\u00e9es en version sans lactose, sans gluten et v\u00e9g\u00e9tarienne.<\/p>\n\n\n\n<figure class=\"wp-block-gallery has-nested-images columns-default is-cropped wp-block-gallery-11 is-layout-flex wp-block-gallery-is-layout-flex\">\n<figure class=\"wp-block-image size-large\"><img decoding=\"async\" data-id=\"36437\" src=\"https:\/\/www.omio.fr\/window-seat\/wp-content\/uploads\/2022\/04\/shutterstock_1704651106-1.jpg\" alt=\"\" class=\"wp-image-36437\"\/><figcaption>Fl\u00e2nez dans la luxuriante campagne suisse immacul\u00e9e en visitant Gruy\u00e8res, un village m\u00e9di\u00e9val historique et intr\u00e9gralement p\u00e9destre. Cr\u00e9dit : Shutterstock<\/figcaption><\/figure>\n<\/figure>\n\n\n\n<figure class=\"wp-block-gallery has-nested-images columns-default is-cropped wp-block-gallery-12 is-layout-flex wp-block-gallery-is-layout-flex\">\n<figure class=\"wp-block-image size-large\"><img decoding=\"async\" data-id=\"36444\" src=\"https:\/\/www.omio.fr\/window-seat\/wp-content\/uploads\/2022\/04\/shutterstock_1798137319-1.jpg\" alt=\"\" class=\"wp-image-36444\"\/><figcaption>Les fortifications et les portes historiques et bien pr\u00e9serv\u00e9es de la ville m\u00e9di\u00e9vale offrent un voyage dans le temps. Cr\u00e9dit : Shutterstock<\/figcaption><\/figure>\n\n\n\n<figure class=\"wp-block-image size-large\"><img decoding=\"async\" data-id=\"36450\" src=\"https:\/\/www.omio.fr\/window-seat\/wp-content\/uploads\/2022\/04\/shutterstock_1647217222-1-scaled.jpg\" alt=\"\" class=\"wp-image-36450\"\/><figcaption>Dans la ville natale du gruy\u00e8re, un festin copieux vous attend avec toutes sortes de fondues et de raclettes suisses. Cr\u00e9dit : Shutterstock<\/figcaption><\/figure>\n<\/figure>\n\n\n<div id=\"search-widget-overlay\" class=\"search-widget-overlay\">\r\n  <div class=\"search-widget-overlay__form\" data-search-widget-container>\r\n    <div class=\"search-widget-overlay__details\">\r\n      <button class=\"search-widget-overlay__close\" data-search-widget-close>\r\n        \u2715\r\n      <\/button>\r\n      <div class=\"search-widget-overlay__text\">\r\n        Gruy\u00e8res      <\/div>\r\n    <\/div>\r\n\r\n  <\/div>\r\n<\/div>\r\n\r\n<div class=\"search-widget-cta\">\r\n  <button class=\"search-widget-cta__button\" data-search-widget-cta>\r\n    Billets pour Gruy\u00e8res  <\/button>\r\n<\/div>\n\n\n<p>Dans la Suisse italienne, Morcote, un ancien village de p\u00eacheurs, surprend avec sa topographie sc\u00e9nique. Alors que sa partie inf\u00e9rieure bord\u00e9e de r\u00e9sidences seigneuriales et de maisons \u00e0 arcades longe le lac de Lugano, sa partie sup\u00e9rieure surplombe le village, avec l\u2019\u00e9glise Santa Maria del Sasso tr\u00f4ne sur village. <\/p>\n\n\n\n<p>Acc\u00e9dez \u00e0 ce joyau de la Renaissance en escaladant les 400 marches, et vous serez r\u00e9compens\u00e9 par une vue panoramique sur le lac et les monts verdoyants. Ne manquez pas une visite du parc artistique et botanique Scherrer, un petit paradis embelli de palmiers, d\u2019eucaliptus, de cam\u00e9lias et de nombreuses autres plantes.<\/p>\n\n\n\n<figure class=\"wp-block-gallery has-nested-images columns-default is-cropped wp-block-gallery-13 is-layout-flex wp-block-gallery-is-layout-flex\">\n<figure class=\"wp-block-image size-large\"><img decoding=\"async\" data-id=\"36458\" src=\"https:\/\/www.omio.fr\/window-seat\/wp-content\/uploads\/2022\/04\/shutterstock_2066454074-1-scaled.jpg\" alt=\"\" class=\"wp-image-36458\"\/><figcaption>Le long du lac de Lugano, les pittoresques ruelles vo\u00fbt\u00e9es abritent des boutiques, des restaurants et des caf\u00e9s. Cr\u00e9dit : Shutterstock<\/figcaption><\/figure>\n\n\n\n<figure class=\"wp-block-image size-large\"><img decoding=\"async\" data-id=\"36465\" src=\"https:\/\/www.omio.fr\/window-seat\/wp-content\/uploads\/2022\/04\/shutterstock_1426378949-1-scaled.jpg\" alt=\"\" class=\"wp-image-36465\"\/><figcaption>Le parc Scherrer de Morcote offre des vues sublimes sur la nature environnante. Cr\u00e9dit : Shutterstock<\/figcaption><\/figure>\n<\/figure>\n\n\n<div id=\"search-widget-overlay\" class=\"search-widget-overlay\">\r\n  <div class=\"search-widget-overlay__form\" data-search-widget-container>\r\n    <div class=\"search-widget-overlay__details\">\r\n      <button class=\"search-widget-overlay__close\" data-search-widget-close>\r\n        \u2715\r\n      <\/button>\r\n      <div class=\"search-widget-overlay__text\">\r\n        Switzerland      <\/div>\r\n    <\/div>\r\n\r\n  <\/div>\r\n<\/div>\r\n\r\n<div class=\"search-widget-cta\">\r\n  <button class=\"search-widget-cta__button\" data-search-widget-cta>\r\n    Billets pour la Suisse  <\/button>\r\n<\/div>","protected":false},"excerpt":{"rendered":"<p>La campagne a toujours \u00e9t\u00e9 synonyme de vie, de terroir et de culture. Mais au-del\u00e0 de ses magnifiques paysages, chaque destination campagnarde a quelque chose d\u2019unique \u00e0 offrir, et ce dans un atmosph\u00e8re de s\u00e9r\u00e9nit\u00e9 imp\u00e9rissable. Des villages perch\u00e9s de la C\u00f4te-d\u2019Azur au c\u0153ur vert de l\u2019Italie, aventurez-vous en pleine nature dans cinq pays diff\u00e9rents.&hellip; <a class=\"more-link\" href=\"https:\/\/www.omio.fr\/window-seat\/fr\/culture-lifestyle-fr\/les-plus-beaux-villages-deurope\/\">Continue reading <span class=\"screen-reader-text\">Les plus beaux villages d\u2019Europe<\/span><\/a><\/p>\n","protected":false},"author":10,"featured_media":24127,"comment_status":"open","ping_status":"open","sticky":false,"template":"","format":"standard","meta":{"_acf_changed":false,"inline_featured_image":false,"footnotes":""},"categories":[1991,1987],"tags":[],"position_ids":[],"class_list":["post-27559","post","type-post","status-publish","format-standard","has-post-thumbnail","hentry","category-bien-etre","category-culture-lifestyle-fr","entry"],"acf":[],"yoast_head":"<!-- This site is optimized with the Yoast SEO plugin v24.9 - https:\/\/yoast.com\/wordpress\/plugins\/seo\/ -->\n<title>Les plus beaux paysages du monde | Omio<\/title>\n<meta name=\"description\" content=\"\u00c0 la recherche d&#039;un paysage magnifique et naturel pour votre voyage ? Explorez notre s\u00e9lection. 1.Dune du Pilat 2.Eibsee 3.Bardenas Reales...\" \/>\n<meta name=\"robots\" content=\"index, follow, max-snippet:-1, max-image-preview:large, max-video-preview:-1\" \/>\n<link rel=\"canonical\" href=\"https:\/\/www.omio.fr\/window-seat\/culture-lifestyle-fr\/les-plus-beaux-villages-deurope\/\" \/>\n<meta property=\"og:locale\" content=\"en_US\" \/>\n<meta property=\"og:type\" content=\"article\" \/>\n<meta property=\"og:title\" content=\"Les plus beaux paysages du monde | Omio\" \/>\n<meta property=\"og:description\" content=\"\u00c0 la recherche d&#039;un paysage magnifique et naturel pour votre voyage ? Explorez notre s\u00e9lection. 1.Dune du Pilat 2.Eibsee 3.Bardenas Reales...\" \/>\n<meta property=\"og:url\" content=\"https:\/\/www.omio.fr\/window-seat\/fr\/culture-lifestyle-fr\/les-plus-beaux-villages-deurope\/\" \/>\n<meta property=\"og:site_name\" content=\"The Window Seat\" \/>\n<meta property=\"article:published_time\" content=\"2022-04-08T00:00:00+00:00\" \/>\n<meta property=\"article:modified_time\" content=\"2022-08-04T08:52:47+00:00\" \/>\n<meta property=\"og:image\" content=\"https:\/\/www.omio.fr\/window-seat\/wp-content\/uploads\/2022\/04\/shutterstock_1815299456-1024x682.jpg\" \/>\n\t<meta property=\"og:image:width\" content=\"1024\" \/>\n\t<meta property=\"og:image:height\" content=\"682\" \/>\n\t<meta property=\"og:image:type\" content=\"image\/jpeg\" \/>\n<meta name=\"author\" content=\"Melek Carkaci\" \/>\n<meta name=\"twitter:card\" content=\"summary_large_image\" \/>\n<meta name=\"twitter:label1\" content=\"Written by\" \/>\n\t<meta name=\"twitter:data1\" content=\"Melek Carkaci\" \/>\n\t<meta name=\"twitter:label2\" content=\"Est. reading time\" \/>\n\t<meta name=\"twitter:data2\" content=\"8 minutes\" \/>\n<script type=\"application\/ld+json\" class=\"yoast-schema-graph\">{\"@context\":\"https:\/\/schema.org\",\"@graph\":[{\"@type\":\"WebPage\",\"@id\":\"https:\/\/www.omio.fr\/window-seat\/fr\/culture-lifestyle-fr\/les-plus-beaux-villages-deurope\/\",\"url\":\"https:\/\/www.omio.fr\/window-seat\/fr\/culture-lifestyle-fr\/les-plus-beaux-villages-deurope\/\",\"name\":\"Les plus beaux paysages du monde | Omio\",\"isPartOf\":{\"@id\":\"https:\/\/www.omio.fr\/window-seat\/#website\"},\"primaryImageOfPage\":{\"@id\":\"https:\/\/www.omio.fr\/window-seat\/fr\/culture-lifestyle-fr\/les-plus-beaux-villages-deurope\/#primaryimage\"},\"image\":{\"@id\":\"https:\/\/www.omio.fr\/window-seat\/fr\/culture-lifestyle-fr\/les-plus-beaux-villages-deurope\/#primaryimage\"},\"thumbnailUrl\":\"https:\/\/www.omio.fr\/window-seat\/wp-content\/uploads\/2022\/04\/shutterstock_1815299456.jpg\",\"datePublished\":\"2022-04-08T00:00:00+00:00\",\"dateModified\":\"2022-08-04T08:52:47+00:00\",\"author\":{\"@id\":\"https:\/\/www.omio.fr\/window-seat\/#\/schema\/person\/aa26f7149b7e0fcab9c1c8c5713fd830\"},\"description\":\"\u00c0 la recherche d'un paysage magnifique et naturel pour votre voyage ? Explorez notre s\u00e9lection. 1.Dune du Pilat 2.Eibsee 3.Bardenas Reales...\",\"breadcrumb\":{\"@id\":\"https:\/\/www.omio.fr\/window-seat\/fr\/culture-lifestyle-fr\/les-plus-beaux-villages-deurope\/#breadcrumb\"},\"inLanguage\":\"en-US\",\"potentialAction\":[{\"@type\":\"ReadAction\",\"target\":[\"https:\/\/www.omio.fr\/window-seat\/fr\/culture-lifestyle-fr\/les-plus-beaux-villages-deurope\/\"]}]},{\"@type\":\"ImageObject\",\"inLanguage\":\"en-US\",\"@id\":\"https:\/\/www.omio.fr\/window-seat\/fr\/culture-lifestyle-fr\/les-plus-beaux-villages-deurope\/#primaryimage\",\"url\":\"https:\/\/www.omio.fr\/window-seat\/wp-content\/uploads\/2022\/04\/shutterstock_1815299456.jpg\",\"contentUrl\":\"https:\/\/www.omio.fr\/window-seat\/wp-content\/uploads\/2022\/04\/shutterstock_1815299456.jpg\",\"width\":2000,\"height\":1333,\"caption\":\"The perched villages of the French Riviera offer the best bird\u2019s eye view over the Mediterranean. Credit: Shutterstock\"},{\"@type\":\"BreadcrumbList\",\"@id\":\"https:\/\/www.omio.fr\/window-seat\/fr\/culture-lifestyle-fr\/les-plus-beaux-villages-deurope\/#breadcrumb\",\"itemListElement\":[{\"@type\":\"ListItem\",\"position\":1,\"name\":\"The Window Seat\",\"item\":\"https:\/\/www.omio.fr\/window-seat\/\"},{\"@type\":\"ListItem\",\"position\":2,\"name\":\"Culture &amp; Lifestyle\",\"item\":\"https:\/\/www.omio.fr\/window-seat\/culture-lifestyle\/\"},{\"@type\":\"ListItem\",\"position\":3,\"name\":\"Wellness\",\"item\":\"https:\/\/www.omio.fr\/window-seat\/culture-lifestyle\/wellness\/\"},{\"@type\":\"ListItem\",\"position\":4,\"name\":\"Les plus beaux villages d\u2019Europe\"}]},{\"@type\":\"WebSite\",\"@id\":\"https:\/\/www.omio.fr\/window-seat\/#website\",\"url\":\"https:\/\/www.omio.fr\/window-seat\/\",\"name\":\"The Window Seat\",\"description\":\"\",\"potentialAction\":[{\"@type\":\"SearchAction\",\"target\":{\"@type\":\"EntryPoint\",\"urlTemplate\":\"https:\/\/www.omio.fr\/window-seat\/?s={search_term_string}\"},\"query-input\":{\"@type\":\"PropertyValueSpecification\",\"valueRequired\":true,\"valueName\":\"search_term_string\"}}],\"inLanguage\":\"en-US\"},{\"@type\":\"Person\",\"@id\":\"https:\/\/www.omio.fr\/window-seat\/#\/schema\/person\/aa26f7149b7e0fcab9c1c8c5713fd830\",\"name\":\"Melek Carkaci\",\"image\":{\"@type\":\"ImageObject\",\"inLanguage\":\"en-US\",\"@id\":\"https:\/\/www.omio.fr\/window-seat\/#\/schema\/person\/image\/\",\"url\":\"https:\/\/secure.gravatar.com\/avatar\/36a542faaab71cd0c5e28f4ef1b4a47a73c2555729dc68125edeea3f89dbe027?s=96&d=mm&r=g\",\"contentUrl\":\"https:\/\/secure.gravatar.com\/avatar\/36a542faaab71cd0c5e28f4ef1b4a47a73c2555729dc68125edeea3f89dbe027?s=96&d=mm&r=g\",\"caption\":\"Melek Carkaci\"}}]}<\/script>\n<!-- \/ Yoast SEO plugin. -->","yoast_head_json":{"title":"Les plus beaux paysages du monde | Omio","description":"\u00c0 la recherche d'un paysage magnifique et naturel pour votre voyage ? Explorez notre s\u00e9lection. 1.Dune du Pilat 2.Eibsee 3.Bardenas Reales...","robots":{"index":"index","follow":"follow","max-snippet":"max-snippet:-1","max-image-preview":"max-image-preview:large","max-video-preview":"max-video-preview:-1"},"canonical":"https:\/\/www.omio.fr\/window-seat\/culture-lifestyle-fr\/les-plus-beaux-villages-deurope\/","og_locale":"en_US","og_type":"article","og_title":"Les plus beaux paysages du monde | Omio","og_description":"\u00c0 la recherche d'un paysage magnifique et naturel pour votre voyage ? Explorez notre s\u00e9lection. 1.Dune du Pilat 2.Eibsee 3.Bardenas Reales...","og_url":"https:\/\/www.omio.fr\/window-seat\/fr\/culture-lifestyle-fr\/les-plus-beaux-villages-deurope\/","og_site_name":"The Window Seat","article_published_time":"2022-04-08T00:00:00+00:00","article_modified_time":"2022-08-04T08:52:47+00:00","og_image":[{"width":1024,"height":682,"url":"https:\/\/www.omio.fr\/window-seat\/wp-content\/uploads\/2022\/04\/shutterstock_1815299456-1024x682.jpg","type":"image\/jpeg"}],"author":"Melek Carkaci","twitter_card":"summary_large_image","twitter_misc":{"Written by":"Melek Carkaci","Est. reading time":"8 minutes"},"schema":{"@context":"https:\/\/schema.org","@graph":[{"@type":"WebPage","@id":"https:\/\/www.omio.fr\/window-seat\/fr\/culture-lifestyle-fr\/les-plus-beaux-villages-deurope\/","url":"https:\/\/www.omio.fr\/window-seat\/fr\/culture-lifestyle-fr\/les-plus-beaux-villages-deurope\/","name":"Les plus beaux paysages du monde | Omio","isPartOf":{"@id":"https:\/\/www.omio.fr\/window-seat\/#website"},"primaryImageOfPage":{"@id":"https:\/\/www.omio.fr\/window-seat\/fr\/culture-lifestyle-fr\/les-plus-beaux-villages-deurope\/#primaryimage"},"image":{"@id":"https:\/\/www.omio.fr\/window-seat\/fr\/culture-lifestyle-fr\/les-plus-beaux-villages-deurope\/#primaryimage"},"thumbnailUrl":"https:\/\/www.omio.fr\/window-seat\/wp-content\/uploads\/2022\/04\/shutterstock_1815299456.jpg","datePublished":"2022-04-08T00:00:00+00:00","dateModified":"2022-08-04T08:52:47+00:00","author":{"@id":"https:\/\/www.omio.fr\/window-seat\/#\/schema\/person\/aa26f7149b7e0fcab9c1c8c5713fd830"},"description":"\u00c0 la recherche d'un paysage magnifique et naturel pour votre voyage ? Explorez notre s\u00e9lection. 1.Dune du Pilat 2.Eibsee 3.Bardenas Reales...","breadcrumb":{"@id":"https:\/\/www.omio.fr\/window-seat\/fr\/culture-lifestyle-fr\/les-plus-beaux-villages-deurope\/#breadcrumb"},"inLanguage":"en-US","potentialAction":[{"@type":"ReadAction","target":["https:\/\/www.omio.fr\/window-seat\/fr\/culture-lifestyle-fr\/les-plus-beaux-villages-deurope\/"]}]},{"@type":"ImageObject","inLanguage":"en-US","@id":"https:\/\/www.omio.fr\/window-seat\/fr\/culture-lifestyle-fr\/les-plus-beaux-villages-deurope\/#primaryimage","url":"https:\/\/www.omio.fr\/window-seat\/wp-content\/uploads\/2022\/04\/shutterstock_1815299456.jpg","contentUrl":"https:\/\/www.omio.fr\/window-seat\/wp-content\/uploads\/2022\/04\/shutterstock_1815299456.jpg","width":2000,"height":1333,"caption":"The perched villages of the French Riviera offer the best bird\u2019s eye view over the Mediterranean. Credit: Shutterstock"},{"@type":"BreadcrumbList","@id":"https:\/\/www.omio.fr\/window-seat\/fr\/culture-lifestyle-fr\/les-plus-beaux-villages-deurope\/#breadcrumb","itemListElement":[{"@type":"ListItem","position":1,"name":"The Window Seat","item":"https:\/\/www.omio.fr\/window-seat\/"},{"@type":"ListItem","position":2,"name":"Culture &amp; Lifestyle","item":"https:\/\/www.omio.fr\/window-seat\/culture-lifestyle\/"},{"@type":"ListItem","position":3,"name":"Wellness","item":"https:\/\/www.omio.fr\/window-seat\/culture-lifestyle\/wellness\/"},{"@type":"ListItem","position":4,"name":"Les plus beaux villages d\u2019Europe"}]},{"@type":"WebSite","@id":"https:\/\/www.omio.fr\/window-seat\/#website","url":"https:\/\/www.omio.fr\/window-seat\/","name":"The Window Seat","description":"","potentialAction":[{"@type":"SearchAction","target":{"@type":"EntryPoint","urlTemplate":"https:\/\/www.omio.fr\/window-seat\/?s={search_term_string}"},"query-input":{"@type":"PropertyValueSpecification","valueRequired":true,"valueName":"search_term_string"}}],"inLanguage":"en-US"},{"@type":"Person","@id":"https:\/\/www.omio.fr\/window-seat\/#\/schema\/person\/aa26f7149b7e0fcab9c1c8c5713fd830","name":"Melek Carkaci","image":{"@type":"ImageObject","inLanguage":"en-US","@id":"https:\/\/www.omio.fr\/window-seat\/#\/schema\/person\/image\/","url":"https:\/\/secure.gravatar.com\/avatar\/36a542faaab71cd0c5e28f4ef1b4a47a73c2555729dc68125edeea3f89dbe027?s=96&d=mm&r=g","contentUrl":"https:\/\/secure.gravatar.com\/avatar\/36a542faaab71cd0c5e28f4ef1b4a47a73c2555729dc68125edeea3f89dbe027?s=96&d=mm&r=g","caption":"Melek Carkaci"}}]}},"_links":{"self":[{"href":"https:\/\/www.omio.fr\/window-seat\/wp-json\/wp\/v2\/posts\/27559","targetHints":{"allow":["GET"]}}],"collection":[{"href":"https:\/\/www.omio.fr\/window-seat\/wp-json\/wp\/v2\/posts"}],"about":[{"href":"https:\/\/www.omio.fr\/window-seat\/wp-json\/wp\/v2\/types\/post"}],"author":[{"embeddable":true,"href":"https:\/\/www.omio.fr\/window-seat\/wp-json\/wp\/v2\/users\/10"}],"replies":[{"embeddable":true,"href":"https:\/\/www.omio.fr\/window-seat\/wp-json\/wp\/v2\/comments?post=27559"}],"version-history":[{"count":3,"href":"https:\/\/www.omio.fr\/window-seat\/wp-json\/wp\/v2\/posts\/27559\/revisions"}],"predecessor-version":[{"id":36260,"href":"https:\/\/www.omio.fr\/window-seat\/wp-json\/wp\/v2\/posts\/27559\/revisions\/36260"}],"wp:featuredmedia":[{"embeddable":true,"href":"https:\/\/www.omio.fr\/window-seat\/wp-json\/wp\/v2\/media\/24127"}],"wp:attachment":[{"href":"https:\/\/www.omio.fr\/window-seat\/wp-json\/wp\/v2\/media?parent=27559"}],"wp:term":[{"taxonomy":"category","embeddable":true,"href":"https:\/\/www.omio.fr\/window-seat\/wp-json\/wp\/v2\/categories?post=27559"},{"taxonomy":"post_tag","embeddable":true,"href":"https:\/\/www.omio.fr\/window-seat\/wp-json\/wp\/v2\/tags?post=27559"},{"taxonomy":"position_id","embeddable":true,"href":"https:\/\/www.omio.fr\/window-seat\/wp-json\/wp\/v2\/position_ids?post=27559"}],"curies":[{"name":"wp","href":"https:\/\/api.w.org\/{rel}","templated":true}]}}