{"id":27566,"date":"2022-04-15T00:00:00","date_gmt":"2022-04-15T00:00:00","guid":{"rendered":"http:\/\/www.omio.fr\/window-seat\/?p=27566"},"modified":"2022-07-07T14:04:57","modified_gmt":"2022-07-07T14:04:57","slug":"cannes","status":"publish","type":"post","link":"https:\/\/www.omio.fr\/window-seat\/fr\/des-pays\/france-fr\/cannes\/","title":{"rendered":"Activit\u00e9s \u00e0 Cannes"},"content":{"rendered":"\n<p>L&#8217;\u00e9poque o\u00f9 l&#8217;on observait se pavaner aristocrates et c\u00e9l\u00e9brit\u00e9s sur la Croisette \u00e0 l&#8217;\u00e9cart de la pl\u00e8be est r\u00e9volue. Des projets de d\u00e9veloppement urbain incroyables dans la ville historique de la C\u00f4te d&#8217;Azur ont permis l&#8217;\u00e9closion de nouveaux lieux branch\u00e9s. Boire un verre, d\u00eener et danser jusqu&#8217;\u00e0 l&#8217;aube est d\u00e9sormais accessible \u00e0 tous dans la ville des stars.<\/p>\n\n\n\n<p>Cannes est l&#8217;\u00e9picentre du luxe sur la Riviera depuis les exub\u00e9rantes ann\u00e9es 1830, lorsque l&#8217;aristocratie anglaise affluait vers la M\u00e9diterran\u00e9e bleu azur pour profiter de son extraordinaire lumi\u00e8re, de sa beaut\u00e9 et de ses temp\u00e9ratures agr\u00e9ables. Avec l&#8217;arriv\u00e9e du c\u00e9l\u00e8bre Festival du film de Cannes et son cort\u00e8ge de stars hollywoodiennes en 1946, le destin de la \u00ab\u00a0star\u00a0\u00bb des villes baln\u00e9aires a \u00e9t\u00e9 scell\u00e9. Aujourd&#8217;hui, ses h\u00f4tels de luxe, ses temples gastronomiques \u00e9toil\u00e9s, ses bars branch\u00e9s, ses plages et ses marinas bourdonnent de mondains et d\u2019\u00e9picuriens en qu\u00eate de faste et de luxe. La vie de star, en somme\u00a0!<\/p>\n\n\n\n<p>Marcher dans les pas des stars du cin\u00e9ma sur le tapis rouge de la Croisette est un rite de passage \u00e0 Cannes. Mais en coulisses, ce petit village de p\u00eacheurs s\u00e9duit par sa vieille ville et son littoral perl\u00e9 d&#8217;\u00eeles myst\u00e9rieuses. Le moderne Port Pierre Canto, qui a connu un lifting en 2021, est devenu une marina chic ombrag\u00e9e par des palmiers, et en 2023, le mythique complexe piscine-casino des ann\u00e9es 1920 du Palm Beach rena\u00eetra de ses cendres. Il deviendra un centre social \u00e9tincelant pour la faune cool contemporaine. Voici notre liste des indispensables \u00e0 faire \u00e0 Cannes\u00a0!<\/p>\n\n\n<div id=\"search-widget-overlay\" class=\"search-widget-overlay\">\r\n  <div class=\"search-widget-overlay__form\" data-search-widget-container>\r\n    <div class=\"search-widget-overlay__details\">\r\n      <button class=\"search-widget-overlay__close\" data-search-widget-close>\r\n        \u2715\r\n      <\/button>\r\n      <div class=\"search-widget-overlay__text\">\r\n        Cannes      <\/div>\r\n    <\/div>\r\n\r\n  <\/div>\r\n<\/div>\r\n\r\n<div class=\"search-widget-cta\">\r\n  <button class=\"search-widget-cta__button\" data-search-widget-cta>\r\n    Billets pour Cannes  <\/button>\r\n<\/div>\n\n\n<p><strong><strong>O\u00f9 se r\u00e9galer \u00e0 Cannes\u00a0?<\/strong><\/strong><\/p>\n\n\n\n<p>Les restaurants de Cannes couvrent une large fourchette (!) de budgets et de styles, allant de la haute gastronomie \u00e0 la comfort-food du quotidien. Le march\u00e9 couvert de Forville r\u00e9unit en son sein p\u00eacheurs, agriculteurs et chefs Michelin \u00e9toil\u00e9s qui font leurs emplettes dans le quartier. C&#8217;est ici que vous devriez commencer votre s\u00e9jour.<\/p>\n\n\n\n<figure class=\"wp-block-gallery has-nested-images columns-default is-cropped wp-block-gallery-1 is-layout-flex wp-block-gallery-is-layout-flex\">\n<figure class=\"wp-block-image size-large\"><img decoding=\"async\" data-id=\"39179\" src=\"https:\/\/www.omio.fr\/window-seat\/wp-content\/uploads\/2022\/04\/BellePlage__0716-1.jpg\" alt=\"\" class=\"wp-image-39179\"\/><figcaption>D\u00e9gustez une cuisine m\u00e9diterran\u00e9enne savoureuse au restaurant de l&#8217;H\u00f4tel Belle Plage. Cr\u00e9dit H\u00f4tel Belle Plage<\/figcaption><\/figure>\n<\/figure>\n\n\n\n<p>Chaque quartier a son propre style culinaire. La p\u00eache du jour, vendue chaque matin sur les quais du Vieux-Port, ravitaille les restaurants traditionnels du Suquet. Aux Bons Enfants, g\u00e9r\u00e9 par la famille Giorsetti depuis 1935, incarne l&#8217;essence m\u00eame des restaurants villageois qui concoctent une cuisine proven\u00e7ale traditionnelle dans le plus vieux quartier de Cannes.<\/p>\n\n\n\n<p>\u00c0 l&#8217;ouest du Suquet, surplombant la plage du Midi, le chef isra\u00e9lien Eyal Shani de l&#8217;H\u00f4tel Belle Plage fait parler de lui avec sa cuisine fusion aromatique isra\u00e9lienne, libanaise et m\u00e9diterran\u00e9enne. Dans son restaurant baptis\u00e9 \u00ab\u00a0Bella\u00a0\u00bb, on peut y d\u00e9guster des asperges grill\u00e9es au charbon de bois, du carpaccio de poulpe et des sashimis de s\u00e9riole, entres autres sp\u00e9cialit\u00e9s, sur le rooftop ou dans le jardin de la villa.<\/p>\n\n\n\n<figure class=\"wp-block-gallery has-nested-images columns-default is-cropped wp-block-gallery-2 is-layout-flex wp-block-gallery-is-layout-flex\">\n<figure class=\"wp-block-image size-large\"><img decoding=\"async\" data-id=\"39185\" src=\"https:\/\/www.omio.fr\/window-seat\/wp-content\/uploads\/2022\/04\/Rooftop-at-Ho\u0302tel-BellePlage-@Nicolas-Buisson-1.jpg\" alt=\"\" class=\"wp-image-39185\"\/><figcaption>Le rooftop de l&#8217;H\u00f4tel Belle Plage est l&#8217;un des endroits les plus pris\u00e9s de Cannes. Cr\u00e9dit : Nicolas Buisson<\/figcaption><\/figure>\n\n\n\n<figure class=\"wp-block-image size-large\"><img decoding=\"async\" data-id=\"39192\" src=\"https:\/\/www.omio.fr\/window-seat\/wp-content\/uploads\/2022\/04\/Restaurant-terrace-with-La-Croisette-and-sea-view-\u00a9J.-Kelagopian-1.jpg\" alt=\"\" class=\"wp-image-39192\"\/><figcaption>Rien de tel qu&#8217;un d\u00eener avec vue sur La Croisette \u00e0 La Palme d&#8217;Or. Cr\u00e9dit : J. Kelagopian<\/figcaption><\/figure>\n<\/figure>\n\n\n\n<p>Les c\u00e9l\u00e9brit\u00e9s gravitent dans les bistrots cosmopolites, les caf\u00e9s et les bars \u00e0 brunchs du quartier branch\u00e9 du Carr\u00e9 d&#8217;Or, autour de la rue du Commandant Andr\u00e9. Non loin de l\u00e0, Rosana est l&#8217;\u00e9tablissement qui a r\u00e9cemment su conqu\u00e9rir les c\u0153urs de la jet-set internationale, avec des plats \u00e0 partager servis toute la journ\u00e9e, agr\u00e9ment\u00e9s de vibrations californiennes. Vous pouvez aussi vous rendre au Palm Beach, o\u00f9 La Petite Maison de Nice est le QG des personnes qui aiment se m\u00e9langer aux millionnaires et autres fashionistas.<\/p>\n\n\n\n<p>S&#8217;extasier devant un d\u00e9jeuner co\u00fbteux sur le sable de la Croisette est une exp\u00e9rience \u00e0 vivre au moins une fois. Gr\u00e2ce aux r\u00e9cents travaux d&#8217;extension de cette promenade l\u00e9gendaire, il est d\u00e9sormais possible de se restaurer sur la plage toute l&#8217;ann\u00e9e. Pour une vue imprenable sur le sable fin et la grande bleue, r\u00e9servez une table \u00e0 La Palme d&#8217;Or de l&#8217;H\u00f4tel Martinez. La gastronomie et les c\u00e9ramiques du chef doublement \u00e9toil\u00e9 Christian Sinicropi dans son restaurant du premier \u00e9tage sont \u00e0 couper le souffle.<\/p>\n\n\n\n<figure class=\"wp-block-gallery has-nested-images columns-default is-cropped wp-block-gallery-3 is-layout-flex wp-block-gallery-is-layout-flex\">\n<figure class=\"wp-block-image size-large\"><img decoding=\"async\" data-id=\"39198\" src=\"https:\/\/www.omio.fr\/window-seat\/wp-content\/uploads\/2022\/04\/Mouvement-Subtil-et-Inspiration_-Mimosa-flower-and-gambas-\u00a9J.Kelagopian_-1.jpg\" alt=\"\" class=\"wp-image-39198\"\/><figcaption>Des chefs-d&#8217;\u0153uvre gastronomiques vous attendent \u00e0 la table de La Palme d&#8217;Or. Cr\u00e9dit : J. Kelagopian<\/figcaption><\/figure>\n<\/figure>\n\n\n\n<p><strong><strong>Que faire \u00e0 Cannes\u00a0?<\/strong><\/strong><\/p>\n\n\n\n<p>Que peut-on bien faire \u00e0 Cannes\u00a0? Admirer les voitures vrombissantes \u00e0 toute allure le long du front de mer bord\u00e9 de palmiers, rep\u00e9rer les c\u00e9l\u00e9brit\u00e9s ou s&#8217;extasier devant la mode haute-couture dans les vitrines des boutiques, voil\u00e0 ce qui caract\u00e9rise le temps libre sur la Croisette, cette promenade pi\u00e9tonne qui longe le front de mer cannois. Le Palais des Festivals et des Congr\u00e8s, qui accueille chaque ann\u00e9e au mois de mai le festival de cin\u00e9ma le plus prestigieux du monde, est plut\u00f4t laid et se trouve au bord de la mer, \u00e0 l&#8217;extr\u00e9mit\u00e9 ouest du boulevard. Des plages de sable priv\u00e9es agr\u00e9mentent une grande partie de la Croisette o\u00f9 il fait bon fl\u00e2ner et se promener sans but, sur une distance de 3\u00a0km.<\/p>\n\n\n\n<figure class=\"wp-block-gallery has-nested-images columns-default is-cropped wp-block-gallery-4 is-layout-flex wp-block-gallery-is-layout-flex\">\n<figure class=\"wp-block-image size-large\"><img decoding=\"async\" data-id=\"39205\" src=\"https:\/\/www.omio.fr\/window-seat\/wp-content\/uploads\/2022\/04\/editorial_shutterstock_95323462-1.jpg\" alt=\"\" class=\"wp-image-39205\"\/><figcaption>Le Festival de Cannes, qui a lieu chaque ann\u00e9e au mois de mai, est un moment fort du calendrier cannois. Cr\u00e9dit : Shutterstock<\/figcaption><\/figure>\n<\/figure>\n\n\n\n<p>Le quartier historique du Suquet est un antidote apaisant \u00e0 l&#8217;effervescence de La Croisette &#8211; r\u00e9servez une visite guid\u00e9e en ligne avec un Greeter de Cannes (ces habitants qui vous proposent de visiter leur ville avec eux le temps d&#8217;une balade) pour explorer les lieux avec un local. Des ruelles \u00e9troites serpentent jusqu&#8217;\u00e0 l&#8217;\u00e9glise du XVIIe si\u00e8cle et, au-del\u00e0, jusqu&#8217;au mus\u00e9e de la Castre, un mus\u00e9e d&#8217;art moderne et d&#8217;arch\u00e9ologie bien pens\u00e9, install\u00e9 dans un ch\u00e2teau m\u00e9di\u00e9val. Les vues sur la ville et la baie depuis les remparts et les tourelles valent la peine de grimper au sommet.\u00a0<\/p>\n\n\n\n<p>Plus tard, embarquez \u00e0 bord d&#8217;un bateau sur le Vieux Port et cap sur les \u00celes de L\u00e9rins. Les moines de l&#8217;\u00eele St-Honorat travaillent les vignobles et la garrigue m\u00e9diterran\u00e9enne de l&#8217;\u00eele pour produire du vin et des liqueurs depuis le Ve si\u00e8cle. Sa grande s\u0153ur, l&#8217;\u00eele Sainte-Marguerite, offre des plages sauvages, une prison fortifi\u00e9e et un mus\u00e9e consacr\u00e9 \u00e0 l&#8217;\u00e9nigmatique \u00ab\u00a0homme au masque de fer\u00a0\u00bb, emprisonn\u00e9 ici au XVIIe si\u00e8cle. Sur le rivage sud de l&#8217;\u00eele, les amateurs d&#8217;art et de plong\u00e9e enfilent tuba et masque pour se rendre au nouvel \u00c9comus\u00e9e sous-marin de Cannes. Il s&#8217;agit d&#8217;un mus\u00e9e \u00e9cologique sous-marin qui pr\u00e9sente des sculptures du c\u00e9l\u00e8bre artiste britannique Jason deCaires Taylor.<\/p>\n\n\n<div id=\"search-widget-overlay\" class=\"search-widget-overlay\">\r\n  <div class=\"search-widget-overlay__form\" data-search-widget-container>\r\n    <div class=\"search-widget-overlay__details\">\r\n      <button class=\"search-widget-overlay__close\" data-search-widget-close>\r\n        \u2715\r\n      <\/button>\r\n      <div class=\"search-widget-overlay__text\">\r\n        Cannes      <\/div>\r\n    <\/div>\r\n\r\n  <\/div>\r\n<\/div>\r\n\r\n<div class=\"search-widget-cta\">\r\n  <button class=\"search-widget-cta__button\" data-search-widget-cta>\r\n    Billets pour Cannes  <\/button>\r\n<\/div>\n\n\n<figure class=\"wp-block-gallery has-nested-images columns-default is-cropped wp-block-gallery-5 is-layout-flex wp-block-gallery-is-layout-flex\">\n<figure class=\"wp-block-image size-large\"><img decoding=\"async\" data-id=\"39211\" src=\"https:\/\/www.omio.fr\/window-seat\/wp-content\/uploads\/2022\/04\/Standup-paddle-around-Iles-de-Lerins-\u00a9Isabelle-Fabre-Palais-des-Festivals-1.jpg\" alt=\"\" class=\"wp-image-39211\"\/><figcaption>Alors que la ville est toujours en \u00e9bullition, les voyageurs courageux plongent dans les eaux du bassin de Cannes pour quelques tours de paddle. Cr\u00e9dit : Isabelle Fabre\/Palais des Festivals<\/figcaption><\/figure>\n<\/figure>\n\n\n\n<figure class=\"wp-block-gallery has-nested-images columns-default is-cropped wp-block-gallery-6 is-layout-flex wp-block-gallery-is-layout-flex\">\n<figure class=\"wp-block-image size-large\"><img decoding=\"async\" data-id=\"39217\" src=\"https:\/\/www.omio.fr\/window-seat\/wp-content\/uploads\/2022\/04\/Underwater-Museum-Cannes4@Eric-Barnabe-Photographie-N-1.jpg\" alt=\"\" class=\"wp-image-39217\"\/><figcaption>Les plongeurs s&#8217;\u00e9merveillent dans l&#8217;univers sous-marin de Cannes. Cr\u00e9dit : Eric Barnabe Photography<\/figcaption><\/figure>\n\n\n\n<figure class=\"wp-block-image size-large\"><img decoding=\"async\" data-id=\"39224\" src=\"https:\/\/www.omio.fr\/window-seat\/wp-content\/uploads\/2022\/04\/editorial_shutterstock_1825117787-1.jpg\" alt=\"\" class=\"wp-image-39224\"\/><figcaption>Cannes offre \u00e9galement des sites arch\u00e9ologiques pour le grand bonheur des amateurs d&#8217;histoire. Cr\u00e9dit : Shutterstock<\/figcaption><\/figure>\n<\/figure>\n\n\n\n<p>En \u00e9t\u00e9, alors que le soleil se couche et que les temp\u00e9ratures \u00e9touffantes redescendent le temps de quelques heures, les cocktails en plein air sur le rooftop du Port Pierre Canto n&#8217;attendent que vous. M\u00ealez-vous aux stars sous les \u00e9toiles au Cloud Nine by B\u00e2oli, au style tropical, ou au Harry&#8217;s New York Bar (c\u00e9l\u00e8bre \u00e0 Paris).<\/p>\n\n\n\n<p><strong><strong>O\u00f9 dormir \u00e0 Cannes\u00a0?<\/strong>\u00a0<\/strong><\/p>\n\n\n\n<p><a href=\"https:\/\/sp.booking.com\/hotel\/fr\/okko-cannes-centre.en-gb.html?aid=1500264&amp;label=goeu_DE_Berlin_GB_Cannes_ow_1_0_1_id0_mag_com_en_EUR_Other_x_other_220404_376217_318615\" target=\"_blank\" rel=\"noreferrer noopener\"><a href=\"https:\/\/www.booking.com\/hotel\/fr\/okko-cannes-centre.en.html?aid=311984;label=okko-cannes-centre-fM2ElFn3ti0qRSaHnsUkggS392963236920:pl:ta:p1:p2:ac:ap:neg:fi:tiaud-297601666475:kwd-319893735987:lp9056101:li:dec:dm:ppccp=UmFuZG9tSVYkc2RlIyh9YXwxhKG0pUU-mcMVT-JwQpc;ws=&amp;gclid=CjwKCAiAg6yRBhBNEiwAeVyL0I-A1ev6AB7OzCyzUR_X6ll3wx-ECYplU7yZ7ntiOzUTeahS5iKzdRoCZZcQAvD_BwE\">Okko Cannes<\/a><\/a><\/p>\n\n\n\n<p>Difficile de garder les pieds sur terre \u00e0 Cannes. Entrez dans cet h\u00f4tel de style o\u00f9 fonctionnalit\u00e9 et design font un magnifique mariage. \u00ab\u00a0Quatre \u00e9toiles et aucun nuage\u00a0\u00bb, telle est la promesse de l&#8217;h\u00f4telier fran\u00e7ais Okko. Son adresse \u00e0 Cannes, situ\u00e9e au pied de la gare, a juste sur toute la ligne. <\/p>\n\n\n\n<p>Ses 125\u00a0chambres doubles sont compactes et extr\u00eamement lumineuses, \u00e9quip\u00e9es d&#8217;un bureau et d&#8217;un claustra blanc design qui s\u00e9pare l&#8217;espace nuit de la salle de bains. Les produits de toilette bio Huygens sont fabriqu\u00e9s en France et les clients peuvent se retrouver 24\u00a0heures sur 24 dans Le Club, un salon ouvert dot\u00e9 de meubles sur mesure con\u00e7us par le designer parisien Patrick Norguet. Envie de go\u00fbter \u00e0 l&#8217;<em>aperitivo<\/em> d&#8217;Okko\u00a0? L&#8217;ap\u00e9ritif offert, une institution de la culture italienne, avec de nombreux antipasti, l\u00e9gumes et produits de saison, est servi chaque soir dans le salon ou sur le toit-terrasse avec vue sur la skyline de Cannes.<\/p>\n\n\n\n<figure class=\"wp-block-gallery has-nested-images columns-default is-cropped wp-block-gallery-7 is-layout-flex wp-block-gallery-is-layout-flex\">\n<figure class=\"wp-block-image size-large\"><img decoding=\"async\" data-id=\"39230\" src=\"https:\/\/www.omio.fr\/window-seat\/wp-content\/uploads\/2022\/04\/OKKO-HOTELS-Cannes-roof-terrace-\u00a9-Je\u0301ro\u0302me-Galland-1.jpg\" alt=\"\" class=\"wp-image-39230\"\/><figcaption>Une terrasse sur le toit est toujours le truc en plus dans un h\u00f4tel de Cannes. Cr\u00e9dit : J\u00e9r\u00f4me Galland<\/figcaption><\/figure>\n\n\n\n<figure class=\"wp-block-image size-large\"><img decoding=\"async\" data-id=\"39236\" src=\"https:\/\/www.omio.fr\/window-seat\/wp-content\/uploads\/2022\/04\/OKKO-HOTELS-Cannes-interior-\u00a9-Je\u0301ro\u0302me-Galland-1.jpg\" alt=\"\" class=\"wp-image-39236\"\/><figcaption>L&#8217;h\u00f4tel Okko de Cannes est un \u00e9tablissement lumineux et color\u00e9. Cr\u00e9dit : J\u00e9r\u00f4me Galland<\/figcaption><\/figure>\n<\/figure>\n\n\n\n<p><a href=\"https:\/\/www.booking.com\/hotel\/fr\/hoteldeprovence.fr.html?aid=318615;label=New_French_FR_FR_21427174465-Pk3jEylX2FWP%2An3y4lDZiQS217276058543%3Apl%3Ata%3Ap1%3Ap2%3Aac%3Aap%3Aneg;sid=f31db1b5321db0342b4a63e816dede6d;dest_id=-1416533;dest_type=city;dist=0;group_adults=2;group_children=0;hapos=1;hpos=1;no_rooms=1;req_adults=2;req_children=0;room1=A%2CA;sb_price_type=total;sr_order=popularity;srepoch=1647005746;srpvid=b3905f98b466009f;type=total;ucfs=1&amp;%23hotelTmpl\" target=\"_blank\" rel=\"noreferrer noopener\">H\u00f4tel de Provence<\/a><\/p>\n\n\n\n<p>Cannes n&#8217;est pas une destination particuli\u00e8rement bon march\u00e9, mais elle peut offrir un excellent rapport qualit\u00e9-prix aux visiteurs qui connaissent bien la r\u00e9gion. Cach\u00e9 dans un quartier r\u00e9sidentiel de la ville, \u00e0 l&#8217;\u00e9cart de l&#8217;agitation de la Croisette, se trouve cet h\u00f4tel familial. Les volets en bois peints en bleu lavande et la fa\u00e7ade abricot pastel orn\u00e9e de balcons en fer forg\u00e9 conf\u00e8rent \u00e0 cette villa trois \u00e9toiles un charme proven\u00e7al imm\u00e9diat, tout comme son jardin clos o\u00f9 l&#8217;on peut se pr\u00e9lasser l&#8217;\u00e9t\u00e9 sous les palmiers. \u00c0 l&#8217;int\u00e9rieur, les chambres doubles offrent des nids douillets dans des palettes de couleur douces et agr\u00e9ment\u00e9es de meubles discrets. Une suite penthouse sur le toit offre une terrasse priv\u00e9e et un panorama \u00e0 perte de vue. L&#8217;H\u00f4tel de Provence dispose \u00e9galement de studios et d&#8217;appartements ind\u00e9pendants dans sa gamme de prestations immobili\u00e8res de grande valeur.<\/p>\n\n\n<div id=\"search-widget-overlay\" class=\"search-widget-overlay\">\r\n  <div class=\"search-widget-overlay__form\" data-search-widget-container>\r\n    <div class=\"search-widget-overlay__details\">\r\n      <button class=\"search-widget-overlay__close\" data-search-widget-close>\r\n        \u2715\r\n      <\/button>\r\n      <div class=\"search-widget-overlay__text\">\r\n        Cannes      <\/div>\r\n    <\/div>\r\n\r\n  <\/div>\r\n<\/div>\r\n\r\n<div class=\"search-widget-cta\">\r\n  <button class=\"search-widget-cta__button\" data-search-widget-cta>\r\n    Billets pour Cannes  <\/button>\r\n<\/div>\n\n\n<figure class=\"wp-block-gallery has-nested-images columns-default is-cropped wp-block-gallery-8 is-layout-flex wp-block-gallery-is-layout-flex\">\n<figure class=\"wp-block-image size-large\"><img decoding=\"async\" data-id=\"39243\" src=\"https:\/\/www.omio.fr\/window-seat\/wp-content\/uploads\/2022\/04\/Ho\u0302tel-Le-Provence-superior-room-with-city-view-@Ho\u0302tel-de-Provence-1.jpg\" alt=\"\" class=\"wp-image-39243\"\/><figcaption>D\u00e9tendez-vous et relaxez-vous \u00e0 l&#8217;H\u00f4tel de Provence. Cr\u00e9dit : H\u00f4tel de Provence<\/figcaption><\/figure>\n\n\n\n<figure class=\"wp-block-image size-large\"><img decoding=\"async\" data-id=\"39249\" src=\"https:\/\/www.omio.fr\/window-seat\/wp-content\/uploads\/2022\/04\/hotel-le-provence-superior-double-with-grden-view-hotel-de-provence.jpg\" alt=\"\" class=\"wp-image-39249\"\/><figcaption>Les chambres sont spartiates, mais propres et abordables. Cr\u00e9dit : H\u00f4tel de Provence<\/figcaption><\/figure>\n<\/figure>\n","protected":false},"excerpt":{"rendered":"<p>L&#8217;\u00e9poque o\u00f9 l&#8217;on observait se pavaner aristocrates et c\u00e9l\u00e9brit\u00e9s sur la Croisette \u00e0 l&#8217;\u00e9cart de la pl\u00e8be est r\u00e9volue. Des projets de d\u00e9veloppement urbain incroyables dans la ville historique de la C\u00f4te d&#8217;Azur ont permis l&#8217;\u00e9closion de nouveaux lieux branch\u00e9s. Boire un verre, d\u00eener et danser jusqu&#8217;\u00e0 l&#8217;aube est d\u00e9sormais accessible \u00e0 tous dans la&hellip; <a class=\"more-link\" href=\"https:\/\/www.omio.fr\/window-seat\/fr\/des-pays\/france-fr\/cannes\/\">Continue reading <span class=\"screen-reader-text\">Activit\u00e9s \u00e0 Cannes<\/span><\/a><\/p>\n","protected":false},"author":12,"featured_media":25588,"comment_status":"open","ping_status":"open","sticky":false,"template":"","format":"standard","meta":{"_acf_changed":false,"inline_featured_image":false,"footnotes":""},"categories":[2124],"tags":[],"position_ids":[],"class_list":["post-27566","post","type-post","status-publish","format-standard","has-post-thumbnail","hentry","category-france-fr","entry"],"acf":[],"yoast_head":"<!-- This site is optimized with the Yoast SEO plugin v24.9 - https:\/\/yoast.com\/wordpress\/plugins\/seo\/ -->\n<title>Activit\u00e9s \u00e0 Cannes | Omio<\/title>\n<meta name=\"description\" content=\"Vous voulez savoir ce qu&#039;il faut voir et faire \u00e0 Cannes ? Voici nos conseils pour vous r\u00e9galer, vous divertir et s\u00e9journer dans le joyau chic de la C\u00f4te d&#039;Azur.\" \/>\n<meta name=\"robots\" content=\"index, follow, max-snippet:-1, max-image-preview:large, max-video-preview:-1\" \/>\n<link rel=\"canonical\" href=\"https:\/\/www.omio.fr\/window-seat\/des-pays\/france-fr\/cannes\/\" \/>\n<meta property=\"og:locale\" content=\"en_US\" \/>\n<meta property=\"og:type\" content=\"article\" \/>\n<meta property=\"og:title\" content=\"Activit\u00e9s \u00e0 Cannes | Omio\" \/>\n<meta property=\"og:description\" content=\"Vous voulez savoir ce qu&#039;il faut voir et faire \u00e0 Cannes ? Voici nos conseils pour vous r\u00e9galer, vous divertir et s\u00e9journer dans le joyau chic de la C\u00f4te d&#039;Azur.\" \/>\n<meta property=\"og:url\" content=\"https:\/\/www.omio.fr\/window-seat\/fr\/des-pays\/france-fr\/cannes\/\" \/>\n<meta property=\"og:site_name\" content=\"The Window Seat\" \/>\n<meta property=\"article:published_time\" content=\"2022-04-15T00:00:00+00:00\" \/>\n<meta property=\"article:modified_time\" content=\"2022-07-07T14:04:57+00:00\" \/>\n<meta property=\"og:image\" content=\"https:\/\/www.omio.fr\/window-seat\/wp-content\/uploads\/2022\/04\/Aerial-view-Cannes-_-its-islands-@-Mairie-de-Cannes-1.jpg\" \/>\n\t<meta property=\"og:image:width\" content=\"1900\" \/>\n\t<meta property=\"og:image:height\" content=\"1067\" \/>\n\t<meta property=\"og:image:type\" content=\"image\/jpeg\" \/>\n<meta name=\"author\" content=\"Nicola Williams\" \/>\n<meta name=\"twitter:card\" content=\"summary_large_image\" \/>\n<meta name=\"twitter:label1\" content=\"Written by\" \/>\n\t<meta name=\"twitter:data1\" content=\"Nicola Williams\" \/>\n\t<meta name=\"twitter:label2\" content=\"Est. reading time\" \/>\n\t<meta name=\"twitter:data2\" content=\"11 minutes\" \/>\n<script type=\"application\/ld+json\" class=\"yoast-schema-graph\">{\"@context\":\"https:\/\/schema.org\",\"@graph\":[{\"@type\":\"WebPage\",\"@id\":\"https:\/\/www.omio.fr\/window-seat\/fr\/des-pays\/france-fr\/cannes\/\",\"url\":\"https:\/\/www.omio.fr\/window-seat\/fr\/des-pays\/france-fr\/cannes\/\",\"name\":\"Activit\u00e9s \u00e0 Cannes | Omio\",\"isPartOf\":{\"@id\":\"https:\/\/www.omio.fr\/window-seat\/#website\"},\"primaryImageOfPage\":{\"@id\":\"https:\/\/www.omio.fr\/window-seat\/fr\/des-pays\/france-fr\/cannes\/#primaryimage\"},\"image\":{\"@id\":\"https:\/\/www.omio.fr\/window-seat\/fr\/des-pays\/france-fr\/cannes\/#primaryimage\"},\"thumbnailUrl\":\"https:\/\/www.omio.fr\/window-seat\/wp-content\/uploads\/2022\/04\/Aerial-view-Cannes-_-its-islands-@-Mairie-de-Cannes-1.jpg\",\"datePublished\":\"2022-04-15T00:00:00+00:00\",\"dateModified\":\"2022-07-07T14:04:57+00:00\",\"author\":{\"@id\":\"https:\/\/www.omio.fr\/window-seat\/#\/schema\/person\/3e51f6b64f94a1c2be1cf2dca423186c\"},\"description\":\"Vous voulez savoir ce qu'il faut voir et faire \u00e0 Cannes ? Voici nos conseils pour vous r\u00e9galer, vous divertir et s\u00e9journer dans le joyau chic de la C\u00f4te d'Azur.\",\"breadcrumb\":{\"@id\":\"https:\/\/www.omio.fr\/window-seat\/fr\/des-pays\/france-fr\/cannes\/#breadcrumb\"},\"inLanguage\":\"en-US\",\"potentialAction\":[{\"@type\":\"ReadAction\",\"target\":[\"https:\/\/www.omio.fr\/window-seat\/fr\/des-pays\/france-fr\/cannes\/\"]}]},{\"@type\":\"ImageObject\",\"inLanguage\":\"en-US\",\"@id\":\"https:\/\/www.omio.fr\/window-seat\/fr\/des-pays\/france-fr\/cannes\/#primaryimage\",\"url\":\"https:\/\/www.omio.fr\/window-seat\/wp-content\/uploads\/2022\/04\/Aerial-view-Cannes-_-its-islands-@-Mairie-de-Cannes-1.jpg\",\"contentUrl\":\"https:\/\/www.omio.fr\/window-seat\/wp-content\/uploads\/2022\/04\/Aerial-view-Cannes-_-its-islands-@-Mairie-de-Cannes-1.jpg\",\"width\":1900,\"height\":1067,\"caption\":\"Cannes, France, is the jewel of the French Riviera. Credit: Mairie de Cannes\"},{\"@type\":\"BreadcrumbList\",\"@id\":\"https:\/\/www.omio.fr\/window-seat\/fr\/des-pays\/france-fr\/cannes\/#breadcrumb\",\"itemListElement\":[{\"@type\":\"ListItem\",\"position\":1,\"name\":\"The Window Seat\",\"item\":\"https:\/\/www.omio.fr\/window-seat\/\"},{\"@type\":\"ListItem\",\"position\":2,\"name\":\"Countries\",\"item\":\"https:\/\/www.omio.fr\/window-seat\/countries\/\"},{\"@type\":\"ListItem\",\"position\":3,\"name\":\"France\",\"item\":\"https:\/\/www.omio.fr\/window-seat\/countries\/france\/\"},{\"@type\":\"ListItem\",\"position\":4,\"name\":\"Activit\u00e9s \u00e0 Cannes\"}]},{\"@type\":\"WebSite\",\"@id\":\"https:\/\/www.omio.fr\/window-seat\/#website\",\"url\":\"https:\/\/www.omio.fr\/window-seat\/\",\"name\":\"The Window Seat\",\"description\":\"\",\"potentialAction\":[{\"@type\":\"SearchAction\",\"target\":{\"@type\":\"EntryPoint\",\"urlTemplate\":\"https:\/\/www.omio.fr\/window-seat\/?s={search_term_string}\"},\"query-input\":{\"@type\":\"PropertyValueSpecification\",\"valueRequired\":true,\"valueName\":\"search_term_string\"}}],\"inLanguage\":\"en-US\"},{\"@type\":\"Person\",\"@id\":\"https:\/\/www.omio.fr\/window-seat\/#\/schema\/person\/3e51f6b64f94a1c2be1cf2dca423186c\",\"name\":\"Nicola Williams\",\"image\":{\"@type\":\"ImageObject\",\"inLanguage\":\"en-US\",\"@id\":\"https:\/\/www.omio.fr\/window-seat\/#\/schema\/person\/image\/\",\"url\":\"https:\/\/secure.gravatar.com\/avatar\/a625449358e98512cf4865ed50f61cdb8df7d22d8e05c2d7971f9837788b4de2?s=96&d=mm&r=g\",\"contentUrl\":\"https:\/\/secure.gravatar.com\/avatar\/a625449358e98512cf4865ed50f61cdb8df7d22d8e05c2d7971f9837788b4de2?s=96&d=mm&r=g\",\"caption\":\"Nicola Williams\"}}]}<\/script>\n<!-- \/ Yoast SEO plugin. -->","yoast_head_json":{"title":"Activit\u00e9s \u00e0 Cannes | Omio","description":"Vous voulez savoir ce qu'il faut voir et faire \u00e0 Cannes ? Voici nos conseils pour vous r\u00e9galer, vous divertir et s\u00e9journer dans le joyau chic de la C\u00f4te d'Azur.","robots":{"index":"index","follow":"follow","max-snippet":"max-snippet:-1","max-image-preview":"max-image-preview:large","max-video-preview":"max-video-preview:-1"},"canonical":"https:\/\/www.omio.fr\/window-seat\/des-pays\/france-fr\/cannes\/","og_locale":"en_US","og_type":"article","og_title":"Activit\u00e9s \u00e0 Cannes | Omio","og_description":"Vous voulez savoir ce qu'il faut voir et faire \u00e0 Cannes ? Voici nos conseils pour vous r\u00e9galer, vous divertir et s\u00e9journer dans le joyau chic de la C\u00f4te d'Azur.","og_url":"https:\/\/www.omio.fr\/window-seat\/fr\/des-pays\/france-fr\/cannes\/","og_site_name":"The Window Seat","article_published_time":"2022-04-15T00:00:00+00:00","article_modified_time":"2022-07-07T14:04:57+00:00","og_image":[{"width":1900,"height":1067,"url":"https:\/\/www.omio.fr\/window-seat\/wp-content\/uploads\/2022\/04\/Aerial-view-Cannes-_-its-islands-@-Mairie-de-Cannes-1.jpg","type":"image\/jpeg"}],"author":"Nicola Williams","twitter_card":"summary_large_image","twitter_misc":{"Written by":"Nicola Williams","Est. reading time":"11 minutes"},"schema":{"@context":"https:\/\/schema.org","@graph":[{"@type":"WebPage","@id":"https:\/\/www.omio.fr\/window-seat\/fr\/des-pays\/france-fr\/cannes\/","url":"https:\/\/www.omio.fr\/window-seat\/fr\/des-pays\/france-fr\/cannes\/","name":"Activit\u00e9s \u00e0 Cannes | Omio","isPartOf":{"@id":"https:\/\/www.omio.fr\/window-seat\/#website"},"primaryImageOfPage":{"@id":"https:\/\/www.omio.fr\/window-seat\/fr\/des-pays\/france-fr\/cannes\/#primaryimage"},"image":{"@id":"https:\/\/www.omio.fr\/window-seat\/fr\/des-pays\/france-fr\/cannes\/#primaryimage"},"thumbnailUrl":"https:\/\/www.omio.fr\/window-seat\/wp-content\/uploads\/2022\/04\/Aerial-view-Cannes-_-its-islands-@-Mairie-de-Cannes-1.jpg","datePublished":"2022-04-15T00:00:00+00:00","dateModified":"2022-07-07T14:04:57+00:00","author":{"@id":"https:\/\/www.omio.fr\/window-seat\/#\/schema\/person\/3e51f6b64f94a1c2be1cf2dca423186c"},"description":"Vous voulez savoir ce qu'il faut voir et faire \u00e0 Cannes ? Voici nos conseils pour vous r\u00e9galer, vous divertir et s\u00e9journer dans le joyau chic de la C\u00f4te d'Azur.","breadcrumb":{"@id":"https:\/\/www.omio.fr\/window-seat\/fr\/des-pays\/france-fr\/cannes\/#breadcrumb"},"inLanguage":"en-US","potentialAction":[{"@type":"ReadAction","target":["https:\/\/www.omio.fr\/window-seat\/fr\/des-pays\/france-fr\/cannes\/"]}]},{"@type":"ImageObject","inLanguage":"en-US","@id":"https:\/\/www.omio.fr\/window-seat\/fr\/des-pays\/france-fr\/cannes\/#primaryimage","url":"https:\/\/www.omio.fr\/window-seat\/wp-content\/uploads\/2022\/04\/Aerial-view-Cannes-_-its-islands-@-Mairie-de-Cannes-1.jpg","contentUrl":"https:\/\/www.omio.fr\/window-seat\/wp-content\/uploads\/2022\/04\/Aerial-view-Cannes-_-its-islands-@-Mairie-de-Cannes-1.jpg","width":1900,"height":1067,"caption":"Cannes, France, is the jewel of the French Riviera. Credit: Mairie de Cannes"},{"@type":"BreadcrumbList","@id":"https:\/\/www.omio.fr\/window-seat\/fr\/des-pays\/france-fr\/cannes\/#breadcrumb","itemListElement":[{"@type":"ListItem","position":1,"name":"The Window Seat","item":"https:\/\/www.omio.fr\/window-seat\/"},{"@type":"ListItem","position":2,"name":"Countries","item":"https:\/\/www.omio.fr\/window-seat\/countries\/"},{"@type":"ListItem","position":3,"name":"France","item":"https:\/\/www.omio.fr\/window-seat\/countries\/france\/"},{"@type":"ListItem","position":4,"name":"Activit\u00e9s \u00e0 Cannes"}]},{"@type":"WebSite","@id":"https:\/\/www.omio.fr\/window-seat\/#website","url":"https:\/\/www.omio.fr\/window-seat\/","name":"The Window Seat","description":"","potentialAction":[{"@type":"SearchAction","target":{"@type":"EntryPoint","urlTemplate":"https:\/\/www.omio.fr\/window-seat\/?s={search_term_string}"},"query-input":{"@type":"PropertyValueSpecification","valueRequired":true,"valueName":"search_term_string"}}],"inLanguage":"en-US"},{"@type":"Person","@id":"https:\/\/www.omio.fr\/window-seat\/#\/schema\/person\/3e51f6b64f94a1c2be1cf2dca423186c","name":"Nicola Williams","image":{"@type":"ImageObject","inLanguage":"en-US","@id":"https:\/\/www.omio.fr\/window-seat\/#\/schema\/person\/image\/","url":"https:\/\/secure.gravatar.com\/avatar\/a625449358e98512cf4865ed50f61cdb8df7d22d8e05c2d7971f9837788b4de2?s=96&d=mm&r=g","contentUrl":"https:\/\/secure.gravatar.com\/avatar\/a625449358e98512cf4865ed50f61cdb8df7d22d8e05c2d7971f9837788b4de2?s=96&d=mm&r=g","caption":"Nicola Williams"}}]}},"_links":{"self":[{"href":"https:\/\/www.omio.fr\/window-seat\/wp-json\/wp\/v2\/posts\/27566","targetHints":{"allow":["GET"]}}],"collection":[{"href":"https:\/\/www.omio.fr\/window-seat\/wp-json\/wp\/v2\/posts"}],"about":[{"href":"https:\/\/www.omio.fr\/window-seat\/wp-json\/wp\/v2\/types\/post"}],"author":[{"embeddable":true,"href":"https:\/\/www.omio.fr\/window-seat\/wp-json\/wp\/v2\/users\/12"}],"replies":[{"embeddable":true,"href":"https:\/\/www.omio.fr\/window-seat\/wp-json\/wp\/v2\/comments?post=27566"}],"version-history":[{"count":3,"href":"https:\/\/www.omio.fr\/window-seat\/wp-json\/wp\/v2\/posts\/27566\/revisions"}],"predecessor-version":[{"id":36265,"href":"https:\/\/www.omio.fr\/window-seat\/wp-json\/wp\/v2\/posts\/27566\/revisions\/36265"}],"wp:featuredmedia":[{"embeddable":true,"href":"https:\/\/www.omio.fr\/window-seat\/wp-json\/wp\/v2\/media\/25588"}],"wp:attachment":[{"href":"https:\/\/www.omio.fr\/window-seat\/wp-json\/wp\/v2\/media?parent=27566"}],"wp:term":[{"taxonomy":"category","embeddable":true,"href":"https:\/\/www.omio.fr\/window-seat\/wp-json\/wp\/v2\/categories?post=27566"},{"taxonomy":"post_tag","embeddable":true,"href":"https:\/\/www.omio.fr\/window-seat\/wp-json\/wp\/v2\/tags?post=27566"},{"taxonomy":"position_id","embeddable":true,"href":"https:\/\/www.omio.fr\/window-seat\/wp-json\/wp\/v2\/position_ids?post=27566"}],"curies":[{"name":"wp","href":"https:\/\/api.w.org\/{rel}","templated":true}]}}