{"id":47463,"date":"2023-02-02T13:15:28","date_gmt":"2023-02-02T13:15:28","guid":{"rendered":"https:\/\/www.omio.fr\/window-seat\/decouvrir\/les-hotels-les-plus-romantiques-pour-la-saint-valentin\/"},"modified":"2023-02-02T13:50:19","modified_gmt":"2023-02-02T13:50:19","slug":"les-hotels-les-plus-romantiques-pour-la-saint-valentin-omio","status":"publish","type":"post","link":"https:\/\/www.omio.fr\/window-seat\/fr\/culture-lifestyle-fr\/activites\/les-hotels-les-plus-romantiques-pour-la-saint-valentin-omio\/","title":{"rendered":"Les h\u00f4tels les plus romantiques pour la Saint-Valentin"},"content":{"rendered":"\n<p>La Saint-Valentin arrive \u00e0 grands pas et les fleuristes se pr\u00e9parent au jour le plus charg\u00e9 de l&#8217;ann\u00e9e. Mais au lieu d&#8217;offrir une bo\u00eete de chocolats et de fleurs bient\u00f4t fan\u00e9es, pourquoi ne pas passer du temps avec votre bien aim\u00e9 et cr\u00e9er des souvenirs durables qui renforceront votre idylle ?\r\n\r\n<\/p>\n\n\n\n<p>Le monde regorge de lieux romantiques o\u00f9 l&#8217;amour est apparemment toujours dans l&#8217;air, qu&#8217;il s&#8217;agisse de joyaux historiques tout droit sortis du Moyen- ge ou d&#8217;oasis paradisiaques luxuriantes. Voici nos h\u00f4tels romantiques pr\u00e9f\u00e9r\u00e9s pour une escapade parfaite le jour de la Saint-Valentin dans les destinations les plus romantiques du monde.\r\n<\/p>\n\n\n\n<h3 class=\"wp-block-heading\">Maison Bistro &amp; Hotel \u00e0 Budapest, Hongrie<\/h3>\n\n\n\n<p><span style=\"font-weight: 400;\">Situ\u00e9 dans un manoir historique du quartier du ch\u00e2teau de Budapest, le charmant h\u00f4tel quatre \u00e9toiles <\/span><a href=\"https:\/\/sp.booking.com\/hotel\/hu\/maison-budapest-budapest.html?aid=1500264&amp;label=goeu_DE_Berlin_HU_Budapest_ow_1_0_1_id0_mag_com_us_EUR_Other_x_other_221108_376217_318615\"><span style=\"font-weight: 400;\">Maison Bistro &amp; Hotel<\/span><\/a><span style=\"font-weight: 400;\"> dispose de 17&nbsp;chambres uniques dans le b\u00e2timent principal et de huit chambres modernes d\u00e9cor\u00e9es \u00e0 la mode hongroise dans la petite maison voisine.<\/span><span style=\"font-weight: 400;\"> Optez pour une chambre double de luxe dans la Maison. Des draps blancs impeccables recouvrent les lits dans lesquels vous pouvez vous enfoncer et les plafonds \u00e0 demi vo\u00fbt\u00e9s sont dot\u00e9s de fen\u00eatres donnant sur des environnements magnifiques. Les lustres fournissent un \u00e9clairage d&#8217;ambiance et le bistrot sur place propose des petits-d\u00e9jeuners romantiques au champagne ainsi que des d\u00eeners opulents revisitant de fa\u00e7on moderne des classiques hongrois.&nbsp;&nbsp;&nbsp;<\/span>\r\n\r\n&nbsp;\r\n\r\n&nbsp;\r\n\r\n&nbsp;\r\n\r\n&nbsp;\r\n\r\n&nbsp;\r\n\r\n&nbsp;\r\n\r\n&nbsp;\r\n\r\n&nbsp;<\/p>\n\n\n\n<p><span style=\"font-weight: 400;\">L&#8217;architecture opulente, la tradition du spa et l\u2019ambiance royale de Budapest en font la ville romantique par excellence pour tout couple \u00e0 la recherche d&#8217;une escapade pour la Saint-Valentin. <\/span><span style=\"font-weight: 400;\">La proximit\u00e9 de l&#8217;\u00e9tablissement Maison Bistro &amp; Hotel avec de nombreux sites historiques et b\u00e2timents romantiques parmi les plus visit\u00e9s de <\/span><a href=\"https:\/\/www.omio.com\/trains\/budapest\"><span style=\"font-weight: 400;\">Budapest<\/span><\/a><span style=\"font-weight: 400;\"> en fait l&#8217;h\u00f4tel romantique id\u00e9al de la ville.<\/span><span style=\"font-weight: 400;\"> Promenez-vous jusqu&#8217;au ch\u00e2teau de Buda n\u00e9obaroque voisin, le plus haut b\u00e2timent de la ville, qui offre une vue spectaculaire sur le Danube.&nbsp;<\/span><\/p>\n\n\n\n<p>Rien de tel que de passer une journ\u00e9e dans l&#8217;un des spas mondialement connus de Budapest, dont beaucoup font penser \u00e0 de v\u00e9ritables contes de f\u00e9es. Que vous optiez pour un massage en couple, une cure thermale ou un plongeon dans un bain \u00e0 remous, vous n&#8217;aurez que l&#8217;embarras du choix au spa Sz\u00e9chenyi, l&#8217;un des plus anciens et des plus grands d&#8217;Europe.&nbsp;<\/p>\n\n\n\n<p>Le clou du spectacle pendant votre escapade romantique&nbsp;? Une promenade en bateau aux chandelles sur le Danube. Avec un menu hongrois (entr\u00e9e-plat-dessert) et une coupe de champagne, vous voguerez assis confortablement en observant d\u00e9filer les sites de la m\u00e9tropole illumin\u00e9s, de l&#8217;impressionnant b\u00e2timent du Parlement au Pont de la Libert\u00e9, en passant par le Chain Bridge et ses lions qui veillent au grain, sans oublier l&#8217;\u00eele Marguerite.&nbsp;<\/p>\n\n\n\n<p><span style=\"font-weight: 400;\">Pour plus d&#8217;informations sur Budapest, lisez notre <\/span><a href=\"https:\/\/www.omio.com\/window-seat\/countries\/hungary\/budapest\/\/\"><span style=\"font-weight: 400;\">guide urbain<\/span><\/a><span style=\"font-weight: 400;\">.<\/span><\/p>\n\n\n<div id=\"search-widget-overlay\" class=\"search-widget-overlay\">\r\n  <div class=\"search-widget-overlay__form\" data-search-widget-container>\r\n    <div class=\"search-widget-overlay__details\">\r\n      <button class=\"search-widget-overlay__close\" data-search-widget-close>\r\n        \u2715\r\n      <\/button>\r\n      <div class=\"search-widget-overlay__text\">\r\n        Tickets to Budapest      <\/div>\r\n    <\/div>\r\n\r\n  <\/div>\r\n<\/div>\r\n\r\n<div class=\"search-widget-cta\">\r\n  <button class=\"search-widget-cta__button\" data-search-widget-cta>\r\n    Tickets to Budapest  <\/button>\r\n<\/div>\n\n\n<figure class=\"wp-block-gallery has-nested-images columns-default is-cropped wp-block-gallery-1 is-layout-flex wp-block-gallery-is-layout-flex\">\n<figure class=\"wp-block-image size-large\"><img loading=\"lazy\" decoding=\"async\" width=\"1024\" height=\"508\" data-id=\"47367\" src=\"https:\/\/www.omio.fr\/window-seat\/wp-content\/uploads\/2023\/02\/castle-palace-budapest-1024x508.png\" alt=\" Parlement de Budapest\" class=\"wp-image-47367\" srcset=\"https:\/\/www.omio.fr\/window-seat\/wp-content\/uploads\/2023\/02\/castle-palace-budapest-1024x508.png 1024w, https:\/\/www.omio.fr\/window-seat\/wp-content\/uploads\/2023\/02\/castle-palace-budapest-300x149.png 300w, https:\/\/www.omio.fr\/window-seat\/wp-content\/uploads\/2023\/02\/castle-palace-budapest-768x381.png 768w, https:\/\/www.omio.fr\/window-seat\/wp-content\/uploads\/2023\/02\/castle-palace-budapest-1536x761.png 1536w, https:\/\/www.omio.fr\/window-seat\/wp-content\/uploads\/2023\/02\/castle-palace-budapest-2048x1015.png 2048w, https:\/\/www.omio.fr\/window-seat\/wp-content\/uploads\/2023\/02\/castle-palace-budapest-1568x777.png 1568w\" sizes=\"auto, (max-width: 1024px) 100vw, 1024px\" \/><figcaption class=\"wp-element-caption\">L&#8217;imposant Parlement de Budapest n&#8217;est qu&#8217;un des nombreux points forts que vous explorerez ensemble. Cr\u00e9dit : Mistervlad\/Shutterstock<\/figcaption><\/figure>\n<\/figure>\n\n\n\n<figure class=\"wp-block-gallery has-nested-images columns-default is-cropped wp-block-gallery-2 is-layout-flex wp-block-gallery-is-layout-flex\">\n<figure class=\"wp-block-image size-large\"><img loading=\"lazy\" decoding=\"async\" width=\"1024\" height=\"669\" data-id=\"47373\" src=\"https:\/\/www.omio.fr\/window-seat\/wp-content\/uploads\/2023\/02\/maison-hotel-bedroom-budapest-1024x669.png\" alt=\"Maison Bistro &amp; Hotel\" class=\"wp-image-47373\" srcset=\"https:\/\/www.omio.fr\/window-seat\/wp-content\/uploads\/2023\/02\/maison-hotel-bedroom-budapest-1024x669.png 1024w, https:\/\/www.omio.fr\/window-seat\/wp-content\/uploads\/2023\/02\/maison-hotel-bedroom-budapest-300x196.png 300w, https:\/\/www.omio.fr\/window-seat\/wp-content\/uploads\/2023\/02\/maison-hotel-bedroom-budapest-768x502.png 768w, https:\/\/www.omio.fr\/window-seat\/wp-content\/uploads\/2023\/02\/maison-hotel-bedroom-budapest.png 1500w\" sizes=\"auto, (max-width: 1024px) 100vw, 1024px\" \/><figcaption class=\"wp-element-caption\">Apr\u00e8s une journ\u00e9e bien remplie, les chambres confortables de la Maison Bistro &amp; Hotel sont le lieu de retraite id\u00e9al. Cr\u00e9dit : Maison Bistro &amp; Hotel<\/figcaption><\/figure>\n\n\n\n<figure class=\"wp-block-image size-large\"><img loading=\"lazy\" decoding=\"async\" width=\"1024\" height=\"669\" data-id=\"47379\" src=\"https:\/\/www.omio.fr\/window-seat\/wp-content\/uploads\/2023\/02\/maison-hotel-breakfast-budapest-1024x669.png\" alt=\"Maison Bistro &amp; Hotel\" class=\"wp-image-47379\" srcset=\"https:\/\/www.omio.fr\/window-seat\/wp-content\/uploads\/2023\/02\/maison-hotel-breakfast-budapest-1024x669.png 1024w, https:\/\/www.omio.fr\/window-seat\/wp-content\/uploads\/2023\/02\/maison-hotel-breakfast-budapest-300x196.png 300w, https:\/\/www.omio.fr\/window-seat\/wp-content\/uploads\/2023\/02\/maison-hotel-breakfast-budapest-768x502.png 768w, https:\/\/www.omio.fr\/window-seat\/wp-content\/uploads\/2023\/02\/maison-hotel-breakfast-budapest.png 1500w\" sizes=\"auto, (max-width: 1024px) 100vw, 1024px\" \/><figcaption class=\"wp-element-caption\">Commencez votre journ\u00e9e romantique par un petit-d\u00e9jeuner copieux \u00e0 deux. Cr\u00e9dit : Maison Bistro &amp; Hotel\r\n<\/figcaption><\/figure>\n<\/figure>\n\n\n\n<h3 class=\"wp-block-heading\">Riad Anya \u00e0 Marrakech, Maroc<\/h3>\n\n\n\n<p><span style=\"font-weight: 400;\">Pour des vacances romantiques \u00e0 deux, les maisons marocaines traditionnelles aux cours verdoyantes, appel\u00e9es riads, sont un choix id\u00e9al. <\/span><span style=\"font-weight: 400;\">Le <\/span><a href=\"https:\/\/sp.booking.com\/hotel\/ma\/riad-anya.html?aid=1500264&amp;label=goeu_DE_Berlin_MA_Marrakech_ow_1_0_1_id0_mag_com_us_EUR_Other_x_other_221108_376217_318615\"><span style=\"font-weight: 400;\">Riad Anya<\/span><\/a><span style=\"font-weight: 400;\"> est situ\u00e9 en bordure de la m\u00e9dina (vieille ville) et offre un m\u00e9lange id\u00e9al de tranquillit\u00e9 et d&#8217;agitation.<\/span><span style=\"font-weight: 400;\"> De nombreuses plantes, des si\u00e8ges confortables et des sculptures marocaines traditionnelles d\u00e9taill\u00e9es avec une touche moderne vous transporteront dans un autre monde. Les chambres lumineuses dot\u00e9es de salles de bains priv\u00e9es, de la climatisation et de lits surdimensionn\u00e9s offrent une certaine intimit\u00e9. Mais la cour avec piscine et de nombreuses lanternes marocaines, ainsi que le toit-terrasse confortable avec bain \u00e0 remous et vue sur les montagnes de l&#8217;Atlas, sont les v\u00e9ritables atouts de cet \u00e9tablissement.<\/span>\r\n\r\n&nbsp;\r\n\r\n&nbsp;\r\n\r\n&nbsp;\r\n\r\n&nbsp;\r\n\r\n&nbsp;\r\n\r\n&nbsp;\r\n\r\n&nbsp;<\/p>\n\n\n\n<p><span style=\"font-weight: 400;\">Que vous soyez \u00e0 la recherche d&#8217;une recommandation pour un restaurant romantique, d&#8217;un service de chauffeur ou d&#8217;une r\u00e9servation d&#8217;excursion, le personnel hospitalier du Riad Anya vous livrera les meilleurs conseils. <\/span><span style=\"font-weight: 400;\">Que diriez-vous d&#8217;un massage en amoureux dans l&#8217;un des nombreux et charmants hammams de <\/span><a href=\"https:\/\/www.omio.com\/flights\/marrakech\"><span style=\"font-weight: 400;\">Marrakech<\/span><\/a><span style=\"font-weight: 400;\"> ou d&#8217;un cours pour apprendre \u00e0 cuisiner un tajine&nbsp;?<\/span><\/p>\n\n\n\n<p>D\u00e9ambulez dans les ruelles de la m\u00e9dina en direction de la c\u00e9l\u00e8bre place Djemaa el Fna, impr\u00e9gnez-vous de l&#8217;air parfum\u00e9 aux \u00e9pices et d\u00e9couvrez les tr\u00e9sors et l&#8217;artisanat propos\u00e9s, que ce soit des tapis, des bijoux ou des lanternes traditionnelles. Notre conseil&nbsp;: n&#8217;oubliez pas de n\u00e9gocier le prix, cela fait partie de l&#8217;exp\u00e9rience&nbsp;! Vers le soir, de myst\u00e9rieux charmeurs de serpents et jongleurs font le spectacle et les diseurs de bonne aventure vous pr\u00e9disent l&#8217;avenir.<\/p>\n\n\n\n<p>Le Jardin Majorelle est une oasis de paix verte (et bleue), cr\u00e9\u00e9e au cours de 40&nbsp;ann\u00e9es de d\u00e9vouement par l&#8217;artiste fran\u00e7ais Jacques Majorelle. Promenez-vous tranquillement dans l&#8217;un des plus beaux jardins du monde, dont la palette de couleurs unique en son genre avec le bleu Majorelle omnipr\u00e9sent et plus de 300&nbsp;essences diff\u00e9rentes ont d\u00e9j\u00e0 inspir\u00e9 Yves Saint Laurent. C&#8217;est l&#8217;endroit parfait pour une photo souvenir.&nbsp;<\/p>\n\n\n<div id=\"search-widget-overlay\" class=\"search-widget-overlay\">\r\n  <div class=\"search-widget-overlay__form\" data-search-widget-container>\r\n    <div class=\"search-widget-overlay__details\">\r\n      <button class=\"search-widget-overlay__close\" data-search-widget-close>\r\n        \u2715\r\n      <\/button>\r\n      <div class=\"search-widget-overlay__text\">\r\n        Tickets to Marrakech      <\/div>\r\n    <\/div>\r\n\r\n  <\/div>\r\n<\/div>\r\n\r\n<div class=\"search-widget-cta\">\r\n  <button class=\"search-widget-cta__button\" data-search-widget-cta>\r\n    Tickets to Marrakech  <\/button>\r\n<\/div>\n\n\n<figure class=\"wp-block-gallery has-nested-images columns-default is-cropped wp-block-gallery-3 is-layout-flex wp-block-gallery-is-layout-flex\">\n<figure class=\"wp-block-image size-large\"><img loading=\"lazy\" decoding=\"async\" width=\"1024\" height=\"667\" data-id=\"47385\" src=\"https:\/\/www.omio.fr\/window-seat\/wp-content\/uploads\/2023\/02\/courtyard-riad-anya-marrakech-1024x667.png\" alt=\"Riad Anya\" class=\"wp-image-47385\" srcset=\"https:\/\/www.omio.fr\/window-seat\/wp-content\/uploads\/2023\/02\/courtyard-riad-anya-marrakech-1024x667.png 1024w, https:\/\/www.omio.fr\/window-seat\/wp-content\/uploads\/2023\/02\/courtyard-riad-anya-marrakech-300x195.png 300w, https:\/\/www.omio.fr\/window-seat\/wp-content\/uploads\/2023\/02\/courtyard-riad-anya-marrakech-768x500.png 768w, https:\/\/www.omio.fr\/window-seat\/wp-content\/uploads\/2023\/02\/courtyard-riad-anya-marrakech-1536x1001.png 1536w, https:\/\/www.omio.fr\/window-seat\/wp-content\/uploads\/2023\/02\/courtyard-riad-anya-marrakech-1568x1022.png 1568w, https:\/\/www.omio.fr\/window-seat\/wp-content\/uploads\/2023\/02\/courtyard-riad-anya-marrakech.png 1920w\" sizes=\"auto, (max-width: 1024px) 100vw, 1024px\" \/><figcaption class=\"wp-element-caption\">La cour verdoyante et richement d\u00e9cor\u00e9e du Riad est une oasis de s\u00e9r\u00e9nit\u00e9. Cr\u00e9dit : Riad Anya<\/figcaption><\/figure>\n\n\n\n<figure class=\"wp-block-image size-large\"><img loading=\"lazy\" decoding=\"async\" width=\"1024\" height=\"667\" data-id=\"47391\" src=\"https:\/\/www.omio.fr\/window-seat\/wp-content\/uploads\/2023\/02\/petit-dej-riad-anya-marrakech-1024x667.png\" alt=\"Riad Anya\" class=\"wp-image-47391\" srcset=\"https:\/\/www.omio.fr\/window-seat\/wp-content\/uploads\/2023\/02\/petit-dej-riad-anya-marrakech-1024x667.png 1024w, https:\/\/www.omio.fr\/window-seat\/wp-content\/uploads\/2023\/02\/petit-dej-riad-anya-marrakech-300x195.png 300w, https:\/\/www.omio.fr\/window-seat\/wp-content\/uploads\/2023\/02\/petit-dej-riad-anya-marrakech-768x500.png 768w, https:\/\/www.omio.fr\/window-seat\/wp-content\/uploads\/2023\/02\/petit-dej-riad-anya-marrakech-1536x1001.png 1536w, https:\/\/www.omio.fr\/window-seat\/wp-content\/uploads\/2023\/02\/petit-dej-riad-anya-marrakech-1568x1022.png 1568w, https:\/\/www.omio.fr\/window-seat\/wp-content\/uploads\/2023\/02\/petit-dej-riad-anya-marrakech.png 1920w\" sizes=\"auto, (max-width: 1024px) 100vw, 1024px\" \/><figcaption class=\"wp-element-caption\">D\u00e9tendez-vous le matin avec du th\u00e9 \u00e0 la menthe marocain, du jus d&#8217;orange frais et une pl\u00e9thore de friandises sur le toit-terrasse du Riad Anya. Cr\u00e9dit : Riad Anya\r\n<\/figcaption><\/figure>\n<\/figure>\n\n\n\n<figure class=\"wp-block-gallery has-nested-images columns-default is-cropped wp-block-gallery-4 is-layout-flex wp-block-gallery-is-layout-flex\">\n<figure class=\"wp-block-image size-large\"><img loading=\"lazy\" decoding=\"async\" width=\"1024\" height=\"492\" data-id=\"47397\" src=\"https:\/\/www.omio.fr\/window-seat\/wp-content\/uploads\/2023\/02\/jardin-majorelle-marrakech-1024x492.png\" alt=\"Marrakech, Maroc\" class=\"wp-image-47397\" srcset=\"https:\/\/www.omio.fr\/window-seat\/wp-content\/uploads\/2023\/02\/jardin-majorelle-marrakech-1024x492.png 1024w, https:\/\/www.omio.fr\/window-seat\/wp-content\/uploads\/2023\/02\/jardin-majorelle-marrakech-300x144.png 300w, https:\/\/www.omio.fr\/window-seat\/wp-content\/uploads\/2023\/02\/jardin-majorelle-marrakech-768x369.png 768w, https:\/\/www.omio.fr\/window-seat\/wp-content\/uploads\/2023\/02\/jardin-majorelle-marrakech-1536x738.png 1536w, https:\/\/www.omio.fr\/window-seat\/wp-content\/uploads\/2023\/02\/jardin-majorelle-marrakech-2048x985.png 2048w, https:\/\/www.omio.fr\/window-seat\/wp-content\/uploads\/2023\/02\/jardin-majorelle-marrakech-1568x754.png 1568w\" sizes=\"auto, (max-width: 1024px) 100vw, 1024px\" \/><figcaption class=\"wp-element-caption\">La flore des cinq continents, les couleurs vives et les sentiers pittoresques offrent un cadre id\u00e9al pour des photos m\u00e9morables. Cr\u00e9dit : Mathias Berlin\/Shutterstock\r\n<\/figcaption><\/figure>\n<\/figure>\n\n\n\n<h3 class=\"wp-block-heading\">Lafitte Hotel &amp; Bar \u00e0 la Nouvelle-Orl\u00e9ans, \u00c9tats-Unis<\/h3>\n\n\n\n<p><span style=\"font-weight: 400;\">Le <\/span><a href=\"https:\/\/sp.booking.com\/hotel\/us\/%20lafitte-guest-house.html?aid=1500264&amp;label=goeu_DE_Berlin_US_New%20Orleans_ow_1_0_1_id0_mag_com_us_EUR_Other_x_other_221108_376217_318615\"><span style=\"font-weight: 400;\">Lafitte Hotel &amp; Bar<\/span><\/a><span style=\"font-weight: 400;\"> est situ\u00e9 dans une maison de ville historique datant de 1849, dans le l\u00e9gendaire quartier fran\u00e7ais.<\/span><span style=\"font-weight: 400;\"> L&#8217;ancien manoir a \u00e9t\u00e9 transform\u00e9 en h\u00f4tel au cours du si\u00e8cle dernier. Il compte 14&nbsp;chambres \u00e9l\u00e9gamment am\u00e9nag\u00e9es avec salle de bains priv\u00e9e. Des meubles historiques comme des lits \u00e0 baldaquin, des murs en briques apparentes et des \u00e9quipements modernes comme la climatisation, un r\u00e9frig\u00e9rateur priv\u00e9 et des douches spacieuses rendront votre visite \u00e0 la fois relaxante et unique. Pour une touche personnalis\u00e9e, des antiquit\u00e9s et des objets d&#8217;art de la r\u00e9gion sont mis \u00e0 l&#8217;honneur. Assurez-vous de r\u00e9server une chambre avec l&#8217;un des magnifiques balcons en fer forg\u00e9 donnant sur la c\u00e9l\u00e8bre Bourbon Street. Ainsi, vous pourrez profiter des airs des bars de jazz environnants sans sacrifier votre intimit\u00e9.<\/span>\r\n\r\n&nbsp;\r\n\r\n&nbsp;\r\n\r\n&nbsp;\r\n\r\n&nbsp;\r\n\r\n&nbsp;<\/p>\n\n\n\n<p><span style=\"font-weight: 400;\">NOLA, comme les habitants appellent affectueusement la <\/span><a href=\"https:\/\/www.omio.com\/trains\/new-orleans-la-lskwg\"><span style=\"font-weight: 400;\">Nouvelle-Orl\u00e9ans<\/span><\/a><span style=\"font-weight: 400;\">, est surtout connue pour son histoire unique ainsi que pour sa sc\u00e8ne artistique et musicale exceptionnelle.<\/span><span style=\"font-weight: 400;\"> Marchez de l&#8217;h\u00f4tel Lafitte jusqu&#8217;\u00e0 Royal Street, o\u00f9 se trouvent les meilleures galeries d&#8217;art au milieu de charmantes boutiques de souvenirs, de petites \u00e9piceries et d&#8217;une vari\u00e9t\u00e9 de restaurants. Vous pouvez aussi descendre Frenchman Street et passer une soir\u00e9e en amoureux en \u00e9coutant le genre de musique live que l&#8217;on ne trouve qu&#8217;ici. Qu&#8217;il s&#8217;agisse de jazz ou de blues, des clubs comme le Blue Nile, le Snug Habor ou le Spotted Cat vous promettent une soir\u00e9e dont vous parlerez \u00e0 vos petits-enfants.<\/span><\/p>\n\n\n\n<p><span style=\"font-weight: 400;\">Profitez d&#8217;un trajet ensemble dans les tramways historiques typiques pour explorer le quartier fran\u00e7ais, le pittoresque Garden District et le Warehouse District. <\/span><span style=\"font-weight: 400;\">Un autre point fort de NOLA est une <\/span><a href=\"https:\/\/www.getyourguide.com\/new-orleans-l370\/new-orleans-jazz-abend-an-bord-des-raddampfers-natchez-t22812\/?partner_id=PGSHZ7K\"><span style=\"font-weight: 400;\">promenade en bateau \u00e0 aubes sur le fleuve Mississippi<\/span><\/a><span style=\"font-weight: 400;\">.<\/span><span style=\"font-weight: 400;\"> Le Natchez est le seul authentique bateau \u00e0 vapeur de la Nouvelle-Orl\u00e9ans et offre des vues spectaculaires ainsi que des plats traditionnels comme le gumbo et le jambalaya.<\/span><\/p>\n\n\n<div id=\"search-widget-overlay\" class=\"search-widget-overlay\">\r\n  <div class=\"search-widget-overlay__form\" data-search-widget-container>\r\n    <div class=\"search-widget-overlay__details\">\r\n      <button class=\"search-widget-overlay__close\" data-search-widget-close>\r\n        \u2715\r\n      <\/button>\r\n      <div class=\"search-widget-overlay__text\">\r\n        Tickets to New Orleans       <\/div>\r\n    <\/div>\r\n\r\n  <\/div>\r\n<\/div>\r\n\r\n<div class=\"search-widget-cta\">\r\n  <button class=\"search-widget-cta__button\" data-search-widget-cta>\r\n    Tickets to New Orleans   <\/button>\r\n<\/div>\n\n\n<figure class=\"wp-block-gallery has-nested-images columns-default is-cropped wp-block-gallery-5 is-layout-flex wp-block-gallery-is-layout-flex\">\n<figure class=\"wp-block-image size-large\"><img loading=\"lazy\" decoding=\"async\" width=\"1024\" height=\"492\" data-id=\"47403\" src=\"https:\/\/www.omio.fr\/window-seat\/wp-content\/uploads\/2023\/02\/bourbon-st-new-orleans-1024x492.png\" alt=\"la Nouvelle-Orl\u00e9ans\" class=\"wp-image-47403\" srcset=\"https:\/\/www.omio.fr\/window-seat\/wp-content\/uploads\/2023\/02\/bourbon-st-new-orleans-1024x492.png 1024w, https:\/\/www.omio.fr\/window-seat\/wp-content\/uploads\/2023\/02\/bourbon-st-new-orleans-300x144.png 300w, https:\/\/www.omio.fr\/window-seat\/wp-content\/uploads\/2023\/02\/bourbon-st-new-orleans-768x369.png 768w, https:\/\/www.omio.fr\/window-seat\/wp-content\/uploads\/2023\/02\/bourbon-st-new-orleans-1536x738.png 1536w, https:\/\/www.omio.fr\/window-seat\/wp-content\/uploads\/2023\/02\/bourbon-st-new-orleans-2048x985.png 2048w, https:\/\/www.omio.fr\/window-seat\/wp-content\/uploads\/2023\/02\/bourbon-st-new-orleans-1568x754.png 1568w\" sizes=\"auto, (max-width: 1024px) 100vw, 1024px\" \/><figcaption class=\"wp-element-caption\">Il y a de la musique partout dans le quartier fran\u00e7ais. Et si on dansait ? Cr\u00e9dit : Simply Photos\/Shutterstock<\/figcaption><\/figure>\n<\/figure>\n\n\n\n<figure class=\"wp-block-gallery has-nested-images columns-default is-cropped wp-block-gallery-6 is-layout-flex wp-block-gallery-is-layout-flex\">\n<figure class=\"wp-block-image size-large\"><img loading=\"lazy\" decoding=\"async\" width=\"1024\" height=\"667\" data-id=\"47409\" src=\"https:\/\/www.omio.fr\/window-seat\/wp-content\/uploads\/2023\/02\/lafittes-hotel-new-orleans-1024x667.png\" alt=\"du quartier fran\u00e7ais de la Nouvelle-Orl\u00e9ans\" class=\"wp-image-47409\" srcset=\"https:\/\/www.omio.fr\/window-seat\/wp-content\/uploads\/2023\/02\/lafittes-hotel-new-orleans-1024x667.png 1024w, https:\/\/www.omio.fr\/window-seat\/wp-content\/uploads\/2023\/02\/lafittes-hotel-new-orleans-300x196.png 300w, https:\/\/www.omio.fr\/window-seat\/wp-content\/uploads\/2023\/02\/lafittes-hotel-new-orleans-768x500.png 768w, https:\/\/www.omio.fr\/window-seat\/wp-content\/uploads\/2023\/02\/lafittes-hotel-new-orleans.png 1200w\" sizes=\"auto, (max-width: 1024px) 100vw, 1024px\" \/><figcaption class=\"wp-element-caption\">Les balcons en fer forg\u00e9 sont une marque de fabrique romantique du quartier fran\u00e7ais de la Nouvelle-Orl\u00e9ans. Cr\u00e9dit : Lafitte\u2019s\r\n<\/figcaption><\/figure>\n\n\n\n<figure class=\"wp-block-image size-large\"><img loading=\"lazy\" decoding=\"async\" width=\"1024\" height=\"667\" data-id=\"47415\" src=\"https:\/\/www.omio.fr\/window-seat\/wp-content\/uploads\/2023\/02\/lafittes-bedroom-new-orleans-1024x667.png\" alt=\"l'h\u00f4tel Lafitte \" class=\"wp-image-47415\" srcset=\"https:\/\/www.omio.fr\/window-seat\/wp-content\/uploads\/2023\/02\/lafittes-bedroom-new-orleans-1024x667.png 1024w, https:\/\/www.omio.fr\/window-seat\/wp-content\/uploads\/2023\/02\/lafittes-bedroom-new-orleans-300x196.png 300w, https:\/\/www.omio.fr\/window-seat\/wp-content\/uploads\/2023\/02\/lafittes-bedroom-new-orleans-768x500.png 768w, https:\/\/www.omio.fr\/window-seat\/wp-content\/uploads\/2023\/02\/lafittes-bedroom-new-orleans.png 1200w\" sizes=\"auto, (max-width: 1024px) 100vw, 1024px\" \/><figcaption class=\"wp-element-caption\">L&#8217;int\u00e9rieur confortable et historique de l&#8217;h\u00f4tel Lafitte vous offre un voyage dans le temps. Cr\u00e9dit : Lafitte\u2019s<\/figcaption><\/figure>\n<\/figure>\n\n\n\n<h3 class=\"wp-block-heading\">H\u00f4tel Particulier La Maison Gobert Paris \u00e0 Paris, France<\/h3>\n\n\n\n<p><span style=\"font-weight: 400;\">Install\u00e9 dans une maison de ville traditionnelle class\u00e9e, inspir\u00e9e de l&#8217;architecture des XVIIe et XVIIIe si\u00e8cles, l&#8217;h\u00f4tel particulier <\/span><a href=\"https:\/\/sp.booking.com\/hotel\/fr\/la-maison-gobert.html?aid=1500264&amp;label=goeu_DE_Berlin_FR_Paris_ow_1_0_1_id0_mag_com_us_EUR_Other_x_other_221108_376217_318615%23\"><span style=\"font-weight: 400;\">La Maison Gobert Paris<\/span><\/a><span style=\"font-weight: 400;\"> r\u00e9alise tous vos r\u00eaves parisiens.<\/span><span style=\"font-weight: 400;\"> Un \u00e9l\u00e9gant mobilier Chippendale en velours, des couleurs sourdes et de jolis d\u00e9tails d\u00e9finissent l&#8217;atmosph\u00e8re de cette pension. Des plafonds en stuc, une chemin\u00e9e dans le salon et des balcons \u00e0 la fran\u00e7aise compl\u00e8tent l&#8217;atmosph\u00e8re romantique. En outre, l&#8217;h\u00f4tel propose un charmant jardin verdoyant o\u00f9 savourer vos d\u00e9licieux croissants \u00e0 deux le matin, ainsi qu&#8217;un service de navette priv\u00e9e vers les nombreux sites parisiens.<\/span>\r\n\r\n&nbsp;\r\n\r\n&nbsp;\r\n\r\n&nbsp;\r\n\r\n&nbsp;\r\n\r\n&nbsp;\r\n\r\n&nbsp;\r\n\r\n&nbsp;<\/p>\n\n\n\n<p><span style=\"font-weight: 400;\">Outre la visite de la tour Eiffel et du Louvre, une promenade dans le quartier de Montmartre s&#8217;impose. Sur la place du Tertre, en haut de la colline, diff\u00e9rents artistes proposent leurs \u0153uvres et leurs services. L&#8217;occasion id\u00e9ale de capturer artistiquement ce moment intime avec votre cher et tendre. Gravissez les 240&nbsp;marches jusqu&#8217;au d\u00f4me de la basilique n\u00e9o-byzantine du Sacr\u00e9-C\u0153ur et profitez de la vue sur la ville. Si vous voulez pousser le romantisme \u00e0 son paroxysme, visitez le Mus\u00e9e de la vie romantique dans une pittoresque maison de ville des ann\u00e9es 1830, ou rendez-vous au <\/span><i><span style=\"font-weight: 400;\">Mur des Je t&#8217;aime<\/span><\/i><span style=\"font-weight: 400;\"> et laissez-vous inspirer par les d\u00e9clarations d&#8217;amour en diff\u00e9rentes langues.&nbsp;&nbsp;<\/span><\/p>\n\n\n\n<p><span style=\"font-weight: 400;\">La haute cuisine fran\u00e7aise est c\u00e9l\u00e8bre dans le monde entier, et les nombreux restaurants exquis de <\/span><a href=\"https:\/\/www.omio.com\/trains\/paris\"><span style=\"font-weight: 400;\">Paris<\/span><\/a><span style=\"font-weight: 400;\"> font battre le c\u0153ur des gourmets.<\/span><span style=\"font-weight: 400;\"> Le personnel de La Maison Gobert sera ravi de vous conseiller pour votre d\u00eener, que ce soit dans des brasseries typiques ou des restaurants \u00e9toil\u00e9s. Une exp\u00e9rience inoubliable vous attend.&nbsp;<\/span><\/p>\n\n\n\n<p><span style=\"font-weight: 400;\">Pour plus d&#8217;informations sur votre destination, consultez notre guide sur les <\/span><a href=\"https:\/\/www.omio.com\/window-seat\/countries\/france\/paris\/\/\"><span style=\"font-weight: 400;\">meilleures activit\u00e9s \u00e0 faire \u00e0 Paris<\/span><\/a><span style=\"font-weight: 400;\">.<\/span><\/p>\n\n\n<div id=\"search-widget-overlay\" class=\"search-widget-overlay\">\r\n  <div class=\"search-widget-overlay__form\" data-search-widget-container>\r\n    <div class=\"search-widget-overlay__details\">\r\n      <button class=\"search-widget-overlay__close\" data-search-widget-close>\r\n        \u2715\r\n      <\/button>\r\n      <div class=\"search-widget-overlay__text\">\r\n        Tickets to Paris      <\/div>\r\n    <\/div>\r\n\r\n  <\/div>\r\n<\/div>\r\n\r\n<div class=\"search-widget-cta\">\r\n  <button class=\"search-widget-cta__button\" data-search-widget-cta>\r\n    Tickets to Paris  <\/button>\r\n<\/div>\n\n\n<figure class=\"wp-block-gallery has-nested-images columns-default is-cropped wp-block-gallery-7 is-layout-flex wp-block-gallery-is-layout-flex\">\n<figure class=\"wp-block-image size-large\"><img loading=\"lazy\" decoding=\"async\" width=\"1024\" height=\"667\" data-id=\"47421\" src=\"https:\/\/www.omio.fr\/window-seat\/wp-content\/uploads\/2023\/02\/la-maison-gobert-garden-paris-1024x667.png\" alt=\"La Maison Gobert\" class=\"wp-image-47421\" srcset=\"https:\/\/www.omio.fr\/window-seat\/wp-content\/uploads\/2023\/02\/la-maison-gobert-garden-paris-1024x667.png 1024w, https:\/\/www.omio.fr\/window-seat\/wp-content\/uploads\/2023\/02\/la-maison-gobert-garden-paris-300x195.png 300w, https:\/\/www.omio.fr\/window-seat\/wp-content\/uploads\/2023\/02\/la-maison-gobert-garden-paris-768x500.png 768w, https:\/\/www.omio.fr\/window-seat\/wp-content\/uploads\/2023\/02\/la-maison-gobert-garden-paris-1536x1001.png 1536w, https:\/\/www.omio.fr\/window-seat\/wp-content\/uploads\/2023\/02\/la-maison-gobert-garden-paris-1568x1022.png 1568w, https:\/\/www.omio.fr\/window-seat\/wp-content\/uploads\/2023\/02\/la-maison-gobert-garden-paris.png 1920w\" sizes=\"auto, (max-width: 1024px) 100vw, 1024px\" \/><figcaption class=\"wp-element-caption\">Le jardin paisible de La Maison Gobert vous accueille pour vous d\u00e9tendre en tourtereaux. Cr\u00e9dit : La Maison Gobert<\/figcaption><\/figure>\n\n\n\n<figure class=\"wp-block-image size-large\"><img loading=\"lazy\" decoding=\"async\" width=\"1024\" height=\"667\" data-id=\"47433\" src=\"https:\/\/www.omio.fr\/window-seat\/wp-content\/uploads\/2023\/02\/la-maison-gobert-room-paris-1024x667.png\" alt=\"La Maison Gobert\" class=\"wp-image-47433\" srcset=\"https:\/\/www.omio.fr\/window-seat\/wp-content\/uploads\/2023\/02\/la-maison-gobert-room-paris-1024x667.png 1024w, https:\/\/www.omio.fr\/window-seat\/wp-content\/uploads\/2023\/02\/la-maison-gobert-room-paris-300x195.png 300w, https:\/\/www.omio.fr\/window-seat\/wp-content\/uploads\/2023\/02\/la-maison-gobert-room-paris-768x500.png 768w, https:\/\/www.omio.fr\/window-seat\/wp-content\/uploads\/2023\/02\/la-maison-gobert-room-paris-1536x1001.png 1536w, https:\/\/www.omio.fr\/window-seat\/wp-content\/uploads\/2023\/02\/la-maison-gobert-room-paris-1568x1022.png 1568w, https:\/\/www.omio.fr\/window-seat\/wp-content\/uploads\/2023\/02\/la-maison-gobert-room-paris.png 1920w\" sizes=\"auto, (max-width: 1024px) 100vw, 1024px\" \/><figcaption class=\"wp-element-caption\">La Maison Gobert se caract\u00e9rise par un flair historique et des moments de modernit\u00e9. Cr\u00e9dit : La Maison Gobert<\/figcaption><\/figure>\n<\/figure>\n\n\n\n<figure class=\"wp-block-gallery has-nested-images columns-default is-cropped wp-block-gallery-8 is-layout-flex wp-block-gallery-is-layout-flex\">\n<figure class=\"wp-block-image size-large\"><img loading=\"lazy\" decoding=\"async\" width=\"1024\" height=\"581\" data-id=\"47427\" src=\"https:\/\/www.omio.fr\/window-seat\/wp-content\/uploads\/2023\/02\/montmatre-paris-1024x581.png\" alt=\"Le quartier des artistes\" class=\"wp-image-47427\" srcset=\"https:\/\/www.omio.fr\/window-seat\/wp-content\/uploads\/2023\/02\/montmatre-paris-1024x581.png 1024w, https:\/\/www.omio.fr\/window-seat\/wp-content\/uploads\/2023\/02\/montmatre-paris-300x170.png 300w, https:\/\/www.omio.fr\/window-seat\/wp-content\/uploads\/2023\/02\/montmatre-paris-768x436.png 768w, https:\/\/www.omio.fr\/window-seat\/wp-content\/uploads\/2023\/02\/montmatre-paris-1536x871.png 1536w, https:\/\/www.omio.fr\/window-seat\/wp-content\/uploads\/2023\/02\/montmatre-paris-2048x1162.png 2048w, https:\/\/www.omio.fr\/window-seat\/wp-content\/uploads\/2023\/02\/montmatre-paris-1568x890.png 1568w\" sizes=\"auto, (max-width: 1024px) 100vw, 1024px\" \/><figcaption class=\"wp-element-caption\">Le quartier des artistes de Montmartre offre d&#8217;innombrables occasions de cr\u00e9er des souvenirs \u00e0 deux. Cr\u00e9dit : T.W. van Urk\/Shutterstock\r\n<\/figcaption><\/figure>\n<\/figure>\n\n\n\n<h3 class=\"wp-block-heading\">Corte Realdi Suites \u00e0 V\u00e9rone, Italie<\/h3>\n\n\n\n<p><span style=\"font-weight: 400;\">Les appartements exclusifs du <\/span><a href=\"https:\/\/sp.booking.com\/hotel\/it\/corte-realdi-apartments.html?aid=1500264&amp;label=goeu_DE_Berlin_IT_Verona_ow_1_0_1_id0_mag_com_us_EUR_Other_x_other_221108_376217_318615\"><span style=\"font-weight: 400;\">Corte Realdi Suites<\/span><\/a><span style=\"font-weight: 400;\"> sont situ\u00e9s dans un b\u00e2timent historique en plein V\u00e9rone, \u00e0 c\u00f4t\u00e9 de deux des plus belles places de la ville, la Piazza delle Erbe et la Piazza dei Signori.<\/span><span style=\"font-weight: 400;\"> L&#8217;int\u00e9rieur sait comment impressionner avec des fresques opulentes sur les plafonds, des d\u00e9tails dor\u00e9s et une ambiance princi\u00e8re. Outre de grands lits confortables, les appartements spacieux et climatis\u00e9s disposent d&#8217;un coin salon accueillant, d&#8217;une cuisine enti\u00e8rement \u00e9quip\u00e9e et de bien d&#8217;autres particularit\u00e9s encore. Des chaussons sont m\u00eame fournis. Les balcons priv\u00e9s offrent une vue imprenable et vous invitent \u00e0 suspendre le temps.<\/span>\r\n\r\n&nbsp;\r\n\r\n&nbsp;\r\n\r\n&nbsp;\r\n\r\n&nbsp;\r\n\r\n&nbsp;\r\n\r\n&nbsp;\r\n\r\n&nbsp;<\/p>\n\n\n\n<p>Le service 5 \u00e9toiles du Corte Realdi comprend un verre de prosecco p\u00e9tillant \u00e0 l&#8217;arriv\u00e9e, un petit-d\u00e9jeuner servi chaque matin (d\u00e9pos\u00e9 devant la porte de la chambre si vous le souhaitez) et une vari\u00e9t\u00e9 de services personnalis\u00e9s sur demande. Par exemple, faites-vous transporter en limousine de l&#8217;a\u00e9roport ou de la gare, \u00e9clairez votre suite \u00e0 la bougie, ou pr\u00e9parez un d\u00eener en t\u00eate \u00e0 t\u00eate avec des sp\u00e9cialit\u00e9s locales et une d\u00e9gustation de vins.&nbsp;<\/p>\n\n\n\n<p><span style=\"font-weight: 400;\">Juste devant la porte de votre appartement de premi\u00e8re classe, vous trouverez le march\u00e9 de la Piazza delle Erbe. Go\u00fbtez \u00e0 la Dolce Vita et faites le plein de d\u00e9lices italiens avant d&#8217;explorer les sites historiques tels que le Ponte Pietra ou les maisons color\u00e9es de la Piazza Bra. <\/span><span style=\"font-weight: 400;\">La visite des ar\u00e8nes de <\/span><a href=\"https:\/\/www.omio.com\/trains\/verona\"><span style=\"font-weight: 400;\">V\u00e9rone<\/span><\/a><span style=\"font-weight: 400;\"> constitue le point culminant de votre voyage en Italie.<\/span><span style=\"font-weight: 400;\"> L\u00e0 o\u00f9 les gladiateurs se battaient autrefois, des repr\u00e9sentations d&#8217;op\u00e9ra de classe mondiale ont lieu aujourd&#8217;hui. Le personnel du Corte Realdi se fera un plaisir d&#8217;organiser pour vous une visite exclusive des coulisses.<\/span><\/p>\n\n\n\n<p>\u00c0 quelques pas de votre suite se trouve la maison de Juliette de Rom\u00e9o et Juliette, la Casa di Giulietta, avec l&#8217;un des balcons les plus c\u00e9l\u00e8bres de l&#8217;histoire. Emmenez un mot d\u00e9di\u00e9 \u00e0 votre amour et immortalisez-le sur le mur. Selon la croyance populaire, restez ensemble heureux pour toujours.<\/p>\n\n\n<div id=\"search-widget-overlay\" class=\"search-widget-overlay\">\r\n  <div class=\"search-widget-overlay__form\" data-search-widget-container>\r\n    <div class=\"search-widget-overlay__details\">\r\n      <button class=\"search-widget-overlay__close\" data-search-widget-close>\r\n        \u2715\r\n      <\/button>\r\n      <div class=\"search-widget-overlay__text\">\r\n        Tickets to Verona      <\/div>\r\n    <\/div>\r\n\r\n  <\/div>\r\n<\/div>\r\n\r\n<div class=\"search-widget-cta\">\r\n  <button class=\"search-widget-cta__button\" data-search-widget-cta>\r\n    Tickets to Verona  <\/button>\r\n<\/div>\n\n\n<figure class=\"wp-block-gallery has-nested-images columns-default is-cropped wp-block-gallery-9 is-layout-flex wp-block-gallery-is-layout-flex\">\n<figure class=\"wp-block-image size-large\"><img loading=\"lazy\" decoding=\"async\" width=\"1024\" height=\"603\" data-id=\"47445\" src=\"https:\/\/www.omio.fr\/window-seat\/wp-content\/uploads\/2023\/02\/casa-di-giulietta-verona-1024x603.png\" alt=\"Juliet's balcony\" class=\"wp-image-47445\" srcset=\"https:\/\/www.omio.fr\/window-seat\/wp-content\/uploads\/2023\/02\/casa-di-giulietta-verona-1024x603.png 1024w, https:\/\/www.omio.fr\/window-seat\/wp-content\/uploads\/2023\/02\/casa-di-giulietta-verona-300x177.png 300w, https:\/\/www.omio.fr\/window-seat\/wp-content\/uploads\/2023\/02\/casa-di-giulietta-verona-768x452.png 768w, https:\/\/www.omio.fr\/window-seat\/wp-content\/uploads\/2023\/02\/casa-di-giulietta-verona-1536x905.png 1536w, https:\/\/www.omio.fr\/window-seat\/wp-content\/uploads\/2023\/02\/casa-di-giulietta-verona-2048x1206.png 2048w, https:\/\/www.omio.fr\/window-seat\/wp-content\/uploads\/2023\/02\/casa-di-giulietta-verona-1568x923.png 1568w, https:\/\/www.omio.fr\/window-seat\/wp-content\/uploads\/2023\/02\/casa-di-giulietta-verona.png 2038w\" sizes=\"auto, (max-width: 1024px) 100vw, 1024px\" \/><figcaption class=\"wp-element-caption\">Le balcon de Juliette est un lieu de p\u00e8lerinage pour tous les couples d&#8217;amoureux. Cr\u00e9dit : Natali Zakharova\/Shutterstock<\/figcaption><\/figure>\n<\/figure>\n\n\n\n<figure class=\"wp-block-gallery has-nested-images columns-default is-cropped wp-block-gallery-10 is-layout-flex wp-block-gallery-is-layout-flex\">\n<figure class=\"wp-block-image size-large\"><img loading=\"lazy\" decoding=\"async\" width=\"1024\" height=\"667\" data-id=\"47439\" src=\"https:\/\/www.omio.fr\/window-seat\/wp-content\/uploads\/2023\/02\/corte-realdi-room-verona-1024x667.png\" alt=\"La dolce vita\" class=\"wp-image-47439\" srcset=\"https:\/\/www.omio.fr\/window-seat\/wp-content\/uploads\/2023\/02\/corte-realdi-room-verona-1024x667.png 1024w, https:\/\/www.omio.fr\/window-seat\/wp-content\/uploads\/2023\/02\/corte-realdi-room-verona-300x195.png 300w, https:\/\/www.omio.fr\/window-seat\/wp-content\/uploads\/2023\/02\/corte-realdi-room-verona-768x500.png 768w, https:\/\/www.omio.fr\/window-seat\/wp-content\/uploads\/2023\/02\/corte-realdi-room-verona-1536x1001.png 1536w, https:\/\/www.omio.fr\/window-seat\/wp-content\/uploads\/2023\/02\/corte-realdi-room-verona-1568x1022.png 1568w, https:\/\/www.omio.fr\/window-seat\/wp-content\/uploads\/2023\/02\/corte-realdi-room-verona.png 1920w\" sizes=\"auto, (max-width: 1024px) 100vw, 1024px\" \/><figcaption class=\"wp-element-caption\">La dolce vita sous son meilleur angle : les somptueuses suites Corte Realdi. Cr\u00e9dit : Corte Realdi<\/figcaption><\/figure>\n\n\n\n<figure class=\"wp-block-image size-large\"><img loading=\"lazy\" decoding=\"async\" width=\"1024\" height=\"667\" data-id=\"47451\" src=\"https:\/\/www.omio.fr\/window-seat\/wp-content\/uploads\/2023\/02\/corte-realdi-balcony-verona-1024x667.png\" alt=\"Piazza Erbe\" class=\"wp-image-47451\" srcset=\"https:\/\/www.omio.fr\/window-seat\/wp-content\/uploads\/2023\/02\/corte-realdi-balcony-verona-1024x667.png 1024w, https:\/\/www.omio.fr\/window-seat\/wp-content\/uploads\/2023\/02\/corte-realdi-balcony-verona-300x195.png 300w, https:\/\/www.omio.fr\/window-seat\/wp-content\/uploads\/2023\/02\/corte-realdi-balcony-verona-768x500.png 768w, https:\/\/www.omio.fr\/window-seat\/wp-content\/uploads\/2023\/02\/corte-realdi-balcony-verona-1536x1001.png 1536w, https:\/\/www.omio.fr\/window-seat\/wp-content\/uploads\/2023\/02\/corte-realdi-balcony-verona-1568x1022.png 1568w, https:\/\/www.omio.fr\/window-seat\/wp-content\/uploads\/2023\/02\/corte-realdi-balcony-verona.png 1920w\" sizes=\"auto, (max-width: 1024px) 100vw, 1024px\" \/><figcaption class=\"wp-element-caption\">Profitez de l&#8217;agitation des marchands sur la plus belle place de V\u00e9rone, la Piazza delle Erbe, depuis votre balcon. Cr\u00e9dit : Corte Realdi<\/figcaption><\/figure>\n<\/figure>\n","protected":false},"excerpt":{"rendered":"<p>La Saint-Valentin arrive \u00e0 grands pas et les fleuristes se pr\u00e9parent au jour le plus charg\u00e9 de l&#8217;ann\u00e9e. Mais au lieu d&#8217;offrir une bo\u00eete de chocolats et de fleurs bient\u00f4t fan\u00e9es, pourquoi ne pas passer du temps avec votre bien aim\u00e9 et cr\u00e9er des souvenirs durables qui renforceront votre idylle ? Le monde regorge de&hellip; <a class=\"more-link\" href=\"https:\/\/www.omio.fr\/window-seat\/fr\/culture-lifestyle-fr\/activites\/les-hotels-les-plus-romantiques-pour-la-saint-valentin-omio\/\">Continue reading <span class=\"screen-reader-text\">Les h\u00f4tels les plus romantiques pour la Saint-Valentin<\/span><\/a><\/p>\n","protected":false},"author":11,"featured_media":47363,"comment_status":"open","ping_status":"open","sticky":false,"template":"","format":"standard","meta":{"_acf_changed":false,"inline_featured_image":false,"footnotes":""},"categories":[1995],"tags":[],"position_ids":[],"class_list":["post-47463","post","type-post","status-publish","format-standard","has-post-thumbnail","hentry","category-activites","entry"],"acf":[],"yoast_head":"<!-- This site is optimized with the Yoast SEO plugin v24.9 - https:\/\/yoast.com\/wordpress\/plugins\/seo\/ -->\n<title>Les h\u00f4tels les plus romantiques pour la Saint-Valentin | Omio<\/title>\n<meta name=\"description\" content=\"Flottez sur un nuage dans les meilleurs h\u00f4tels de charme des villes les plus romantiques du monde. Lisez la suite pour obtenir des conseils sur les h\u00f4tels romantiques et les activit\u00e9s \u00e0 faire le jour de la Saint-Valentin.\" \/>\n<meta name=\"robots\" content=\"index, follow, max-snippet:-1, max-image-preview:large, max-video-preview:-1\" \/>\n<link rel=\"canonical\" href=\"https:\/\/www.omio.fr\/window-seat\/culture-lifestyle-fr\/activites\/les-hotels-les-plus-romantiques-pour-la-saint-valentin-omio\/\" \/>\n<meta property=\"og:locale\" content=\"en_US\" \/>\n<meta property=\"og:type\" content=\"article\" \/>\n<meta property=\"og:title\" content=\"Les h\u00f4tels les plus romantiques pour la Saint-Valentin | Omio\" \/>\n<meta property=\"og:description\" content=\"Flottez sur un nuage dans les meilleurs h\u00f4tels de charme des villes les plus romantiques du monde. Lisez la suite pour obtenir des conseils sur les h\u00f4tels romantiques et les activit\u00e9s \u00e0 faire le jour de la Saint-Valentin.\" \/>\n<meta property=\"og:url\" content=\"https:\/\/www.omio.fr\/window-seat\/fr\/culture-lifestyle-fr\/activites\/les-hotels-les-plus-romantiques-pour-la-saint-valentin-omio\/\" \/>\n<meta property=\"og:site_name\" content=\"The Window Seat\" \/>\n<meta property=\"article:published_time\" content=\"2023-02-02T13:15:28+00:00\" \/>\n<meta property=\"article:modified_time\" content=\"2023-02-02T13:50:19+00:00\" \/>\n<meta property=\"og:image\" content=\"https:\/\/www.omio.fr\/window-seat\/wp-content\/uploads\/2023\/02\/romantic-picnic-paris-1024x587.png\" \/>\n\t<meta property=\"og:image:width\" content=\"1024\" \/>\n\t<meta property=\"og:image:height\" content=\"587\" \/>\n\t<meta property=\"og:image:type\" content=\"image\/png\" \/>\n<meta name=\"author\" content=\"Lisa H\u00fcbener\" \/>\n<meta name=\"twitter:card\" content=\"summary_large_image\" \/>\n<meta name=\"twitter:label1\" content=\"Written by\" \/>\n\t<meta name=\"twitter:data1\" content=\"Lisa H\u00fcbener\" \/>\n\t<meta name=\"twitter:label2\" content=\"Est. reading time\" \/>\n\t<meta name=\"twitter:data2\" content=\"11 minutes\" \/>\n<script type=\"application\/ld+json\" class=\"yoast-schema-graph\">{\"@context\":\"https:\/\/schema.org\",\"@graph\":[{\"@type\":\"WebPage\",\"@id\":\"https:\/\/www.omio.fr\/window-seat\/fr\/culture-lifestyle-fr\/activites\/les-hotels-les-plus-romantiques-pour-la-saint-valentin-omio\/\",\"url\":\"https:\/\/www.omio.fr\/window-seat\/fr\/culture-lifestyle-fr\/activites\/les-hotels-les-plus-romantiques-pour-la-saint-valentin-omio\/\",\"name\":\"Les h\u00f4tels les plus romantiques pour la Saint-Valentin | Omio\",\"isPartOf\":{\"@id\":\"https:\/\/www.omio.fr\/window-seat\/#website\"},\"primaryImageOfPage\":{\"@id\":\"https:\/\/www.omio.fr\/window-seat\/fr\/culture-lifestyle-fr\/activites\/les-hotels-les-plus-romantiques-pour-la-saint-valentin-omio\/#primaryimage\"},\"image\":{\"@id\":\"https:\/\/www.omio.fr\/window-seat\/fr\/culture-lifestyle-fr\/activites\/les-hotels-les-plus-romantiques-pour-la-saint-valentin-omio\/#primaryimage\"},\"thumbnailUrl\":\"https:\/\/www.omio.fr\/window-seat\/wp-content\/uploads\/2023\/02\/romantic-picnic-paris.png\",\"datePublished\":\"2023-02-02T13:15:28+00:00\",\"dateModified\":\"2023-02-02T13:50:19+00:00\",\"author\":{\"@id\":\"https:\/\/www.omio.fr\/window-seat\/#\/schema\/person\/6fcf5d2e44354ee26394fed016b0b3c0\"},\"description\":\"Flottez sur un nuage dans les meilleurs h\u00f4tels de charme des villes les plus romantiques du monde. Lisez la suite pour obtenir des conseils sur les h\u00f4tels romantiques et les activit\u00e9s \u00e0 faire le jour de la Saint-Valentin.\",\"breadcrumb\":{\"@id\":\"https:\/\/www.omio.fr\/window-seat\/fr\/culture-lifestyle-fr\/activites\/les-hotels-les-plus-romantiques-pour-la-saint-valentin-omio\/#breadcrumb\"},\"inLanguage\":\"en-US\",\"potentialAction\":[{\"@type\":\"ReadAction\",\"target\":[\"https:\/\/www.omio.fr\/window-seat\/fr\/culture-lifestyle-fr\/activites\/les-hotels-les-plus-romantiques-pour-la-saint-valentin-omio\/\"]}]},{\"@type\":\"ImageObject\",\"inLanguage\":\"en-US\",\"@id\":\"https:\/\/www.omio.fr\/window-seat\/fr\/culture-lifestyle-fr\/activites\/les-hotels-les-plus-romantiques-pour-la-saint-valentin-omio\/#primaryimage\",\"url\":\"https:\/\/www.omio.fr\/window-seat\/wp-content\/uploads\/2023\/02\/romantic-picnic-paris.png\",\"contentUrl\":\"https:\/\/www.omio.fr\/window-seat\/wp-content\/uploads\/2023\/02\/romantic-picnic-paris.png\",\"width\":2080,\"height\":1193,\"caption\":\"A romantic picnic by the Eiffel Tower in Paris is a great start, but Europe offers plenty of unique experiences for couples. Credit: Anele Nova\/Shutterstock\"},{\"@type\":\"BreadcrumbList\",\"@id\":\"https:\/\/www.omio.fr\/window-seat\/fr\/culture-lifestyle-fr\/activites\/les-hotels-les-plus-romantiques-pour-la-saint-valentin-omio\/#breadcrumb\",\"itemListElement\":[{\"@type\":\"ListItem\",\"position\":1,\"name\":\"The Window Seat\",\"item\":\"https:\/\/www.omio.fr\/window-seat\/\"},{\"@type\":\"ListItem\",\"position\":2,\"name\":\"Culture &amp; Lifestyle\",\"item\":\"https:\/\/www.omio.fr\/window-seat\/culture-lifestyle\/\"},{\"@type\":\"ListItem\",\"position\":3,\"name\":\"Activities\",\"item\":\"https:\/\/www.omio.fr\/window-seat\/culture-lifestyle\/activities\/\"},{\"@type\":\"ListItem\",\"position\":4,\"name\":\"Les h\u00f4tels les plus romantiques pour la Saint-Valentin\"}]},{\"@type\":\"WebSite\",\"@id\":\"https:\/\/www.omio.fr\/window-seat\/#website\",\"url\":\"https:\/\/www.omio.fr\/window-seat\/\",\"name\":\"The Window Seat\",\"description\":\"\",\"potentialAction\":[{\"@type\":\"SearchAction\",\"target\":{\"@type\":\"EntryPoint\",\"urlTemplate\":\"https:\/\/www.omio.fr\/window-seat\/?s={search_term_string}\"},\"query-input\":{\"@type\":\"PropertyValueSpecification\",\"valueRequired\":true,\"valueName\":\"search_term_string\"}}],\"inLanguage\":\"en-US\"},{\"@type\":\"Person\",\"@id\":\"https:\/\/www.omio.fr\/window-seat\/#\/schema\/person\/6fcf5d2e44354ee26394fed016b0b3c0\",\"name\":\"Lisa H\u00fcbener\",\"image\":{\"@type\":\"ImageObject\",\"inLanguage\":\"en-US\",\"@id\":\"https:\/\/www.omio.fr\/window-seat\/#\/schema\/person\/image\/\",\"url\":\"https:\/\/secure.gravatar.com\/avatar\/b9c9ae4f2fb5cf09f69b66e1aba5e63ed58182a95e3e355eed4f491b5cdc0f3b?s=96&d=mm&r=g\",\"contentUrl\":\"https:\/\/secure.gravatar.com\/avatar\/b9c9ae4f2fb5cf09f69b66e1aba5e63ed58182a95e3e355eed4f491b5cdc0f3b?s=96&d=mm&r=g\",\"caption\":\"Lisa H\u00fcbener\"}}]}<\/script>\n<!-- \/ Yoast SEO plugin. -->","yoast_head_json":{"title":"Les h\u00f4tels les plus romantiques pour la Saint-Valentin | Omio","description":"Flottez sur un nuage dans les meilleurs h\u00f4tels de charme des villes les plus romantiques du monde. Lisez la suite pour obtenir des conseils sur les h\u00f4tels romantiques et les activit\u00e9s \u00e0 faire le jour de la Saint-Valentin.","robots":{"index":"index","follow":"follow","max-snippet":"max-snippet:-1","max-image-preview":"max-image-preview:large","max-video-preview":"max-video-preview:-1"},"canonical":"https:\/\/www.omio.fr\/window-seat\/culture-lifestyle-fr\/activites\/les-hotels-les-plus-romantiques-pour-la-saint-valentin-omio\/","og_locale":"en_US","og_type":"article","og_title":"Les h\u00f4tels les plus romantiques pour la Saint-Valentin | Omio","og_description":"Flottez sur un nuage dans les meilleurs h\u00f4tels de charme des villes les plus romantiques du monde. Lisez la suite pour obtenir des conseils sur les h\u00f4tels romantiques et les activit\u00e9s \u00e0 faire le jour de la Saint-Valentin.","og_url":"https:\/\/www.omio.fr\/window-seat\/fr\/culture-lifestyle-fr\/activites\/les-hotels-les-plus-romantiques-pour-la-saint-valentin-omio\/","og_site_name":"The Window Seat","article_published_time":"2023-02-02T13:15:28+00:00","article_modified_time":"2023-02-02T13:50:19+00:00","og_image":[{"width":1024,"height":587,"url":"https:\/\/www.omio.fr\/window-seat\/wp-content\/uploads\/2023\/02\/romantic-picnic-paris-1024x587.png","type":"image\/png"}],"author":"Lisa H\u00fcbener","twitter_card":"summary_large_image","twitter_misc":{"Written by":"Lisa H\u00fcbener","Est. reading time":"11 minutes"},"schema":{"@context":"https:\/\/schema.org","@graph":[{"@type":"WebPage","@id":"https:\/\/www.omio.fr\/window-seat\/fr\/culture-lifestyle-fr\/activites\/les-hotels-les-plus-romantiques-pour-la-saint-valentin-omio\/","url":"https:\/\/www.omio.fr\/window-seat\/fr\/culture-lifestyle-fr\/activites\/les-hotels-les-plus-romantiques-pour-la-saint-valentin-omio\/","name":"Les h\u00f4tels les plus romantiques pour la Saint-Valentin | Omio","isPartOf":{"@id":"https:\/\/www.omio.fr\/window-seat\/#website"},"primaryImageOfPage":{"@id":"https:\/\/www.omio.fr\/window-seat\/fr\/culture-lifestyle-fr\/activites\/les-hotels-les-plus-romantiques-pour-la-saint-valentin-omio\/#primaryimage"},"image":{"@id":"https:\/\/www.omio.fr\/window-seat\/fr\/culture-lifestyle-fr\/activites\/les-hotels-les-plus-romantiques-pour-la-saint-valentin-omio\/#primaryimage"},"thumbnailUrl":"https:\/\/www.omio.fr\/window-seat\/wp-content\/uploads\/2023\/02\/romantic-picnic-paris.png","datePublished":"2023-02-02T13:15:28+00:00","dateModified":"2023-02-02T13:50:19+00:00","author":{"@id":"https:\/\/www.omio.fr\/window-seat\/#\/schema\/person\/6fcf5d2e44354ee26394fed016b0b3c0"},"description":"Flottez sur un nuage dans les meilleurs h\u00f4tels de charme des villes les plus romantiques du monde. Lisez la suite pour obtenir des conseils sur les h\u00f4tels romantiques et les activit\u00e9s \u00e0 faire le jour de la Saint-Valentin.","breadcrumb":{"@id":"https:\/\/www.omio.fr\/window-seat\/fr\/culture-lifestyle-fr\/activites\/les-hotels-les-plus-romantiques-pour-la-saint-valentin-omio\/#breadcrumb"},"inLanguage":"en-US","potentialAction":[{"@type":"ReadAction","target":["https:\/\/www.omio.fr\/window-seat\/fr\/culture-lifestyle-fr\/activites\/les-hotels-les-plus-romantiques-pour-la-saint-valentin-omio\/"]}]},{"@type":"ImageObject","inLanguage":"en-US","@id":"https:\/\/www.omio.fr\/window-seat\/fr\/culture-lifestyle-fr\/activites\/les-hotels-les-plus-romantiques-pour-la-saint-valentin-omio\/#primaryimage","url":"https:\/\/www.omio.fr\/window-seat\/wp-content\/uploads\/2023\/02\/romantic-picnic-paris.png","contentUrl":"https:\/\/www.omio.fr\/window-seat\/wp-content\/uploads\/2023\/02\/romantic-picnic-paris.png","width":2080,"height":1193,"caption":"A romantic picnic by the Eiffel Tower in Paris is a great start, but Europe offers plenty of unique experiences for couples. Credit: Anele Nova\/Shutterstock"},{"@type":"BreadcrumbList","@id":"https:\/\/www.omio.fr\/window-seat\/fr\/culture-lifestyle-fr\/activites\/les-hotels-les-plus-romantiques-pour-la-saint-valentin-omio\/#breadcrumb","itemListElement":[{"@type":"ListItem","position":1,"name":"The Window Seat","item":"https:\/\/www.omio.fr\/window-seat\/"},{"@type":"ListItem","position":2,"name":"Culture &amp; Lifestyle","item":"https:\/\/www.omio.fr\/window-seat\/culture-lifestyle\/"},{"@type":"ListItem","position":3,"name":"Activities","item":"https:\/\/www.omio.fr\/window-seat\/culture-lifestyle\/activities\/"},{"@type":"ListItem","position":4,"name":"Les h\u00f4tels les plus romantiques pour la Saint-Valentin"}]},{"@type":"WebSite","@id":"https:\/\/www.omio.fr\/window-seat\/#website","url":"https:\/\/www.omio.fr\/window-seat\/","name":"The Window Seat","description":"","potentialAction":[{"@type":"SearchAction","target":{"@type":"EntryPoint","urlTemplate":"https:\/\/www.omio.fr\/window-seat\/?s={search_term_string}"},"query-input":{"@type":"PropertyValueSpecification","valueRequired":true,"valueName":"search_term_string"}}],"inLanguage":"en-US"},{"@type":"Person","@id":"https:\/\/www.omio.fr\/window-seat\/#\/schema\/person\/6fcf5d2e44354ee26394fed016b0b3c0","name":"Lisa H\u00fcbener","image":{"@type":"ImageObject","inLanguage":"en-US","@id":"https:\/\/www.omio.fr\/window-seat\/#\/schema\/person\/image\/","url":"https:\/\/secure.gravatar.com\/avatar\/b9c9ae4f2fb5cf09f69b66e1aba5e63ed58182a95e3e355eed4f491b5cdc0f3b?s=96&d=mm&r=g","contentUrl":"https:\/\/secure.gravatar.com\/avatar\/b9c9ae4f2fb5cf09f69b66e1aba5e63ed58182a95e3e355eed4f491b5cdc0f3b?s=96&d=mm&r=g","caption":"Lisa H\u00fcbener"}}]}},"_links":{"self":[{"href":"https:\/\/www.omio.fr\/window-seat\/wp-json\/wp\/v2\/posts\/47463","targetHints":{"allow":["GET"]}}],"collection":[{"href":"https:\/\/www.omio.fr\/window-seat\/wp-json\/wp\/v2\/posts"}],"about":[{"href":"https:\/\/www.omio.fr\/window-seat\/wp-json\/wp\/v2\/types\/post"}],"author":[{"embeddable":true,"href":"https:\/\/www.omio.fr\/window-seat\/wp-json\/wp\/v2\/users\/11"}],"replies":[{"embeddable":true,"href":"https:\/\/www.omio.fr\/window-seat\/wp-json\/wp\/v2\/comments?post=47463"}],"version-history":[{"count":2,"href":"https:\/\/www.omio.fr\/window-seat\/wp-json\/wp\/v2\/posts\/47463\/revisions"}],"predecessor-version":[{"id":47465,"href":"https:\/\/www.omio.fr\/window-seat\/wp-json\/wp\/v2\/posts\/47463\/revisions\/47465"}],"wp:featuredmedia":[{"embeddable":true,"href":"https:\/\/www.omio.fr\/window-seat\/wp-json\/wp\/v2\/media\/47363"}],"wp:attachment":[{"href":"https:\/\/www.omio.fr\/window-seat\/wp-json\/wp\/v2\/media?parent=47463"}],"wp:term":[{"taxonomy":"category","embeddable":true,"href":"https:\/\/www.omio.fr\/window-seat\/wp-json\/wp\/v2\/categories?post=47463"},{"taxonomy":"post_tag","embeddable":true,"href":"https:\/\/www.omio.fr\/window-seat\/wp-json\/wp\/v2\/tags?post=47463"},{"taxonomy":"position_id","embeddable":true,"href":"https:\/\/www.omio.fr\/window-seat\/wp-json\/wp\/v2\/position_ids?post=47463"}],"curies":[{"name":"wp","href":"https:\/\/api.w.org\/{rel}","templated":true}]}}