{"id":47604,"date":"2023-02-09T13:13:17","date_gmt":"2023-02-09T13:13:17","guid":{"rendered":"https:\/\/www.omio.fr\/window-seat\/decouvrir\/shopping-a-milan-la-capitale-de-la-mode-en-italie\/"},"modified":"2023-02-09T15:03:38","modified_gmt":"2023-02-09T15:03:38","slug":"shopping-a-milan-la-capitale-de-la-mode-en-italie-omio","status":"publish","type":"post","link":"https:\/\/www.omio.fr\/window-seat\/fr\/culture-lifestyle-fr\/activites\/shopping-a-milan-la-capitale-de-la-mode-en-italie-omio\/","title":{"rendered":"Shopping \u00e0 Milan, la capitale de la mode en Italie"},"content":{"rendered":"\n<p><span style=\"font-weight: 400;\">Ah, Milan&nbsp;! \u00c9l\u00e9gante et artistique, la capitale italienne du design et de la mode m\u00e9rite sa r\u00e9putation mondiale. Apr\u00e8s tout, certains des plus grands cr\u00e9ateurs de mode de l&#8217;histoire y ont \u00e9lu domicile, qu&#8217;il s&#8217;agisse de Miuccia Prada ou de Gianni Versace en passant par Giorgio Armani. Depuis les ann\u00e9es 1950, la m\u00e9tropole italienne est un haut lieu de la cr\u00e9ativit\u00e9 gr\u00e2ce \u00e0 son pass\u00e9 industriel. <\/span><span style=\"font-weight: 400;\">Il n&#8217;est donc pas \u00e9tonnant qu&#8217;elle soit devenue la <\/span><a href=\"https:\/\/www.omio.fr\/window-seat\/culture-lifestyle-fr\/icones-de-style-les-meilleures-capitales-de-la-mode\/\"><span style=\"font-weight: 400;\">capitale italienne de la mode<\/span><\/a><span style=\"font-weight: 400;\">, devan\u00e7ant <\/span><a href=\"https:\/\/www.omio.fr\/trains\/rome\"><span style=\"font-weight: 400;\">Rome<\/span><\/a><span style=\"font-weight: 400;\"> et <\/span><a href=\"https:\/\/www.omio.fr\/trains\/florence\"><span style=\"font-weight: 400;\">Florence<\/span><\/a><span style=\"font-weight: 400;\"> dans cette cat\u00e9gorie.<\/span><\/p>\n\n\n\n<p><span style=\"font-weight: 400;\">Avec ses nombreuses art\u00e8res commerciales et ses quartiers hupp\u00e9s, la r\u00e9putation de Milan dans le domaine de la mode se devine \u00e0 travers son architecture, ses boutiques et ses habitants bien habill\u00e9s. <\/span><span style=\"font-weight: 400;\">Si la ville a toujours \u00e9t\u00e9 sur le <\/span><span style=\"font-weight: 400;\">devant de la sc\u00e8ne dans le domaine de la couture et du tissu haut de gamme<\/span><span style=\"font-weight: 400;\">, ces derni\u00e8res ann\u00e9es, de nombreuses friperies sont sorties de nulle part, \u00e0 l&#8217;image de Sacha Baron Cohen qui surgit en surprise sur un d\u00e9fil\u00e9 de Prada.<\/span><span style=\"font-weight: 400;\"> Milan est donc aussi un endroit id\u00e9al pour faire des achats \u00e9thiques.&nbsp;<\/span>\r\n\r\n&nbsp;<\/p>\n\n\n\n<p><span style=\"font-weight: 400;\">Lisez maintenant notre guide pour d\u00e9couvrir le meilleur de la sc\u00e8ne de la mode milanaise, qu&#8217;il s&#8217;agisse de lieux incontournables du shopping de luxe ou des alternatives plus abordables et respectueuses de la plan\u00e8te. Nous avons tout ce qu&#8217;il vous faut pour profiter \u00e0 fond de la Fashion Week de <\/span><a href=\"https:\/\/www.omio.fr\/trains\/milan\" target=\"_blank\" rel=\"noreferrer noopener\"><span style=\"font-weight: 400;\">Milan<\/span><\/a><span style=\"font-weight: 400;\">.<\/span><\/p>\n\n\n<div id=\"search-widget-overlay\" class=\"search-widget-overlay\">\r\n  <div class=\"search-widget-overlay__form\" data-search-widget-container>\r\n    <div class=\"search-widget-overlay__details\">\r\n      <button class=\"search-widget-overlay__close\" data-search-widget-close>\r\n        \u2715\r\n      <\/button>\r\n      <div class=\"search-widget-overlay__text\">\r\n        Billets pour Milan      <\/div>\r\n    <\/div>\r\n\r\n  <\/div>\r\n<\/div>\r\n\r\n<div class=\"search-widget-cta\">\r\n  <button class=\"search-widget-cta__button\" data-search-widget-cta>\r\n    Billets pour Milan  <\/button>\r\n<\/div>\n\n\n<h3 class=\"wp-block-heading\"><b>Quadrilatero della Moda<\/b><b>&nbsp;: le paradis de la haute couture<\/b><\/h3>\n\n\n\n<figure class=\"wp-block-gallery has-nested-images columns-default is-cropped wp-block-gallery-1 is-layout-flex wp-block-gallery-is-layout-flex\">\n<figure class=\"wp-block-image size-large\"><img loading=\"lazy\" decoding=\"async\" width=\"683\" height=\"1024\" data-id=\"47519\" src=\"https:\/\/www.omio.fr\/window-seat\/wp-content\/uploads\/2023\/02\/Quadrilatero-della-Moda-milan-fashion-2-683x1024.jpg\" alt=\"Milan\" class=\"wp-image-47519\" srcset=\"https:\/\/www.omio.fr\/window-seat\/wp-content\/uploads\/2023\/02\/Quadrilatero-della-Moda-milan-fashion-2-683x1024.jpg 683w, https:\/\/www.omio.fr\/window-seat\/wp-content\/uploads\/2023\/02\/Quadrilatero-della-Moda-milan-fashion-2-200x300.jpg 200w, https:\/\/www.omio.fr\/window-seat\/wp-content\/uploads\/2023\/02\/Quadrilatero-della-Moda-milan-fashion-2-768x1152.jpg 768w, https:\/\/www.omio.fr\/window-seat\/wp-content\/uploads\/2023\/02\/Quadrilatero-della-Moda-milan-fashion-2-1024x1536.jpg 1024w, https:\/\/www.omio.fr\/window-seat\/wp-content\/uploads\/2023\/02\/Quadrilatero-della-Moda-milan-fashion-2.jpg 1267w\" sizes=\"auto, (max-width: 683px) 100vw, 683px\" \/><figcaption class=\"wp-element-caption\">De Miuccia Prada \u00e0 Gianni Versace en passant par Giorgio Armani, Milan r\u00e9unit les plus grands noms de la haute couture, en parfaite harmonie avec l\u2019architecture de la ville. Cr\u00e9dit : Getty Images\r\n<\/figcaption><\/figure>\n<\/figure>\n\n\n\n<p><span style=\"font-weight: 400;\">Il n&#8217;est pas surprenant que la haute couture soit l&#8217;une des premi\u00e8res choses qui viennent \u00e0 l&#8217;esprit lorsqu&#8217;on \u00e9voque <\/span><a href=\"https:\/\/www.omio.fr\/window-seat\/des-pays\/italie\/milan\/\"><span style=\"font-weight: 400;\">Milan<\/span><\/a><span style=\"font-weight: 400;\">, puisque la capitale de la Lombardie accueille la <\/span><span style=\"font-weight: 400;\">Fashion Week de Milan<\/span><span style=\"font-weight: 400;\"> depuis 1958. Organis\u00e9e deux fois par an, en septembre et en f\u00e9vrier, la Fashion Week est l&#8217;un des \u00e9v\u00e9nements les plus importants du calendrier social des Milanais.<\/span><\/p>\n\n\n\n<figure class=\"wp-block-gallery has-nested-images columns-default is-cropped wp-block-gallery-2 is-layout-flex wp-block-gallery-is-layout-flex\">\n<figure class=\"wp-block-image size-large\"><img loading=\"lazy\" decoding=\"async\" width=\"768\" height=\"1024\" data-id=\"47525\" src=\"https:\/\/www.omio.fr\/window-seat\/wp-content\/uploads\/2023\/02\/gucci-outside-building-milan-768x1024.jpg\" alt=\"Gucci Milan\" class=\"wp-image-47525\" srcset=\"https:\/\/www.omio.fr\/window-seat\/wp-content\/uploads\/2023\/02\/gucci-outside-building-milan-768x1024.jpg 768w, https:\/\/www.omio.fr\/window-seat\/wp-content\/uploads\/2023\/02\/gucci-outside-building-milan-225x300.jpg 225w, https:\/\/www.omio.fr\/window-seat\/wp-content\/uploads\/2023\/02\/gucci-outside-building-milan-1152x1536.jpg 1152w, https:\/\/www.omio.fr\/window-seat\/wp-content\/uploads\/2023\/02\/gucci-outside-building-milan.jpg 1425w\" sizes=\"auto, (max-width: 768px) 100vw, 768px\" \/><figcaption class=\"wp-element-caption\">Dans les rues de Milan, les insignes de marques telles que celles de Prada et Gucci font partie int\u00e9grante de la silhouette de la ville. Cr\u00e9dit : Getty Images\r\n<\/figcaption><\/figure>\n<\/figure>\n\n\n\n<p>Que vous souhaitiez vous cr\u00e9er des souvenirs ou simplement profiter d&#8217;une journ\u00e9e de shopping, une promenade dans le Quadrilatero della Moda (Quadrilat\u00e8re de la mode) est incontournable. Avec ses quatre rues principales (la Via Manzoni, le Corso Venezia, la Via della Spiga et la Via Montenapoleone), vous assisterez \u00e0 un spectacle visuel devant les vitrines \u00e9blouissantes des magasins Gucci, Prada et Moschino, ainsi que des importations fran\u00e7aises que sont C\u00e9line et Chanel. Ici, chaque vitrine est d\u00e9cor\u00e9e avec soin et peut facilement \u00eatre prise pour une \u0153uvre d&#8217;art.\r\n<\/p>\n\n\n\n<p>Pour une exp\u00e9rience plus immersive, rendez-vous dans le b\u00e2timent Armani de la Via Alessandro Manzoni, qui abrite, outre sa boutique, une librairie, un h\u00f4tel cinq \u00e9toiles avec un spa, un caf\u00e9 et un restaurant proposant une riche carte de plats italiens modernes et des options v\u00e9g\u00e9taliennes gourmandes.\r\n<\/p>\n\n\n\n<h3 class=\"wp-block-heading\"><b>Galleria Vittorio Emanuele II<\/b><b>&nbsp;: du shopping sans limites<\/b><\/h3>\n\n\n\n<figure class=\"wp-block-gallery has-nested-images columns-default is-cropped wp-block-gallery-3 is-layout-flex wp-block-gallery-is-layout-flex\">\n<figure class=\"wp-block-image size-large\"><img loading=\"lazy\" decoding=\"async\" width=\"1024\" height=\"683\" data-id=\"47531\" src=\"https:\/\/www.omio.fr\/window-seat\/wp-content\/uploads\/2023\/02\/Galleria-Vittorio-Emanuele-milan_shopping-1024x683.jpg\" alt=\"la somptueuse Galleria Vittorio Emanuele II\" class=\"wp-image-47531\" srcset=\"https:\/\/www.omio.fr\/window-seat\/wp-content\/uploads\/2023\/02\/Galleria-Vittorio-Emanuele-milan_shopping-1024x683.jpg 1024w, https:\/\/www.omio.fr\/window-seat\/wp-content\/uploads\/2023\/02\/Galleria-Vittorio-Emanuele-milan_shopping-300x200.jpg 300w, https:\/\/www.omio.fr\/window-seat\/wp-content\/uploads\/2023\/02\/Galleria-Vittorio-Emanuele-milan_shopping-768x512.jpg 768w, https:\/\/www.omio.fr\/window-seat\/wp-content\/uploads\/2023\/02\/Galleria-Vittorio-Emanuele-milan_shopping-1536x1024.jpg 1536w, https:\/\/www.omio.fr\/window-seat\/wp-content\/uploads\/2023\/02\/Galleria-Vittorio-Emanuele-milan_shopping-1568x1046.jpg 1568w, https:\/\/www.omio.fr\/window-seat\/wp-content\/uploads\/2023\/02\/Galleria-Vittorio-Emanuele-milan_shopping.jpg 1900w\" sizes=\"auto, (max-width: 1024px) 100vw, 1024px\" \/><figcaption class=\"wp-element-caption\">Faire les boutiques ou ne pas faire les boutiques : la somptueuse Galleria Vittorio Emanuele II est mondialement connue pour le l\u00e8che-vitrine. Cr\u00e9dit : Getty Images\r\n<\/figcaption><\/figure>\n<\/figure>\n\n\n\n<p>\u00c0 proximit\u00e9 du Quadrilatero della Moda se trouve la somptueuse Galleria Vittorio Emanuele II, une galerie historique o\u00f9 les articles de luxe c\u00f4toient une architecture d&#8217;une immense beaut\u00e9. Vous y trouverez des sols en mosa\u00efque, de vastes arcades et un d\u00f4me en verre qui couronne le tout. Datant de 1877, cette galerie est la plus ancienne galerie commerciale d&#8217;Italie et abrite des marques italiennes et internationales de prestige telles que Louis Vuitton, Prada, Gucci et bien d&#8217;autres, ainsi que des boutiques de petits cr\u00e9ateurs milanais, des librairies et des restaurants.\r\n<\/p>\n\n\n\n<figure class=\"wp-block-gallery has-nested-images columns-default is-cropped wp-block-gallery-4 is-layout-flex wp-block-gallery-is-layout-flex\">\n<figure class=\"wp-block-image size-large\"><img loading=\"lazy\" decoding=\"async\" width=\"1024\" height=\"643\" data-id=\"47537\" src=\"https:\/\/www.omio.fr\/window-seat\/wp-content\/uploads\/2023\/02\/milan-duomo-cathedral-1024x643.jpg\" alt=\"Duomo di Milano\" class=\"wp-image-47537\" srcset=\"https:\/\/www.omio.fr\/window-seat\/wp-content\/uploads\/2023\/02\/milan-duomo-cathedral-1024x643.jpg 1024w, https:\/\/www.omio.fr\/window-seat\/wp-content\/uploads\/2023\/02\/milan-duomo-cathedral-300x188.jpg 300w, https:\/\/www.omio.fr\/window-seat\/wp-content\/uploads\/2023\/02\/milan-duomo-cathedral-768x482.jpg 768w, https:\/\/www.omio.fr\/window-seat\/wp-content\/uploads\/2023\/02\/milan-duomo-cathedral-1536x964.jpg 1536w, https:\/\/www.omio.fr\/window-seat\/wp-content\/uploads\/2023\/02\/milan-duomo-cathedral-1568x985.jpg 1568w, https:\/\/www.omio.fr\/window-seat\/wp-content\/uploads\/2023\/02\/milan-duomo-cathedral.jpg 1900w\" sizes=\"auto, (max-width: 1024px) 100vw, 1024px\" \/><figcaption class=\"wp-element-caption\">Depuis le Duomo de Milan, terminez votre visite sur le Corso Vittorio Emanuele II en vous promenant dans les plus belles avenues commer\u00e7antes de Milan, en Italie. Cr\u00e9dit : Getty Images\r\n<\/figcaption><\/figure>\n<\/figure>\n\n\n\n<p><span style=\"font-weight: 400;\">Une fois sur place, vous pouvez facilement combiner votre visite de la cath\u00e9drale de <\/span><a href=\"https:\/\/www.omio.fr\/bus\/milan\" target=\"_blank\" rel=\"noreferrer noopener\"><span style=\"font-weight: 400;\">Milan<\/span><\/a> <span style=\"font-weight: 400;\">(Duomo di Milano) avec celle du Teatro alla Scala. Et si vous \u00eates toujours les mains vides, sur le Corso Vittorio Emanuele II, une \u00e9l\u00e9gante rue pi\u00e9tonne reliant la Piazza del Duomo \u00e0 la Piazza San Babila, vous trouverez s\u00fbrement un souvenir ou un v\u00eatement pour vous au d\u00e9tour de boutiques plus abordables.<\/span><\/p>\n\n\n\n<h3 class=\"wp-block-heading\"><b>La Rinascente Milan<\/b><b>&nbsp;: un centre commercial \u00e0 Milan<\/b><\/h3>\n\n\n\n<figure class=\"wp-block-gallery has-nested-images columns-default is-cropped wp-block-gallery-5 is-layout-flex wp-block-gallery-is-layout-flex\">\n<figure class=\"wp-block-image size-large\"><img loading=\"lazy\" decoding=\"async\" width=\"1024\" height=\"683\" data-id=\"47543\" src=\"https:\/\/www.omio.fr\/window-seat\/wp-content\/uploads\/2023\/02\/milan-store-windows-2-1024x683.jpg\" alt=\"Milan\" class=\"wp-image-47543\" srcset=\"https:\/\/www.omio.fr\/window-seat\/wp-content\/uploads\/2023\/02\/milan-store-windows-2-1024x683.jpg 1024w, https:\/\/www.omio.fr\/window-seat\/wp-content\/uploads\/2023\/02\/milan-store-windows-2-300x200.jpg 300w, https:\/\/www.omio.fr\/window-seat\/wp-content\/uploads\/2023\/02\/milan-store-windows-2-768x512.jpg 768w, https:\/\/www.omio.fr\/window-seat\/wp-content\/uploads\/2023\/02\/milan-store-windows-2-1536x1024.jpg 1536w, https:\/\/www.omio.fr\/window-seat\/wp-content\/uploads\/2023\/02\/milan-store-windows-2-1568x1046.jpg 1568w, https:\/\/www.omio.fr\/window-seat\/wp-content\/uploads\/2023\/02\/milan-store-windows-2.jpg 1900w\" sizes=\"auto, (max-width: 1024px) 100vw, 1024px\" \/><figcaption class=\"wp-element-caption\">Les vitrines \u00e9l\u00e9gantes exposant des pi\u00e8ces uniques sont pr\u00e9sentes \u00e0 chaque coin de rue \u00e0 Milan. Cr\u00e9dit : Getty Images\r\n<\/figcaption><\/figure>\n<\/figure>\n\n\n\n<p>De nombreuses personnes passent des heures \u00e0 arpenter les boutiques et les boulevards \u00e0 la recherche de la pi\u00e8ce parfaite, mais si vous manquez de temps, rendez-vous \u00e0 La Rinascente, un vaste centre commercial milanais sous des arcades en pierre situ\u00e9 sur la Piazza del Duomo. Il fait partie du paysage de la c\u00e9l\u00e8bre place depuis plus de 150 ans.\r\n<\/p>\n\n\n\n<p>Avec 10 magasins \u00e0 son actif, La Rinascente offre tout ce dont r\u00eavent les reines et les rois du shopping : des marques de mode de luxe, des boutiques de d\u00e9coration d&#8217;int\u00e9rieur, des kiosques-beaut\u00e9 et m\u00eame des espaces de restauration. Le centre commercial de Milan propose \u00e9galement un service gratuit de personal shopper pour une exp\u00e9rience VIP hors du commun ! Pendant deux heures, vous b\u00e9n\u00e9ficierez de conseils personnalis\u00e9s d&#8217;experts de la mode et d&#8217;une s\u00e9lection de pi\u00e8ces pr\u00e9par\u00e9es en fonction de vos pr\u00e9f\u00e9rences, de la mode \u00e0 la beaut\u00e9 en passant par la d\u00e9coration int\u00e9rieure.\r\n<\/p>\n\n\n\n<figure class=\"wp-block-gallery has-nested-images columns-default is-cropped wp-block-gallery-6 is-layout-flex wp-block-gallery-is-layout-flex\">\n<figure class=\"wp-block-image size-large\"><img loading=\"lazy\" decoding=\"async\" width=\"1024\" height=\"576\" data-id=\"47549\" src=\"https:\/\/www.omio.fr\/window-seat\/wp-content\/uploads\/2023\/02\/obica-mozzarella-bar-milano-duomo-rinascente-2-1024x576.jpg\" alt=\"La Rinascente\" class=\"wp-image-47549\" srcset=\"https:\/\/www.omio.fr\/window-seat\/wp-content\/uploads\/2023\/02\/obica-mozzarella-bar-milano-duomo-rinascente-2-1024x576.jpg 1024w, https:\/\/www.omio.fr\/window-seat\/wp-content\/uploads\/2023\/02\/obica-mozzarella-bar-milano-duomo-rinascente-2-300x169.jpg 300w, https:\/\/www.omio.fr\/window-seat\/wp-content\/uploads\/2023\/02\/obica-mozzarella-bar-milano-duomo-rinascente-2-768x432.jpg 768w, https:\/\/www.omio.fr\/window-seat\/wp-content\/uploads\/2023\/02\/obica-mozzarella-bar-milano-duomo-rinascente-2-1536x864.jpg 1536w, https:\/\/www.omio.fr\/window-seat\/wp-content\/uploads\/2023\/02\/obica-mozzarella-bar-milano-duomo-rinascente-2-1568x882.jpg 1568w, https:\/\/www.omio.fr\/window-seat\/wp-content\/uploads\/2023\/02\/obica-mozzarella-bar-milano-duomo-rinascente-2.jpg 1900w\" sizes=\"auto, (max-width: 1024px) 100vw, 1024px\" \/><figcaption class=\"wp-element-caption\">Apr\u00e8s l&#8217;effort, le r\u00e9confort. Chez Obic\u00e0, sur le toit de La Rinascente, d\u00e9gustez des d\u00e9lices italiens face aux majestueuses fl\u00e8ches du Duomo. Cr\u00e9dit : Obic\u00e0\r\n<\/figcaption><\/figure>\n<\/figure>\n\n\n\n<p>Apr\u00e8s votre s\u00e9ance shopping, faites une pause savoureuse chez Obic\u00e0, un restaurant en rooftop offrant une vue imprenable sur les fl\u00e8ches du Duomo. Connu pour son bar \u00e0 mozzarella, Obic\u00e0 n&#8217;utilise que des ingr\u00e9dients frais d&#8217;origine locale, comme la mozzarella di bufala de la r\u00e9gion de Campanie.\r\n<\/p>\n\n\n\n<h3 class=\"wp-block-heading\"><b>Magasins d&#8217;usine \u00e0 Milan<\/b><b>&nbsp;: la qualit\u00e9 \u00e0 un prix imbattable<\/b><\/h3>\n\n\n\n<p>Si vous adorez la haute couture mais que vous ne voulez pas vous ruiner pour acheter des v\u00eatements de marque, rendez-vous dans l&#8217;un des outlets de Milan. Qu&#8217;il s&#8217;agisse d&#8217;offres de fin de collection ou de pi\u00e8ces tendance, les outlets de Milan n&#8217;ont rien \u00e0 envier aux boutiques de pr\u00eat-\u00e0-porter originales.\r\n<\/p>\n\n\n\n<p>Premier arr\u00eat : Matia, une cha\u00eene de mode locale sp\u00e9cialis\u00e9e dans les collections d&#8217;articles contemporains, qui poss\u00e8de quatre grands magasins \u00e0 Milan (Piazza Carlo Mirabello, Corso Venezia, Eugenio Balzan et Corso Vercelli). Organis\u00e9s avec beaucoup de soin, les points de vente de Matia proposent une s\u00e9lection vari\u00e9e de v\u00eatements et d&#8217;accessoires pour femmes, hommes et enfants, avec un large \u00e9ventail de marques de cr\u00e9ateurs telles que Armani ou Moschino, entre autres.\r\n<\/p>\n\n\n\n<p>Il Salvagente, l&#8217;un des magasins pr\u00e9f\u00e9r\u00e9s des habitants de la ville, est un lieu incontournable pour sa s\u00e9lection de marques, avec un accent particulier sur les cr\u00e9ateurs de mode milanais. En plus de son magasin physique sur la Via Fratelli Bronzetti, la boutique en ligne d&#8217;Il Salvagente offre aux fashionistas une plus grande s\u00e9lection de marques italiennes et internationales.\r\n<\/p>\n\n\n\n<p>Si vous pr\u00e9f\u00e9rez l&#8217;exp\u00e9rience classique du centre commercial, rendez-vous dans l&#8217;un des Fashion City Outlets &#8211; San Giuliano au sud ou Segrate \u00e0 l&#8217;est de Milan. De Carpisa, sp\u00e9cialis\u00e9 dans la maroquinerie, \u00e0 Del Mare 1911, une marque italienne centenaire connue pour ses collections de v\u00eatements pour hommes \u00e9l\u00e9gants et de grande qualit\u00e9, les deux complexes comptent une douzaine de magasins o\u00f9 vous pourrez vous offrir le meilleur du style italien \u00e0 des prix r\u00e9duits.  <\/p>\n\n\n<div id=\"search-widget-overlay\" class=\"search-widget-overlay\">\r\n  <div class=\"search-widget-overlay__form\" data-search-widget-container>\r\n    <div class=\"search-widget-overlay__details\">\r\n      <button class=\"search-widget-overlay__close\" data-search-widget-close>\r\n        \u2715\r\n      <\/button>\r\n      <div class=\"search-widget-overlay__text\">\r\n        Billets pour Milan      <\/div>\r\n    <\/div>\r\n\r\n  <\/div>\r\n<\/div>\r\n\r\n<div class=\"search-widget-cta\">\r\n  <button class=\"search-widget-cta__button\" data-search-widget-cta>\r\n    Billets pour Milan  <\/button>\r\n<\/div>\n\n\n<h3 class=\"wp-block-heading\"><b>Shopping vintage \u00e0 Milan&nbsp;: la haute couture en mode durable<\/b><\/h3>\n\n\n\n<figure class=\"wp-block-gallery has-nested-images columns-default is-cropped wp-block-gallery-7 is-layout-flex wp-block-gallery-is-layout-flex\">\n<figure class=\"wp-block-image size-large\"><img loading=\"lazy\" decoding=\"async\" width=\"1024\" height=\"683\" data-id=\"47555\" src=\"https:\/\/www.omio.fr\/window-seat\/wp-content\/uploads\/2023\/02\/milan-bohemian-Brera-old-stone-1024x683.jpg\" alt=\"le quartier boh\u00e8me de Brera\" class=\"wp-image-47555\" srcset=\"https:\/\/www.omio.fr\/window-seat\/wp-content\/uploads\/2023\/02\/milan-bohemian-Brera-old-stone-1024x683.jpg 1024w, https:\/\/www.omio.fr\/window-seat\/wp-content\/uploads\/2023\/02\/milan-bohemian-Brera-old-stone-300x200.jpg 300w, https:\/\/www.omio.fr\/window-seat\/wp-content\/uploads\/2023\/02\/milan-bohemian-Brera-old-stone-768x512.jpg 768w, https:\/\/www.omio.fr\/window-seat\/wp-content\/uploads\/2023\/02\/milan-bohemian-Brera-old-stone-1536x1024.jpg 1536w, https:\/\/www.omio.fr\/window-seat\/wp-content\/uploads\/2023\/02\/milan-bohemian-Brera-old-stone-1568x1046.jpg 1568w, https:\/\/www.omio.fr\/window-seat\/wp-content\/uploads\/2023\/02\/milan-bohemian-Brera-old-stone.jpg 1900w\" sizes=\"auto, (max-width: 1024px) 100vw, 1024px\" \/><figcaption class=\"wp-element-caption\">Fl\u00e2nez dans le quartier boh\u00e8me de Brera \u00e0 la recherche de perles vintage en tissu. Cr\u00e9dit : Getty Images\r\n<\/figcaption><\/figure>\n<\/figure>\n\n\n\n<p>Si vous souhaitez faire du shopping en coh\u00e9rence avec votre conscience ou si vous aimez tout simplement les v\u00eatements de seconde main, Milan est faite pour vous. Qu&#8217;il s&#8217;agisse de jeunes cr\u00e9ateurs responsables, d&#8217;aficionados de la mode ou de quartiers remplis de boutiques de seconde main, la durabilit\u00e9 a aussi sa place sur la sc\u00e8ne de la mode milanaise.\r\n<\/p>\n\n\n\n<figure class=\"wp-block-gallery has-nested-images columns-default is-cropped wp-block-gallery-8 is-layout-flex wp-block-gallery-is-layout-flex\">\n<figure class=\"wp-block-image size-large\"><img loading=\"lazy\" decoding=\"async\" width=\"1024\" height=\"683\" data-id=\"47561\" src=\"https:\/\/www.omio.fr\/window-seat\/wp-content\/uploads\/2023\/02\/milan-shoping-urzi-2-1024x683.jpg\" alt=\"Urz\u00ec Vintage\" class=\"wp-image-47561\" srcset=\"https:\/\/www.omio.fr\/window-seat\/wp-content\/uploads\/2023\/02\/milan-shoping-urzi-2-1024x683.jpg 1024w, https:\/\/www.omio.fr\/window-seat\/wp-content\/uploads\/2023\/02\/milan-shoping-urzi-2-300x200.jpg 300w, https:\/\/www.omio.fr\/window-seat\/wp-content\/uploads\/2023\/02\/milan-shoping-urzi-2-768x512.jpg 768w, https:\/\/www.omio.fr\/window-seat\/wp-content\/uploads\/2023\/02\/milan-shoping-urzi-2-1536x1024.jpg 1536w, https:\/\/www.omio.fr\/window-seat\/wp-content\/uploads\/2023\/02\/milan-shoping-urzi-2-1568x1046.jpg 1568w, https:\/\/www.omio.fr\/window-seat\/wp-content\/uploads\/2023\/02\/milan-shoping-urzi-2.jpg 1900w\" sizes=\"auto, (max-width: 1024px) 100vw, 1024px\" \/><figcaption class=\"wp-element-caption\">Petite mais remplie de collections pr\u00e9cieuses, la boutique Urz\u00ec Vintage est sp\u00e9cialis\u00e9e dans la mode haute couture des ann\u00e9es 90. Cr\u00e9dit : Urz\u00ec Vintage \r\n<\/figcaption><\/figure>\n<\/figure>\n\n\n\n<p>Dans le quartier de Brera, connu sous le nom de \u00ab Quartier des id\u00e9es \u00bb, la mode vintage se m\u00eale \u00e0 l&#8217;\u00e2me artistique du quartier. Promenez-vous dans des rues historiques remplies de galeries d&#8217;art, de boutiques artisanales et de musiciens. Dans cette ambiance boh\u00e8me, vous trouverez Urz\u00ec Vintage, dont les propri\u00e9taires, Fabio et Lisa, qui sont tomb\u00e9s amoureux l&#8217;un de l&#8217;autre gr\u00e2ce \u00e0 leur amour de l&#8217;art et de la photographie, nourrissent une fascination pour les marques italiennes des ann\u00e9es 1990. \r\n<\/p>\n\n\n\n<p>Ce magasin, petit mais \u00e9l\u00e9gant, propose des sacs et des v\u00eatements en cuir, s\u00e9lectionn\u00e9s et remis \u00e0 neuf avec soin. Pour une exp\u00e9rience plus originale, rendez-vous chez Cavalli e Nastri, un concept store-friperie qui propose des collections plus haut de gamme de marques internationales. Cette institution locale tient un deuxi\u00e8me magasin sur la Via Giangiacomo Mora, une autre rue connue pour la friperie, o\u00f9 les magasins vintage abondent.\r\n<\/p>\n\n\n\n<figure class=\"wp-block-gallery has-nested-images columns-default is-cropped wp-block-gallery-9 is-layout-flex wp-block-gallery-is-layout-flex\">\n<figure class=\"wp-block-image size-large\"><img loading=\"lazy\" decoding=\"async\" width=\"1024\" height=\"681\" data-id=\"47567\" src=\"https:\/\/www.omio.fr\/window-seat\/wp-content\/uploads\/2023\/02\/milan-cavallienastri-vintage-clothing-1024x681.jpg\" alt=\"friperie conceptuelle\" class=\"wp-image-47567\" srcset=\"https:\/\/www.omio.fr\/window-seat\/wp-content\/uploads\/2023\/02\/milan-cavallienastri-vintage-clothing-1024x681.jpg 1024w, https:\/\/www.omio.fr\/window-seat\/wp-content\/uploads\/2023\/02\/milan-cavallienastri-vintage-clothing-300x199.jpg 300w, https:\/\/www.omio.fr\/window-seat\/wp-content\/uploads\/2023\/02\/milan-cavallienastri-vintage-clothing-768x511.jpg 768w, https:\/\/www.omio.fr\/window-seat\/wp-content\/uploads\/2023\/02\/milan-cavallienastri-vintage-clothing-1536x1021.jpg 1536w, https:\/\/www.omio.fr\/window-seat\/wp-content\/uploads\/2023\/02\/milan-cavallienastri-vintage-clothing-1568x1042.jpg 1568w, https:\/\/www.omio.fr\/window-seat\/wp-content\/uploads\/2023\/02\/milan-cavallienastri-vintage-clothing.jpg 1900w\" sizes=\"auto, (max-width: 1024px) 100vw, 1024px\" \/><figcaption class=\"wp-element-caption\">Avez-vous d\u00e9j\u00e0 visit\u00e9 une friperie conceptuelle ? Cavalli e Nastri est un magasin unique en son genre qui propose des pi\u00e8ces haut de gamme de designers internationaux. Cr\u00e9dit : Cavalli e Nastri\r\n<\/figcaption><\/figure>\n<\/figure>\n\n\n\n<p>Le quartier de Navigli est un autre endroit sp\u00e9cial o\u00f9 vous pouvez fl\u00e2ner d&#8217;une friperie \u00e0 l&#8217;autre tout en profitant de l&#8217;ambiance pittoresque le long des canaux. Parmi nos adresses pr\u00e9f\u00e9r\u00e9es : Pourquoi Moi est sp\u00e9cialis\u00e9 dans les collections color\u00e9es des ann\u00e9es 60, 70 et 80. Des motifs psych\u00e9d\u00e9liques et g\u00e9om\u00e9triques aux motifs floraux romantiques, vous voyagerez \u00e0 l&#8217;\u00e8re du flower power. Ne passez pas \u00e0 c\u00f4t\u00e9 de SousVintage, o\u00f9 vous pourrez d\u00e9couvrir des pi\u00e8ces vintage uniques et limit\u00e9es de marques mondialement connues telles que Kenzo, Prada et Yves Saint Laurent.\r\n<\/p>\n\n\n\n<figure class=\"wp-block-gallery has-nested-images columns-default is-cropped wp-block-gallery-10 is-layout-flex wp-block-gallery-is-layout-flex\">\n<figure class=\"wp-block-image size-large\"><img loading=\"lazy\" decoding=\"async\" width=\"1024\" height=\"667\" data-id=\"47573\" src=\"https:\/\/www.omio.fr\/window-seat\/wp-content\/uploads\/2023\/02\/milan-markets-Fiera-di-Sinigaglia-2-1024x667.jpg\" alt=\"Fiera di Sinigaglia\" class=\"wp-image-47573\" srcset=\"https:\/\/www.omio.fr\/window-seat\/wp-content\/uploads\/2023\/02\/milan-markets-Fiera-di-Sinigaglia-2-1024x667.jpg 1024w, https:\/\/www.omio.fr\/window-seat\/wp-content\/uploads\/2023\/02\/milan-markets-Fiera-di-Sinigaglia-2-300x195.jpg 300w, https:\/\/www.omio.fr\/window-seat\/wp-content\/uploads\/2023\/02\/milan-markets-Fiera-di-Sinigaglia-2-768x500.jpg 768w, https:\/\/www.omio.fr\/window-seat\/wp-content\/uploads\/2023\/02\/milan-markets-Fiera-di-Sinigaglia-2-1536x1000.jpg 1536w, https:\/\/www.omio.fr\/window-seat\/wp-content\/uploads\/2023\/02\/milan-markets-Fiera-di-Sinigaglia-2-1568x1021.jpg 1568w, https:\/\/www.omio.fr\/window-seat\/wp-content\/uploads\/2023\/02\/milan-markets-Fiera-di-Sinigaglia-2.jpg 1900w\" sizes=\"auto, (max-width: 1024px) 100vw, 1024px\" \/><figcaption class=\"wp-element-caption\">Marchandez avec style \u00e0 la Fiera di Sinigaglia, le plus ancien march\u00e9 aux puces de Milan ! Cr\u00e9dit : Getty Images\r\n<\/figcaption><\/figure>\n<\/figure>\n\n\n\n<p>Pour une exp\u00e9rience plus authentique \u00e0 Navigli, rendez-vous \u00e0 la Fiera di Sinigaglia, le plus ancien march\u00e9 aux puces de Milan ! Chaque samedi, les vendeurs s&#8217;alignent le long du canal entre la Via Valenza et Alzaia Naviglio Grande. Pr\u00e9parez-vous \u00e0 explorer les collections les plus diverses de tous les temps en fl\u00e2nant le long des \u00e9tals, des antiquit\u00e9s typiquement italiennes aux objets vintage en passant par les v\u00eatements.\r\n<\/p>\n\n\n\n<h3 class=\"wp-block-heading\"><b>La mode milanaise et italienne&nbsp;: un morceau d&#8217;histoire<\/b><\/h3>\n\n\n\n<p>Si vous vous passionnez pour la mode, Milan poss\u00e8de une myriade de mus\u00e9es consacr\u00e9s \u00e0 ce sujet. Ne vous contentez pas de parcourir les magasins de Milan, pr\u00e9parez-vous \u00e0 plonger dans l&#8217;art et l&#8217;industrie qui ont fa\u00e7onn\u00e9 l&#8217;histoire de la ville.\r\n<\/p>\n\n\n\n<figure class=\"wp-block-gallery has-nested-images columns-default is-cropped wp-block-gallery-11 is-layout-flex wp-block-gallery-is-layout-flex\">\n<figure class=\"wp-block-image size-large\"><img loading=\"lazy\" decoding=\"async\" width=\"768\" height=\"1024\" data-id=\"47579\" src=\"https:\/\/www.omio.fr\/window-seat\/wp-content\/uploads\/2023\/02\/armani-store-milan-768x1024.jpg\" alt=\"le mus\u00e9e Armani\/Silos\" class=\"wp-image-47579\" srcset=\"https:\/\/www.omio.fr\/window-seat\/wp-content\/uploads\/2023\/02\/armani-store-milan-768x1024.jpg 768w, https:\/\/www.omio.fr\/window-seat\/wp-content\/uploads\/2023\/02\/armani-store-milan-225x300.jpg 225w, https:\/\/www.omio.fr\/window-seat\/wp-content\/uploads\/2023\/02\/armani-store-milan-1152x1536.jpg 1152w, https:\/\/www.omio.fr\/window-seat\/wp-content\/uploads\/2023\/02\/armani-store-milan.jpg 1425w\" sizes=\"auto, (max-width: 768px) 100vw, 768px\" \/><figcaption class=\"wp-element-caption\">Visite incontournable pour tout amateur de mode, le mus\u00e9e Armani\/Silos pr\u00e9sente des expositions raffin\u00e9es, notamment les anciennes collections de Giorgio Armani, et invite le visiteur \u00e0 d\u00e9couvrir en profondeur la pens\u00e9e cr\u00e9ative du designer. Cr\u00e9dit : Getty Images\r\n<\/figcaption><\/figure>\n<\/figure>\n\n\n\n<p>Le mus\u00e9e Armani\/Silos, situ\u00e9 Via Bergognone, est tr\u00e8s appr\u00e9ci\u00e9 des visiteurs, notamment pour son exposition sur la vie et l&#8217;\u0153uvre de Giorgio Armani. En plus d&#8217;accueillir diff\u00e9rentes expositions d&#8217;art et de photographie tout au long de l&#8217;ann\u00e9e, trois expositions permanentes vous y attendent : \u00ab Androgynous \u00bb, qui met en lumi\u00e8re la fusion de la discr\u00e9tion et de l&#8217;\u00e9l\u00e9gance au service des collections du cr\u00e9ateur, \u00ab Ethnicities \u00bb qui montre l&#8217;influence des pays non occidentaux dans ses cr\u00e9ations, et enfin \u00ab Stars \u00bb, qui pr\u00e9sente une s\u00e9lection de v\u00eatements port\u00e9s par les stars de Hollywood. <\/p>\n\n\n<div id=\"search-widget-overlay\" class=\"search-widget-overlay\">\r\n  <div class=\"search-widget-overlay__form\" data-search-widget-container>\r\n    <div class=\"search-widget-overlay__details\">\r\n      <button class=\"search-widget-overlay__close\" data-search-widget-close>\r\n        \u2715\r\n      <\/button>\r\n      <div class=\"search-widget-overlay__text\">\r\n        Billets pour Milan      <\/div>\r\n    <\/div>\r\n\r\n  <\/div>\r\n<\/div>\r\n\r\n<div class=\"search-widget-cta\">\r\n  <button class=\"search-widget-cta__button\" data-search-widget-cta>\r\n    Billets pour Milan  <\/button>\r\n<\/div>\n\n\n<figure class=\"wp-block-gallery has-nested-images columns-default is-cropped wp-block-gallery-12 is-layout-flex wp-block-gallery-is-layout-flex\">\n<figure class=\"wp-block-image size-large\"><img loading=\"lazy\" decoding=\"async\" width=\"1024\" height=\"1024\" data-id=\"47585\" src=\"https:\/\/www.omio.fr\/window-seat\/wp-content\/uploads\/2023\/02\/Milano-Palazzo_Morando-1024x1024.jpg\" alt=\"Palazzo Morando\" class=\"wp-image-47585\" srcset=\"https:\/\/www.omio.fr\/window-seat\/wp-content\/uploads\/2023\/02\/Milano-Palazzo_Morando-1024x1024.jpg 1024w, https:\/\/www.omio.fr\/window-seat\/wp-content\/uploads\/2023\/02\/Milano-Palazzo_Morando-300x300.jpg 300w, https:\/\/www.omio.fr\/window-seat\/wp-content\/uploads\/2023\/02\/Milano-Palazzo_Morando-150x150.jpg 150w, https:\/\/www.omio.fr\/window-seat\/wp-content\/uploads\/2023\/02\/Milano-Palazzo_Morando-768x768.jpg 768w, https:\/\/www.omio.fr\/window-seat\/wp-content\/uploads\/2023\/02\/Milano-Palazzo_Morando-1536x1536.jpg 1536w, https:\/\/www.omio.fr\/window-seat\/wp-content\/uploads\/2023\/02\/Milano-Palazzo_Morando-1568x1568.jpg 1568w, https:\/\/www.omio.fr\/window-seat\/wp-content\/uploads\/2023\/02\/Milano-Palazzo_Morando.jpg 1900w\" sizes=\"auto, (max-width: 1024px) 100vw, 1024px\" \/><figcaption class=\"wp-element-caption\">Le Palazzo Morando abrite un mus\u00e9e du costume pour un plongeon artistique dans l&#8217;histoire de la mode. Cr\u00e9dit : Getty Images\r\n<\/figcaption><\/figure>\n<\/figure>\n\n\n\n<figure class=\"wp-block-gallery has-nested-images columns-default is-cropped wp-block-gallery-13 is-layout-flex wp-block-gallery-is-layout-flex\">\n<figure class=\"wp-block-image size-large\"><img loading=\"lazy\" decoding=\"async\" width=\"1024\" height=\"683\" data-id=\"47591\" src=\"https:\/\/www.omio.fr\/window-seat\/wp-content\/uploads\/2023\/02\/Palazzo-Morando-Milan-museum-1024x683.jpg\" alt=\"Palazzo Morando Museum\" class=\"wp-image-47591\" srcset=\"https:\/\/www.omio.fr\/window-seat\/wp-content\/uploads\/2023\/02\/Palazzo-Morando-Milan-museum-1024x683.jpg 1024w, https:\/\/www.omio.fr\/window-seat\/wp-content\/uploads\/2023\/02\/Palazzo-Morando-Milan-museum-300x200.jpg 300w, https:\/\/www.omio.fr\/window-seat\/wp-content\/uploads\/2023\/02\/Palazzo-Morando-Milan-museum-768x512.jpg 768w, https:\/\/www.omio.fr\/window-seat\/wp-content\/uploads\/2023\/02\/Palazzo-Morando-Milan-museum-1536x1024.jpg 1536w, https:\/\/www.omio.fr\/window-seat\/wp-content\/uploads\/2023\/02\/Palazzo-Morando-Milan-museum-1568x1046.jpg 1568w, https:\/\/www.omio.fr\/window-seat\/wp-content\/uploads\/2023\/02\/Palazzo-Morando-Milan-museum.jpg 1900w\" sizes=\"auto, (max-width: 1024px) 100vw, 1024px\" \/><figcaption class=\"wp-element-caption\">Remontez jusqu&#8217;au XVIIe si\u00e8cle pour d\u00e9couvrir le pass\u00e9 singulier de la mode au mus\u00e9e Palazzo Morando. Cr\u00e9dit : Getty Images\r\n<\/figcaption><\/figure>\n<\/figure>\n\n\n\n<p>Pour un voyage plus immersif dans le temps, le Palazzo Morando abrite un mus\u00e9e de la mode et du costume au premier \u00e9tage, avec une collection en constante \u00e9volution de mod\u00e8les du XVIIe au XXIe si\u00e8cle.\r\n<\/p>\n","protected":false},"excerpt":{"rendered":"<p>Ah, Milan&nbsp;! \u00c9l\u00e9gante et artistique, la capitale italienne du design et de la mode m\u00e9rite sa r\u00e9putation mondiale. Apr\u00e8s tout, certains des plus grands cr\u00e9ateurs de mode de l&#8217;histoire y ont \u00e9lu domicile, qu&#8217;il s&#8217;agisse de Miuccia Prada ou de Gianni Versace en passant par Giorgio Armani. Depuis les ann\u00e9es 1950, la m\u00e9tropole italienne est&hellip; <a class=\"more-link\" href=\"https:\/\/www.omio.fr\/window-seat\/fr\/culture-lifestyle-fr\/activites\/shopping-a-milan-la-capitale-de-la-mode-en-italie-omio\/\">Continue reading <span class=\"screen-reader-text\">Shopping \u00e0 Milan, la capitale de la mode en Italie<\/span><\/a><\/p>\n","protected":false},"author":10,"featured_media":47515,"comment_status":"open","ping_status":"open","sticky":false,"template":"","format":"standard","meta":{"_acf_changed":false,"inline_featured_image":false,"footnotes":""},"categories":[1995],"tags":[],"position_ids":[],"class_list":["post-47604","post","type-post","status-publish","format-standard","has-post-thumbnail","hentry","category-activites","entry"],"acf":[],"yoast_head":"<!-- This site is optimized with the Yoast SEO plugin v24.9 - https:\/\/yoast.com\/wordpress\/plugins\/seo\/ -->\n<title>Shopping \u00e0 Milan, la capitale de la mode en Italie | Omio<\/title>\n<meta name=\"description\" content=\"Du Quadrilatero della Moda aux friperies vintage, voici votre guide ultime de la Fashion Week 2023 de Milan.\" \/>\n<meta name=\"robots\" content=\"index, follow, max-snippet:-1, max-image-preview:large, max-video-preview:-1\" \/>\n<link rel=\"canonical\" href=\"https:\/\/www.omio.fr\/window-seat\/culture-lifestyle-fr\/activites\/shopping-a-milan-la-capitale-de-la-mode-en-italie-omio\/\" \/>\n<meta property=\"og:locale\" content=\"en_US\" \/>\n<meta property=\"og:type\" content=\"article\" \/>\n<meta property=\"og:title\" content=\"Shopping \u00e0 Milan, la capitale de la mode en Italie | Omio\" \/>\n<meta property=\"og:description\" content=\"Du Quadrilatero della Moda aux friperies vintage, voici votre guide ultime de la Fashion Week 2023 de Milan.\" \/>\n<meta property=\"og:url\" content=\"https:\/\/www.omio.fr\/window-seat\/fr\/culture-lifestyle-fr\/activites\/shopping-a-milan-la-capitale-de-la-mode-en-italie-omio\/\" \/>\n<meta property=\"og:site_name\" content=\"The Window Seat\" \/>\n<meta property=\"article:published_time\" content=\"2023-02-09T13:13:17+00:00\" \/>\n<meta property=\"article:modified_time\" content=\"2023-02-09T15:03:38+00:00\" \/>\n<meta property=\"og:image\" content=\"https:\/\/www.omio.fr\/window-seat\/wp-content\/uploads\/2023\/02\/milan-sky-birds-cityplaza-2-1024x683.jpg\" \/>\n\t<meta property=\"og:image:width\" content=\"1024\" \/>\n\t<meta property=\"og:image:height\" content=\"683\" \/>\n\t<meta property=\"og:image:type\" content=\"image\/jpeg\" \/>\n<meta name=\"author\" content=\"Melek Carkaci\" \/>\n<meta name=\"twitter:card\" content=\"summary_large_image\" \/>\n<meta name=\"twitter:label1\" content=\"Written by\" \/>\n\t<meta name=\"twitter:data1\" content=\"Melek Carkaci\" \/>\n\t<meta name=\"twitter:label2\" content=\"Est. reading time\" \/>\n\t<meta name=\"twitter:data2\" content=\"11 minutes\" \/>\n<script type=\"application\/ld+json\" class=\"yoast-schema-graph\">{\"@context\":\"https:\/\/schema.org\",\"@graph\":[{\"@type\":\"WebPage\",\"@id\":\"https:\/\/www.omio.fr\/window-seat\/fr\/culture-lifestyle-fr\/activites\/shopping-a-milan-la-capitale-de-la-mode-en-italie-omio\/\",\"url\":\"https:\/\/www.omio.fr\/window-seat\/fr\/culture-lifestyle-fr\/activites\/shopping-a-milan-la-capitale-de-la-mode-en-italie-omio\/\",\"name\":\"Shopping \u00e0 Milan, la capitale de la mode en Italie | Omio\",\"isPartOf\":{\"@id\":\"https:\/\/www.omio.fr\/window-seat\/#website\"},\"primaryImageOfPage\":{\"@id\":\"https:\/\/www.omio.fr\/window-seat\/fr\/culture-lifestyle-fr\/activites\/shopping-a-milan-la-capitale-de-la-mode-en-italie-omio\/#primaryimage\"},\"image\":{\"@id\":\"https:\/\/www.omio.fr\/window-seat\/fr\/culture-lifestyle-fr\/activites\/shopping-a-milan-la-capitale-de-la-mode-en-italie-omio\/#primaryimage\"},\"thumbnailUrl\":\"https:\/\/www.omio.fr\/window-seat\/wp-content\/uploads\/2023\/02\/milan-sky-birds-cityplaza-2.jpg\",\"datePublished\":\"2023-02-09T13:13:17+00:00\",\"dateModified\":\"2023-02-09T15:03:38+00:00\",\"author\":{\"@id\":\"https:\/\/www.omio.fr\/window-seat\/#\/schema\/person\/aa26f7149b7e0fcab9c1c8c5713fd830\"},\"description\":\"Du Quadrilatero della Moda aux friperies vintage, voici votre guide ultime de la Fashion Week 2023 de Milan.\",\"breadcrumb\":{\"@id\":\"https:\/\/www.omio.fr\/window-seat\/fr\/culture-lifestyle-fr\/activites\/shopping-a-milan-la-capitale-de-la-mode-en-italie-omio\/#breadcrumb\"},\"inLanguage\":\"en-US\",\"potentialAction\":[{\"@type\":\"ReadAction\",\"target\":[\"https:\/\/www.omio.fr\/window-seat\/fr\/culture-lifestyle-fr\/activites\/shopping-a-milan-la-capitale-de-la-mode-en-italie-omio\/\"]}]},{\"@type\":\"ImageObject\",\"inLanguage\":\"en-US\",\"@id\":\"https:\/\/www.omio.fr\/window-seat\/fr\/culture-lifestyle-fr\/activites\/shopping-a-milan-la-capitale-de-la-mode-en-italie-omio\/#primaryimage\",\"url\":\"https:\/\/www.omio.fr\/window-seat\/wp-content\/uploads\/2023\/02\/milan-sky-birds-cityplaza-2.jpg\",\"contentUrl\":\"https:\/\/www.omio.fr\/window-seat\/wp-content\/uploads\/2023\/02\/milan-sky-birds-cityplaza-2.jpg\",\"width\":1900,\"height\":1267,\"caption\":\"Milan\u2019s heart beats at the rhythm of fashion. Credit: Getty Images\"},{\"@type\":\"BreadcrumbList\",\"@id\":\"https:\/\/www.omio.fr\/window-seat\/fr\/culture-lifestyle-fr\/activites\/shopping-a-milan-la-capitale-de-la-mode-en-italie-omio\/#breadcrumb\",\"itemListElement\":[{\"@type\":\"ListItem\",\"position\":1,\"name\":\"The Window Seat\",\"item\":\"https:\/\/www.omio.fr\/window-seat\/\"},{\"@type\":\"ListItem\",\"position\":2,\"name\":\"Culture &amp; Lifestyle\",\"item\":\"https:\/\/www.omio.fr\/window-seat\/culture-lifestyle\/\"},{\"@type\":\"ListItem\",\"position\":3,\"name\":\"Activities\",\"item\":\"https:\/\/www.omio.fr\/window-seat\/culture-lifestyle\/activities\/\"},{\"@type\":\"ListItem\",\"position\":4,\"name\":\"Shopping \u00e0 Milan, la capitale de la mode en Italie\"}]},{\"@type\":\"WebSite\",\"@id\":\"https:\/\/www.omio.fr\/window-seat\/#website\",\"url\":\"https:\/\/www.omio.fr\/window-seat\/\",\"name\":\"The Window Seat\",\"description\":\"\",\"potentialAction\":[{\"@type\":\"SearchAction\",\"target\":{\"@type\":\"EntryPoint\",\"urlTemplate\":\"https:\/\/www.omio.fr\/window-seat\/?s={search_term_string}\"},\"query-input\":{\"@type\":\"PropertyValueSpecification\",\"valueRequired\":true,\"valueName\":\"search_term_string\"}}],\"inLanguage\":\"en-US\"},{\"@type\":\"Person\",\"@id\":\"https:\/\/www.omio.fr\/window-seat\/#\/schema\/person\/aa26f7149b7e0fcab9c1c8c5713fd830\",\"name\":\"Melek Carkaci\",\"image\":{\"@type\":\"ImageObject\",\"inLanguage\":\"en-US\",\"@id\":\"https:\/\/www.omio.fr\/window-seat\/#\/schema\/person\/image\/\",\"url\":\"https:\/\/secure.gravatar.com\/avatar\/36a542faaab71cd0c5e28f4ef1b4a47a73c2555729dc68125edeea3f89dbe027?s=96&d=mm&r=g\",\"contentUrl\":\"https:\/\/secure.gravatar.com\/avatar\/36a542faaab71cd0c5e28f4ef1b4a47a73c2555729dc68125edeea3f89dbe027?s=96&d=mm&r=g\",\"caption\":\"Melek Carkaci\"}}]}<\/script>\n<!-- \/ Yoast SEO plugin. -->","yoast_head_json":{"title":"Shopping \u00e0 Milan, la capitale de la mode en Italie | Omio","description":"Du Quadrilatero della Moda aux friperies vintage, voici votre guide ultime de la Fashion Week 2023 de Milan.","robots":{"index":"index","follow":"follow","max-snippet":"max-snippet:-1","max-image-preview":"max-image-preview:large","max-video-preview":"max-video-preview:-1"},"canonical":"https:\/\/www.omio.fr\/window-seat\/culture-lifestyle-fr\/activites\/shopping-a-milan-la-capitale-de-la-mode-en-italie-omio\/","og_locale":"en_US","og_type":"article","og_title":"Shopping \u00e0 Milan, la capitale de la mode en Italie | Omio","og_description":"Du Quadrilatero della Moda aux friperies vintage, voici votre guide ultime de la Fashion Week 2023 de Milan.","og_url":"https:\/\/www.omio.fr\/window-seat\/fr\/culture-lifestyle-fr\/activites\/shopping-a-milan-la-capitale-de-la-mode-en-italie-omio\/","og_site_name":"The Window Seat","article_published_time":"2023-02-09T13:13:17+00:00","article_modified_time":"2023-02-09T15:03:38+00:00","og_image":[{"width":1024,"height":683,"url":"https:\/\/www.omio.fr\/window-seat\/wp-content\/uploads\/2023\/02\/milan-sky-birds-cityplaza-2-1024x683.jpg","type":"image\/jpeg"}],"author":"Melek Carkaci","twitter_card":"summary_large_image","twitter_misc":{"Written by":"Melek Carkaci","Est. reading time":"11 minutes"},"schema":{"@context":"https:\/\/schema.org","@graph":[{"@type":"WebPage","@id":"https:\/\/www.omio.fr\/window-seat\/fr\/culture-lifestyle-fr\/activites\/shopping-a-milan-la-capitale-de-la-mode-en-italie-omio\/","url":"https:\/\/www.omio.fr\/window-seat\/fr\/culture-lifestyle-fr\/activites\/shopping-a-milan-la-capitale-de-la-mode-en-italie-omio\/","name":"Shopping \u00e0 Milan, la capitale de la mode en Italie | Omio","isPartOf":{"@id":"https:\/\/www.omio.fr\/window-seat\/#website"},"primaryImageOfPage":{"@id":"https:\/\/www.omio.fr\/window-seat\/fr\/culture-lifestyle-fr\/activites\/shopping-a-milan-la-capitale-de-la-mode-en-italie-omio\/#primaryimage"},"image":{"@id":"https:\/\/www.omio.fr\/window-seat\/fr\/culture-lifestyle-fr\/activites\/shopping-a-milan-la-capitale-de-la-mode-en-italie-omio\/#primaryimage"},"thumbnailUrl":"https:\/\/www.omio.fr\/window-seat\/wp-content\/uploads\/2023\/02\/milan-sky-birds-cityplaza-2.jpg","datePublished":"2023-02-09T13:13:17+00:00","dateModified":"2023-02-09T15:03:38+00:00","author":{"@id":"https:\/\/www.omio.fr\/window-seat\/#\/schema\/person\/aa26f7149b7e0fcab9c1c8c5713fd830"},"description":"Du Quadrilatero della Moda aux friperies vintage, voici votre guide ultime de la Fashion Week 2023 de Milan.","breadcrumb":{"@id":"https:\/\/www.omio.fr\/window-seat\/fr\/culture-lifestyle-fr\/activites\/shopping-a-milan-la-capitale-de-la-mode-en-italie-omio\/#breadcrumb"},"inLanguage":"en-US","potentialAction":[{"@type":"ReadAction","target":["https:\/\/www.omio.fr\/window-seat\/fr\/culture-lifestyle-fr\/activites\/shopping-a-milan-la-capitale-de-la-mode-en-italie-omio\/"]}]},{"@type":"ImageObject","inLanguage":"en-US","@id":"https:\/\/www.omio.fr\/window-seat\/fr\/culture-lifestyle-fr\/activites\/shopping-a-milan-la-capitale-de-la-mode-en-italie-omio\/#primaryimage","url":"https:\/\/www.omio.fr\/window-seat\/wp-content\/uploads\/2023\/02\/milan-sky-birds-cityplaza-2.jpg","contentUrl":"https:\/\/www.omio.fr\/window-seat\/wp-content\/uploads\/2023\/02\/milan-sky-birds-cityplaza-2.jpg","width":1900,"height":1267,"caption":"Milan\u2019s heart beats at the rhythm of fashion. Credit: Getty Images"},{"@type":"BreadcrumbList","@id":"https:\/\/www.omio.fr\/window-seat\/fr\/culture-lifestyle-fr\/activites\/shopping-a-milan-la-capitale-de-la-mode-en-italie-omio\/#breadcrumb","itemListElement":[{"@type":"ListItem","position":1,"name":"The Window Seat","item":"https:\/\/www.omio.fr\/window-seat\/"},{"@type":"ListItem","position":2,"name":"Culture &amp; Lifestyle","item":"https:\/\/www.omio.fr\/window-seat\/culture-lifestyle\/"},{"@type":"ListItem","position":3,"name":"Activities","item":"https:\/\/www.omio.fr\/window-seat\/culture-lifestyle\/activities\/"},{"@type":"ListItem","position":4,"name":"Shopping \u00e0 Milan, la capitale de la mode en Italie"}]},{"@type":"WebSite","@id":"https:\/\/www.omio.fr\/window-seat\/#website","url":"https:\/\/www.omio.fr\/window-seat\/","name":"The Window Seat","description":"","potentialAction":[{"@type":"SearchAction","target":{"@type":"EntryPoint","urlTemplate":"https:\/\/www.omio.fr\/window-seat\/?s={search_term_string}"},"query-input":{"@type":"PropertyValueSpecification","valueRequired":true,"valueName":"search_term_string"}}],"inLanguage":"en-US"},{"@type":"Person","@id":"https:\/\/www.omio.fr\/window-seat\/#\/schema\/person\/aa26f7149b7e0fcab9c1c8c5713fd830","name":"Melek Carkaci","image":{"@type":"ImageObject","inLanguage":"en-US","@id":"https:\/\/www.omio.fr\/window-seat\/#\/schema\/person\/image\/","url":"https:\/\/secure.gravatar.com\/avatar\/36a542faaab71cd0c5e28f4ef1b4a47a73c2555729dc68125edeea3f89dbe027?s=96&d=mm&r=g","contentUrl":"https:\/\/secure.gravatar.com\/avatar\/36a542faaab71cd0c5e28f4ef1b4a47a73c2555729dc68125edeea3f89dbe027?s=96&d=mm&r=g","caption":"Melek Carkaci"}}]}},"_links":{"self":[{"href":"https:\/\/www.omio.fr\/window-seat\/wp-json\/wp\/v2\/posts\/47604","targetHints":{"allow":["GET"]}}],"collection":[{"href":"https:\/\/www.omio.fr\/window-seat\/wp-json\/wp\/v2\/posts"}],"about":[{"href":"https:\/\/www.omio.fr\/window-seat\/wp-json\/wp\/v2\/types\/post"}],"author":[{"embeddable":true,"href":"https:\/\/www.omio.fr\/window-seat\/wp-json\/wp\/v2\/users\/10"}],"replies":[{"embeddable":true,"href":"https:\/\/www.omio.fr\/window-seat\/wp-json\/wp\/v2\/comments?post=47604"}],"version-history":[{"count":3,"href":"https:\/\/www.omio.fr\/window-seat\/wp-json\/wp\/v2\/posts\/47604\/revisions"}],"predecessor-version":[{"id":47607,"href":"https:\/\/www.omio.fr\/window-seat\/wp-json\/wp\/v2\/posts\/47604\/revisions\/47607"}],"wp:featuredmedia":[{"embeddable":true,"href":"https:\/\/www.omio.fr\/window-seat\/wp-json\/wp\/v2\/media\/47515"}],"wp:attachment":[{"href":"https:\/\/www.omio.fr\/window-seat\/wp-json\/wp\/v2\/media?parent=47604"}],"wp:term":[{"taxonomy":"category","embeddable":true,"href":"https:\/\/www.omio.fr\/window-seat\/wp-json\/wp\/v2\/categories?post=47604"},{"taxonomy":"post_tag","embeddable":true,"href":"https:\/\/www.omio.fr\/window-seat\/wp-json\/wp\/v2\/tags?post=47604"},{"taxonomy":"position_id","embeddable":true,"href":"https:\/\/www.omio.fr\/window-seat\/wp-json\/wp\/v2\/position_ids?post=47604"}],"curies":[{"name":"wp","href":"https:\/\/api.w.org\/{rel}","templated":true}]}}